{"id":213052,"date":"2025-06-29T10:09:09","date_gmt":"2025-06-29T10:09:09","guid":{"rendered":"https:\/\/www.europesays.com\/fr\/213052\/"},"modified":"2025-06-29T10:09:09","modified_gmt":"2025-06-29T10:09:09","slug":"a-saint-etienne-une-petition-pour-le-maintien-de-textor","status":"publish","type":"post","link":"https:\/\/www.europesays.com\/fr\/213052\/","title":{"rendered":"\u00e0 Saint-Etienne, une p\u00e9tition pour le maintien de Textor"},"content":{"rendered":"<p>                            <img width=\"770\" height=\"433\" src=\"https:\/\/www.europesays.com\/fr\/wp-content\/uploads\/2025\/06\/AFP__20250223__36YF9HL__v1__HighRes__FblFraLigue1LyonPsg-770x433.jpg\" class=\"attachment-article size-article wp-post-image\" alt=\"John Textor avec son chapeau de cowboy lors d'OL - PSG\" decoding=\"async\" fetchpriority=\"high\"  \/><\/p>\n<p>John Textor avec son chapeau de cowboy lors d\u2019OL \u2013 PSG (Photo by Olivier CHASSIGNOLE \/ AFP)<\/p>\n<p>Alors que la gronde s\u2019est organis\u00e9e \u00e0 Lyon et que John Textor a conc\u00e9d\u00e9 prendre un peu de recul avec l\u2019OL, \u00e0 Saint-Etienne, une p\u00e9tition a \u00e9t\u00e9 lanc\u00e9e. Les supporters du club voisin demande le maintien de l\u2019Am\u00e9ricain.<\/p>\n<p>Cela ne fera tr\u00e8s certainement pas sourire les supporters de l<strong>\u2019OL<\/strong>. Samedi, ils ont assez bien<a href=\"https:\/\/www.olympique-et-lyonnais.com\/ici-cest-chez-nous-la-gronde-sorganise-a-lol-contre-textor,368184.html\" rel=\"nofollow noopener\" target=\"_blank\"> montr\u00e9 leur col\u00e8re<\/a> envers John <strong>Textor<\/strong> pour accueillir cet humour avec sourire. Surtout quand cette blague vient de l\u2019ennemi jur\u00e9 qu\u2019est <strong>Saint-Etienne<\/strong>. N\u00e9anmoins, dans le contexte compliqu\u00e9 que vit le club lyonnais depuis une semaine, cette rivalit\u00e9 bon enfant montre que l\u2019on peut s\u2019amuser des malheurs des autres, sans pour autant en venir aux mains ou \u00e0 la violence. Samedi, pendant que plusieurs milliers de supporters lyonnais <a href=\"https:\/\/www.olympique-et-lyonnais.com\/ol-2000-a-3000-supporters-rassembles-pour-demander-le-depart-de-textor,368172.html\" rel=\"nofollow noopener\" target=\"_blank\">se rassemblaien<\/a>t \u00e0 D\u00e9cines pour demander le d\u00e9part de John <strong>Textor<\/strong>, les voisins st\u00e9phanois lan\u00e7aient une p\u00e9tition de leurs c\u00f4t\u00e9s.<\/p>\n<p>Seulement 87 signatures<\/p>\n<p>Non pas pour soutenir leurs rivaux, mais bien pour demander le maintien de l\u2019Am\u00e9ricain \u00e0 la t\u00eate du club rhodanien. \u00ab\u00a0John Textor fait un travail formidable : il faut le laisser continuer ! Serrons nous les coudes et encourageons le \u00e0 ne rien l\u00e2cher afin de retrouver les sommets europ\u00e9ens ! Vas y John, continue, acc\u00e9l\u00e8re, tout Rh\u00f4ne Alpes est derri\u00e8re toi !\u00a0\u00bb, peut-on lire en description de cette p\u00e9tition. Elle est encore loin d\u2019avoir un franc succ\u00e8s avec 87 signatures. D\u2019autant plus que John <strong>Textor<\/strong> a annonc\u00e9 son intention de prendre du recul avec l\u2019OL. Au grand regret des supporters st\u00e9phanois.<\/p>\n<p>\t\t\t\t\t<a href=\"https:\/\/www.olympique-et-lyonnais.com\/ol-mercato-tagliafico-vers-la-liga,368197.html\" title=\"OL - Mercato : Tagliafico vers la Liga ?\" rel=\"nofollow noopener\" target=\"_blank\"><img loading=\"lazy\" width=\"580\" height=\"326\" src=\"https:\/\/www.europesays.com\/fr\/wp-content\/uploads\/2025\/06\/AFP__20250111__36TG3B4__v1__HighRes__FblFraLigue1BrestLyon-e1736686444958-580x326.jpg\" class=\"attachment-actularge size-actularge wp-post-image\" alt=\"Nicolas Tagliafico (OL) et Mahdi Camara (Brest)\" decoding=\"async\"  \/>\t\t\t\t\t<\/a><\/p>\n","protected":false},"excerpt":{"rendered":"John Textor avec son chapeau de cowboy lors d\u2019OL \u2013 PSG (Photo by Olivier CHASSIGNOLE \/ AFP) Alors&hellip;\n","protected":false},"author":2,"featured_media":213053,"comment_status":"","ping_status":"","sticky":false,"template":"","format":"standard","meta":{"footnotes":""},"categories":[9653],"tags":[1111,11,2430,1777,674,1011,27,12,241,978,25,4001],"class_list":{"0":"post-213052","1":"post","2":"type-post","3":"status-publish","4":"format-standard","5":"has-post-thumbnail","7":"category-saint-etienne","8":"tag-actu","9":"tag-actualites","10":"tag-auvergne-rhone-alpes","11":"tag-eu","12":"tag-europe","13":"tag-fr","14":"tag-france","15":"tag-news","16":"tag-ol","17":"tag-olympique-lyonnais","18":"tag-republique-francaise","19":"tag-saint-etienne"},"share_on_mastodon":{"url":"https:\/\/pubeurope.com\/@fr\/114766110008394552","error":""},"_links":{"self":[{"href":"https:\/\/www.europesays.com\/fr\/wp-json\/wp\/v2\/posts\/213052","targetHints":{"allow":["GET"]}}],"collection":[{"href":"https:\/\/www.europesays.com\/fr\/wp-json\/wp\/v2\/posts"}],"about":[{"href":"https:\/\/www.europesays.com\/fr\/wp-json\/wp\/v2\/types\/post"}],"author":[{"embeddable":true,"href":"https:\/\/www.europesays.com\/fr\/wp-json\/wp\/v2\/users\/2"}],"replies":[{"embeddable":true,"href":"https:\/\/www.europesays.com\/fr\/wp-json\/wp\/v2\/comments?post=213052"}],"version-history":[{"count":0,"href":"https:\/\/www.europesays.com\/fr\/wp-json\/wp\/v2\/posts\/213052\/revisions"}],"wp:featuredmedia":[{"embeddable":true,"href":"https:\/\/www.europesays.com\/fr\/wp-json\/wp\/v2\/media\/213053"}],"wp:attachment":[{"href":"https:\/\/www.europesays.com\/fr\/wp-json\/wp\/v2\/media?parent=213052"}],"wp:term":[{"taxonomy":"category","embeddable":true,"href":"https:\/\/www.europesays.com\/fr\/wp-json\/wp\/v2\/categories?post=213052"},{"taxonomy":"post_tag","embeddable":true,"href":"https:\/\/www.europesays.com\/fr\/wp-json\/wp\/v2\/tags?post=213052"}],"curies":[{"name":"wp","href":"https:\/\/api.w.org\/{rel}","templated":true}]}}