{"id":213058,"date":"2025-06-29T10:13:10","date_gmt":"2025-06-29T10:13:10","guid":{"rendered":"https:\/\/www.europesays.com\/fr\/213058\/"},"modified":"2025-06-29T10:13:10","modified_gmt":"2025-06-29T10:13:10","slug":"ligne-marseille-toulon-nice-on-a-teste-le-premier-ter-issu-de-louverture-a-la-concurrence-du-rail-en-region-paca","status":"publish","type":"post","link":"https:\/\/www.europesays.com\/fr\/213058\/","title":{"rendered":"Ligne Marseille-Toulon-Nice: on a test\u00e9 le premier TER issu de l\u2019ouverture \u00e0 la concurrence du rail en r\u00e9gion Paca"},"content":{"rendered":"<p>\u00ab\u00a0Le train TER n\u00b0 17467 entre en gare.\u00a0\u00bb Il est 6h40, ce dimanche matin, lorsque la toute premi\u00e8re rame estampill\u00e9e Transdev arrive \u00e0 quai \u00e0 Toulon. Partie de Marseille \u00e0 5h57, elle est attendue \u00e0 Nice \u00e0 8h38. Malgr\u00e9 l\u2019horaire matinal, les passagers sont nombreux dans la rame flambant neuve. \u00ab\u00a0La R\u00e9gion Sud et Transdev vous souhaitent la bienvenue\u00a0\u00bb, lance une voix saccad\u00e9e aux voyageurs qui rejoignent le train.<\/p>\n<p>Parmi eux, Maxandre, habitu\u00e9 du trajet entre Toulon et Nice. \u00ab\u00a0J\u2019esp\u00e8re qu\u2019il y aura moins de retard qu\u2019avant pour ne plus rater de correspondance vers Monaco\u00a0\u00bb, sourit le jeune homme. Moins de retard, c\u2019est l\u2019engagement de l\u2019entreprise. Mais, \u00e0 l\u2019heure ou pas, \u00ab\u00a0un train neuf, c\u2019est toujours cool, parce que les vieux trains Corail\u2026\u00a0\u00bb, lance encore le voyageur.<\/p>\n<p>              <img ci-src=\"https:\/\/www.nicematin.com\/transports\/protec\/DATA_ART_15808535-lyv7CMm3.jpg?vh=0abf65&amp;ci_seal=bcd710db54\" alt=\"\"\/><br \/>\n        Les premiers trains Alstom \u00ab\u00a0Omneo\u00a0\u00bb exploit\u00e9s par Transdev sur la Ligne Marseille &#8211; Toulon &#8211; Nice, issus de l\u2019ouverture \u00e0 la concurrence, circulent depuis ce dimanche 29 juin. <strong>Photo Camille Dodet.<\/strong> <\/p>\n<p>                                Petit effet jusqu\u2019au WC<\/p>\n<p>\u00ab\u00a0Ils \u00e9taient tellement vieux que je les appelais les trains d\u2019Harry Potter!\u00a0\u00bb, rench\u00e9rit Jade, elle aussi mont\u00e9e \u00e0 Toulon, destination Antibes. Professeure de danse, elle emprunte ce TER au moins une fois par semaine. Elle se r\u00e9jouit surtout qu\u2019il y ait davantage de places: \u00ab\u00a0C\u2019est une ligne tr\u00e8s fr\u00e9quent\u00e9e et parfois, il est difficile de trouver \u00e0 s\u2019asseoir.\u00a0\u00bb Alors que les passagers de ce dimanche matin ont pu prendre leurs aises, la jeune femme se demande s\u2019il en sera de m\u00eame un vendredi soir \u00e0 18 heures.<\/p>\n<p>\u00c0 bord, la nouveaut\u00e9 fait dans tous les cas son petit effet. Sur les tablettes des passagers, les gobelets de caf\u00e9, servis \u00e0 la machine, montrent qu\u2019ils ont bien rep\u00e9r\u00e9 ce service. Tout comme la pr\u00e9sence du wifi, accessible juste en acceptant les conditions d\u2019utilisation. Et puis alors que la journ\u00e9e s\u2019annonce caniculaire, la plupart sont ravis de la climatisation des rames.<\/p>\n<p>              <img ci-src=\"https:\/\/www.nicematin.com\/transports\/protec\/DATA_ART_15808530-C2YIRKMn.jpg?vh=f8f9ac&amp;ci_seal=5aae1d9098\" alt=\"\"\/><br \/>\n        Avec le wifi et les diff\u00e9rentes prises mises \u00e0 disposition, plus de difficult\u00e9 de r\u00e9seau ni de charge des appareils \u00e9lectroniques. <strong>Photo Florian Escoffier.<\/strong> <\/p>\n<p>Sauf peut-\u00eatre Sylvie, en route pour assister \u00e0 l\u2019Ironman de Nice\u2026 frigorifi\u00e9e. N\u2019emp\u00eache que pour cette Marseillaise qui, ne se sentant pas en s\u00e9curit\u00e9, avait renonc\u00e9 \u00e0 prendre le TER, le train tout neuf est une agr\u00e9able surprise. Sans doute plus encore lorsqu\u2019elle voit passer des agents de s\u00e9curit\u00e9. \u00ab\u00a0Ce n\u2019est pas qu\u2019aujourd\u2019hui, confie une contr\u00f4leuse souriante: il y en aura deux dans chaque train, tous les jours.\u00a0\u00bb<\/p>\n<p>Jusque dans les toilettes, dont sort Hicham, \u00e9bahi par l\u2019espace accessible aux personnes \u00e0 mobilit\u00e9 r\u00e9duite, les voyageurs de ce premier train Transdev semblent conquis.<\/p>\n<p>Tenir la distance<\/p>\n<p>Pourtant, souligne Philippe, mont\u00e9 en gare de Carnoules, \u00ab\u00a0il faut voir sur le long terme\u00a0\u00bb. Au-del\u00e0 de cette premi\u00e8re journ\u00e9e d\u2019exploitation, le nouvel acteur devra en effet tenir la distance. \u00ab\u00a0Que tout soit parfait alors que \u00e7a d\u00e9marre, c\u2019est normal\u00a0\u00bb, estime cet usager. Certes, satisfait de voir circuler davantage de trains sur la ligne Marseille &#8211; Toulon &#8211; Nice, il remarque: \u00ab\u00a0Quand il y aura des gens sur les voies, un probl\u00e8me \u00e9lectrique ou un bagage oubli\u00e9\u2026 SNCF ou Transdev, \u00e7a ne changera pas grand-chose!\u00a0\u00bb<\/p>\n<p>              <img ci-src=\"https:\/\/www.nicematin.com\/transports\/protec\/DATA_ART_15808529-XMMfipnU.jpg?vh=1348f0&amp;ci_seal=4a79261b57\" alt=\"\"\/><br \/>\n        Parmi les nouveaut\u00e9s, davantage d\u2019espaces d\u00e9di\u00e9s aux v\u00e9los et autres trottinettes. <strong>Photo Florian Escoffier.<\/strong> <\/p>\n<p>Les syndicats de cheminots (CGT, CFDT, FO, Sud Rail), eux, l\u2019assurent: \u00e0 terme, l\u2019ouverture \u00e0 la concurrence et la privatisation du service public ferroviaire seront d\u00e9l\u00e9t\u00e8res pour leurs conditions de travail, mais aussi pour les usagers. Pour preuve, souligne un communiqu\u00e9 intersyndical, \u00ab\u00a0de l\u2019Angleterre \u00e0 la Belgique en passant par l\u2019Allemagne et la Suisse, chacun de ces pays fait marche arri\u00e8re [&#8230;] car les \u00e9checs successifs leur ont permis d\u2019ouvrir les yeux sur ce mod\u00e8le qui n\u2019a pas de sens pour l\u2019int\u00e9r\u00eat g\u00e9n\u00e9ral\u00a0\u00bb.<\/p>\n<p>\u00ab\u00a0Moi, tout ce qui m\u2019int\u00e9resse, reprend Philippe, c\u2019est que mes trajets se d\u00e9roulent dans de bonnes conditions.\u00a0\u00bb Pari gagn\u00e9 pour cette fois, reconna\u00eet-il au moment de descendre du train en gare des Arcs, alors que les haut-parleurs du train diffusent: \u00ab\u00a0La R\u00e9gion Sud et Transdev vous remercient d\u2019avoir voyag\u00e9 \u00e0 bord de ce train Zou!\u00a0\u00bb<\/p>\n","protected":false},"excerpt":{"rendered":"\u00ab\u00a0Le train TER n\u00b0 17467 entre en gare.\u00a0\u00bb Il est 6h40, ce dimanche matin, lorsque la toute premi\u00e8re&hellip;\n","protected":false},"author":2,"featured_media":213059,"comment_status":"","ping_status":"","sticky":false,"template":"","format":"standard","meta":{"footnotes":""},"categories":[9619],"tags":[1111,11,1777,674,332,1011,27,12,882,25,2310,800],"class_list":{"0":"post-213058","1":"post","2":"type-post","3":"status-publish","4":"format-standard","5":"has-post-thumbnail","7":"category-toulon","8":"tag-actu","9":"tag-actualites","10":"tag-eu","11":"tag-europe","12":"tag-faits-de-societe","13":"tag-fr","14":"tag-france","15":"tag-news","16":"tag-provence-alpes-cote-dazur","17":"tag-republique-francaise","18":"tag-toulon","19":"tag-transports"},"share_on_mastodon":{"url":"https:\/\/pubeurope.com\/@fr\/114766125820452082","error":""},"_links":{"self":[{"href":"https:\/\/www.europesays.com\/fr\/wp-json\/wp\/v2\/posts\/213058","targetHints":{"allow":["GET"]}}],"collection":[{"href":"https:\/\/www.europesays.com\/fr\/wp-json\/wp\/v2\/posts"}],"about":[{"href":"https:\/\/www.europesays.com\/fr\/wp-json\/wp\/v2\/types\/post"}],"author":[{"embeddable":true,"href":"https:\/\/www.europesays.com\/fr\/wp-json\/wp\/v2\/users\/2"}],"replies":[{"embeddable":true,"href":"https:\/\/www.europesays.com\/fr\/wp-json\/wp\/v2\/comments?post=213058"}],"version-history":[{"count":0,"href":"https:\/\/www.europesays.com\/fr\/wp-json\/wp\/v2\/posts\/213058\/revisions"}],"wp:featuredmedia":[{"embeddable":true,"href":"https:\/\/www.europesays.com\/fr\/wp-json\/wp\/v2\/media\/213059"}],"wp:attachment":[{"href":"https:\/\/www.europesays.com\/fr\/wp-json\/wp\/v2\/media?parent=213058"}],"wp:term":[{"taxonomy":"category","embeddable":true,"href":"https:\/\/www.europesays.com\/fr\/wp-json\/wp\/v2\/categories?post=213058"},{"taxonomy":"post_tag","embeddable":true,"href":"https:\/\/www.europesays.com\/fr\/wp-json\/wp\/v2\/tags?post=213058"}],"curies":[{"name":"wp","href":"https:\/\/api.w.org\/{rel}","templated":true}]}}