{"id":213062,"date":"2025-06-29T10:16:18","date_gmt":"2025-06-29T10:16:18","guid":{"rendered":"https:\/\/www.europesays.com\/fr\/213062\/"},"modified":"2025-06-29T10:16:18","modified_gmt":"2025-06-29T10:16:18","slug":"galvan-forsythe-wampach-et-monnier-un-dimanche-de-folie","status":"publish","type":"post","link":"https:\/\/www.europesays.com\/fr\/213062\/","title":{"rendered":"Galvan, Forsythe, Wampach et Monnier, un dimanche de folie"},"content":{"rendered":"<p>            Par<br \/>\n        <strong><br \/>\n            <a href=\"https:\/\/actu.fr\/auteur\/g-martin\" title=\"Consulter tous les articles de Gil Martin\" target=\"_blank\" rel=\"noopener\">Gil Martin<\/a><br \/>\n        <\/strong><\/p>\n<p>        Publi\u00e9 le<\/p>\n<p>            29 juin 2025 \u00e0 11h31        <\/p>\n<p>Le premier grand rendez-vous du week-end est pr\u00e9vu ce soir, sous les \u00e9toiles\u00a0: la figure mondiale du flamenco, Israel Galv\u00e1n, sera sur la sc\u00e8ne du th\u00e9\u00e2tre de l\u2019Agora pour sa derni\u00e8re et intrigante cr\u00e9ation, \u00ab\u00a0A new Sketches of Spain\u00a0\u00bb, un hommage du flamenco\u2026 au jazz de Miles Davis\u00a0!<\/p>\n<p class=\" wall-content\">En 1960, le c\u00e9l\u00e8bre trompettiste et son complice jazzmen Gil Evans sortent un album r\u00e9volutionnaire qui va devenir mythique, \u00ab\u00a0Sketches of Spain\u00a0\u00bb. Sur sc\u00e8ne, Israel Galv\u00e1n et le trompettiste Michael Leonhart reprennent les bases de cet album pour tenter une union, assez folle et assez rare du flamenco et du jazz, mais sans doute tout autant r\u00e9volutionnaire\u00a0: \u00ab\u00a0A new Sketches of Spain\u00a0\u00bb.<\/p>\n<p>Le flamenco rencontre le jazz<\/p>\n<p class=\" wall-content\">\u00ab\u00a0Cette pi\u00e8ce audacieuse d\u2019Israel Galv\u00e1n repousse avec sensibilit\u00e9 les limites du jazz et du flamenco pour offrir une \u0153uvre au futur ant\u00e9rieur\u00a0\u00bb, d\u00e9crit Montpellier Danse\u00a0: \u00ab\u00a0Apr\u00e8s A new Sketches of Spain, l\u2019Espagne rentre chez elle dans la splendeur du flamenco \u00e9pur\u00e9 d\u2019Israel Galv\u00e1n. La danse surnaturelle du chor\u00e9graphe dont l\u2019influence, d\u00e8s ses premi\u00e8res pi\u00e8ces, a dynamit\u00e9 les fronti\u00e8res traditionnelles, fusionne ici avec la trompette de Michael Leonhart, autre artiste pass\u00e9 ma\u00eetre dans l\u2019innovation\u00a0\u00bb.<\/p>\n<p>    <a href=\"https:\/\/www.google.com\/maps\/embed?pb=!1m18!1m12!1m3!1d5777.246067679375!2d3.875017575749916!3d43.61438997110402!2m3!1f0!2f0!3f0!3m2!1i1024!2i768!4f13.1!3m3!1m2!1s0x12b6afabce4b9b0d%3A0x36a206d227b5106a!2sAgora!5e0!3m2!1sfr!2sfr!4v1751217911915!5m2!1sfr!2sfr\" title=\"Ouvrie le lien\" target=\"_blank\" rel=\"noopener\">Cliquez ici pour visualiser le contenu<\/a><\/p>\n<p>Galv\u00e1n r\u00e9invente encore le flamenco<\/p>\n<p class=\" wall-content\">Sur sc\u00e8ne, Israel Galv\u00e1n et Michael Leonhart sont accompagn\u00e9s par six musiciens exceptionnels. \u00ab\u00a0L\u2019arrangement et l\u2019orchestration de Michael Leonhart r\u00e9v\u00e8lent clairement le mouvement des rythmes, la puret\u00e9 des m\u00e9lodies, la force des gammes arabes anciennes qui creusent, plient et se tordent dans l\u2019\u00e2me comme un blues andalou\u2026 Cette combinaison unique des violoncelles et de la trompette s\u2019entrem\u00ealant aux sons arabes et \u00e0 ceux des frappes des pieds et des mains du danseur s\u00e9villan, r\u00e9invente l\u2019\u00e9coute et le regard\u2026 On assiste \u00e0 l\u2019\u00e9lan d\u2019un seul corps polyphonique parfaitement in\u00e9dit\u00a0\u00bb.<\/p>\n<p>Vid\u00e9os : en ce moment sur Actu<\/p>\n<p>Israel Galv\u00e1n<br \/>\u00ab\u00a0A new Sketches of Spain\u00a0\u00bb<br \/>Avec le trompettistes Michael Leonhart<br \/>Dim. 29 \/ Lun. 30 juin \u00e0 22h<br \/>Th\u00e9\u00e2tre de l\u2019Agora<\/p>\n<p>\u00ab\u00a0Friends of Forsythe\u00a0\u00bb, une premi\u00e8re en France<br \/>\n    <img   decoding=\"async\" loading=\"lazy\" src=\"https:\/\/www.europesays.com\/fr\/wp-content\/uploads\/2025\/06\/photo-forsythe-960x640.jpg\" alt=\"Ce spectacle est une invitation au voyage chor\u00e9graphique qui  explore les racines de la danse folklorique, du hip hop et du ballet \" width=\"960\" height=\"640\"\/><br \/>\n    Ce spectacle est une invitation au voyage chor\u00e9graphique qui explore les racines de la danse folklorique, du hip hop et du ballet (\u00a9Montpellier Danse)<\/p>\n<p class=\" wall-content\">Friends of Forsythe est le nom choisi par une communaut\u00e9 de danseurs et de chor\u00e9graphes qui entendent c\u00e9l\u00e9brer la diversit\u00e9 des cultures de la danse, son langage profond et la notion d\u2019unit\u00e9. C\u2019est un voyage chor\u00e9graphique, partag\u00e9 avec le public dans une proximit\u00e9 avec les artistes. \u00ab Autant dire un voyage chor\u00e9graphique le temps d\u2019une pi\u00e8ce explorant les racines de la danse folklorique, du hip hop et du ballet \u00bb, d\u00e9crypte Montpellier Danse.<\/p>\n<p class=\" wall-content\">\u00ab Il s\u2019agit, d\u00e8s lors, de mettre en valeur la multiplicit\u00e9 des origines et du langage des interpr\u00e8tes \u00e0 travers leur communication physique sur sc\u00e8ne. Un dialogue que pratique depuis d\u00e9j\u00e0 longtemps William Forsythe. Au final, la chor\u00e9graphie tissera une tapisserie de narrations fortes de cette diversit\u00e9. Une danse \u00e0 partager\u00a0\u00bb.<br \/>Pour cette \u0153uvre seront r\u00e9unis, en hommage \u00e0 William Forsythe, Rauf \u00ab Rubberlegz \u00bb Yasit, Matt Luck, Brigel Gjoka, Julia Weiss et le JA Collective (Aidan Carberry &amp; Jordan Johnson).<\/p>\n<p>Friends of Forsythe<br \/>Pour la premi\u00e8re fois en France<br \/>Dim. 29 juin \u00e0 20h<br \/>Th\u00e9\u00e2tre Jean-Claude Carri\u00e8re \/ Domaine d\u2019O<\/p>\n<p>David Wampach revient avec \u00ab\u00a0Du folie\u00a0\u00bb<br \/>\n    <img   decoding=\"async\" loading=\"lazy\" src=\"https:\/\/www.europesays.com\/fr\/wp-content\/uploads\/2025\/06\/photo-wampach-960x640.jpg\" alt=\"Approch\u00e9 ici de mani\u00e8re radicalement singuli\u00e8re par Wampach, le mot \" width=\"960\" height=\"640\"\/><br \/>\n    Approch\u00e9 ici de mani\u00e8re radicalement singuli\u00e8re par Wampach, le mot \u00ab\u00a0folie\u00a0\u00bb r\u00e9v\u00e8le toute sa polys\u00e9mie, et toute sa s\u00e8ve \u00e9mancipatrice et anticonformiste (\u00a9Montpellier Danse)<\/p>\n<p class=\" wall-content\">Apr\u00e8s le duo ALGERIA ALEGRIA, pr\u00e9sent\u00e9 \u00e0 Montpellier Danse en 2023, David Wampach revient pour d\u00e9voiler sa nouvelle cr\u00e9ation, au titre subtilement intrigant : DU FOLIE. Cette pi\u00e8ce de l\u2019inclassable chor\u00e9graphe fran\u00e7ais aborde la folie au masculin pour d\u00e9centrer la perception et instiller d\u2019embl\u00e9e un trouble dans le genre (et le jeu). De quelle r\u00e9alit\u00e9 parlons-nous ? O\u00f9 se situe la fronti\u00e8re entre la raison et la d\u00e9raison ? Vers quoi allons-nous ? Tels sont les principaux questionnements qui sous-tendent la pi\u00e8ce.<\/p>\n<p>Trois interpr\u00e8tes, trois corps<\/p>\n<p class=\" wall-content\">Approch\u00e9 ici de mani\u00e8re radicalement singuli\u00e8re, le mot \u00ab folie \u00bb r\u00e9v\u00e8le toute sa polys\u00e9mie, et toute sa s\u00e8ve \u00e9mancipatrice et anticonformiste. Chacun avec ses sp\u00e9cificit\u00e9s propres, trois interpr\u00e8tes d\u2019\u00e2ges et de corps diff\u00e9rents \u2013Zakary Bairi, Pascal Landrau et David Wampach\u2013 s\u2019unissent pour g\u00e9n\u00e9rer une forme de \u00ab danse \u00e0 l\u2019envers \u00bb, faite de gestes, de rires, d\u2019impr\u00e9vus, de bruits et de musiques. Ensemble, ils s\u2019emploient \u00e0 (d\u00e9)construire un monde autre, en rupture avec celui dans lequel nous vivons. Une tentative aussi \u00e9tonnante qu\u2019exaltante.<\/p>\n<p>David Wampach<br \/>\u00ab\u00a0DU folie\u00a0\u00bb<br \/>Dim. 29 \/ Lun. 30 juin \u00e0 18h<br \/>Hangar Th\u00e9\u00e2tre<\/p>\n<p>Avec \u00ab\u00a0Territoires\u00a0\u00bb, Mathilde Monnier en son jardin<br \/>\n    <img   decoding=\"async\" loading=\"lazy\" src=\"https:\/\/www.europesays.com\/fr\/wp-content\/uploads\/2025\/06\/photo-monnier-960x640.jpg\" alt=\"Dans \" width=\"960\" height=\"640\"\/><br \/>\n    Dans \u00ab\u00a0Territoires\u00a0\u00bb, une quinzaine d\u2019interpr\u00e8tes s\u2019approprie de tr\u00e8s nombreux extraits du r\u00e9pertoire de Mathilde Monnier (\u00a9dr)<\/p>\n<p class=\" wall-content\">Investissant les espaces de l\u2019Agora, o\u00f9 la plupart de ses pi\u00e8ces ont \u00e9t\u00e9 cr\u00e9\u00e9es lors du Festival Montpellier Danse, Mathilde Monnier revient avec une cr\u00e9ation, \u00ab\u00a0Territoires\u00a0\u00bb, fruit d\u2019un travail sur la m\u00e9moire et la circulation des gestes, con\u00e7u comme \u00ab\u2009une collection de 30 ans de gestes \u00bb issus de ses \u0153uvres pr\u00e9c\u00e9dentes\u2026 De \u00ab\u00a0Pour Antigone\u00a0\u00bb (1994) \u00e0 aujourd\u2019hui, la chor\u00e9graphe a constitu\u00e9 un corpus chor\u00e9graphique unique dialoguant avec le texte, l\u2019art contemporain, la musique et le documentaire.<\/p>\n<p class=\" wall-content\">Dans cette pi\u00e8ce, une quinzaine de danseurs et danseuses s\u2019approprie de tr\u00e8s nombreux extraits de son r\u00e9pertoire qu\u2019ils jouent en occupant l\u2019espace comme une exposition mus\u00e9ale. \u00ab Et comme au mus\u00e9e, le public est libre de se mouvoir \u00e0 son rythme, d\u2019aller et de revenir sur ses pas pour d\u00e9couvrir dans l\u2019ordre qui lui plaira ces s\u00e9quences dans\u00e9es et rassembl\u00e9es en une sorte d\u2019anthologie \u00e9parse \u00bb, explique Montpellier Danse : \u00ab Les interpr\u00e8tes partagent le m\u00eame espace que les spectateurs-visiteurs, et tous font jouer leur propre m\u00e9moire<\/p>\n<p>Mathilde Monnier<br \/>\u00ab\u00a0Territoires\u00a0\u00bb<br \/>29 juin \u00e0 19h et 21h<br \/>Agora, cit\u00e9 internationale de la danse<\/p>\n<p>.<\/p>\n<p class=\" wall-content\">Suivez toute l\u2019actualit\u00e9 de vos villes et m\u00e9dias favoris en vous inscrivant \u00e0 <a href=\"https:\/\/moncompte.actu.fr\" title=\"D\u00e9couvez Mon Actu\" rel=\"nofollow noopener\" data-trk=\"{&quot;cta&quot;:{&quot;action&quot;:&quot;https:\\\/\\\/moncompte.actu.fr&quot;,&quot;category&quot;:&quot;mon compte&quot;,&quot;from&quot;:&quot;article footer&quot;,&quot;name&quot;:&quot;Mon actu&quot;,&quot;type&quot;:&quot;cta&quot;}}\" target=\"_blank\">Mon Actu<\/a>.<\/p>\n","protected":false},"excerpt":{"rendered":"Par Gil Martin Publi\u00e9 le 29 juin 2025 \u00e0 11h31 Le premier grand rendez-vous du week-end est pr\u00e9vu&hellip;\n","protected":false},"author":2,"featured_media":213063,"comment_status":"","ping_status":"","sticky":false,"template":"","format":"standard","meta":{"footnotes":""},"categories":[9599],"tags":[1111,11,5972,1777,674,1011,27,1652,2208,12,2680,25],"class_list":{"0":"post-213062","1":"post","2":"type-post","3":"status-publish","4":"format-standard","5":"has-post-thumbnail","7":"category-montpellier","8":"tag-actu","9":"tag-actualites","10":"tag-danse","11":"tag-eu","12":"tag-europe","13":"tag-fr","14":"tag-france","15":"tag-loisirs-culture","16":"tag-montpellier","17":"tag-news","18":"tag-occitanie","19":"tag-republique-francaise"},"share_on_mastodon":{"url":"https:\/\/pubeurope.com\/@fr\/114766137576222961","error":""},"_links":{"self":[{"href":"https:\/\/www.europesays.com\/fr\/wp-json\/wp\/v2\/posts\/213062","targetHints":{"allow":["GET"]}}],"collection":[{"href":"https:\/\/www.europesays.com\/fr\/wp-json\/wp\/v2\/posts"}],"about":[{"href":"https:\/\/www.europesays.com\/fr\/wp-json\/wp\/v2\/types\/post"}],"author":[{"embeddable":true,"href":"https:\/\/www.europesays.com\/fr\/wp-json\/wp\/v2\/users\/2"}],"replies":[{"embeddable":true,"href":"https:\/\/www.europesays.com\/fr\/wp-json\/wp\/v2\/comments?post=213062"}],"version-history":[{"count":0,"href":"https:\/\/www.europesays.com\/fr\/wp-json\/wp\/v2\/posts\/213062\/revisions"}],"wp:featuredmedia":[{"embeddable":true,"href":"https:\/\/www.europesays.com\/fr\/wp-json\/wp\/v2\/media\/213063"}],"wp:attachment":[{"href":"https:\/\/www.europesays.com\/fr\/wp-json\/wp\/v2\/media?parent=213062"}],"wp:term":[{"taxonomy":"category","embeddable":true,"href":"https:\/\/www.europesays.com\/fr\/wp-json\/wp\/v2\/categories?post=213062"},{"taxonomy":"post_tag","embeddable":true,"href":"https:\/\/www.europesays.com\/fr\/wp-json\/wp\/v2\/tags?post=213062"}],"curies":[{"name":"wp","href":"https:\/\/api.w.org\/{rel}","templated":true}]}}