{"id":213064,"date":"2025-06-29T10:18:06","date_gmt":"2025-06-29T10:18:06","guid":{"rendered":"https:\/\/www.europesays.com\/fr\/213064\/"},"modified":"2025-06-29T10:18:06","modified_gmt":"2025-06-29T10:18:06","slug":"a-rouen-le-maire-insulte-apres-le-don-de-tickets-de-metro-gratuits-pour-les-exiles-liberation","status":"publish","type":"post","link":"https:\/\/www.europesays.com\/fr\/213064\/","title":{"rendered":"A Rouen, le maire insult\u00e9 apr\u00e8s le don de tickets de m\u00e9tro gratuits pour les exil\u00e9s \u2013 Lib\u00e9ration"},"content":{"rendered":"<p class=\"sc-ksZaOG ehjQrN text-element\">Quand 62 000 passagers utilisent chaque jour le tramway de Rouen, le don de 12 500 tickets \u00e0 usage unique par la m\u00e9tropole aurait pu passer inaper\u00e7u. Mais la d\u00e9cision de la mairie normande d\u2019offrir ces titres de transport aux associations d\u2019aide aux exil\u00e9s et \u00e0 <a href=\"https:\/\/www.liberation.fr\/societe\/immigration\/immigration-plus-dexpulsions-mais-aussi-plus-de-regularisations-en-2024-20250204_XENJKAXT2JCLHKGXUFVAEGIPVI\/\" target=\"_blank\" rel=\"nofollow noopener\">l\u2019Office fran\u00e7ais de l\u2019immigration (Ofii)<\/a> ne pla\u00eet pas \u00e0 tout le monde. Le maire socialiste, Nicolas Mayer-Rossignol, \u00e9galement pr\u00e9sident de la m\u00e9tropole, a partag\u00e9 mercredi 12 f\u00e9vrier sur ses r\u00e9seaux sociaux des messages de haines re\u00e7us en r\u00e9action \u00e0 cette initiative.<\/p>\n<\/p>\n<p class=\"sc-ksZaOG ehjQrN text-element\">\u00abVa niquer ta grand-m\u00e8re \u00e0 offrir des tickets de bus pour des clandestins qui n\u2019ont rien \u00e0 faire en France encore moins en Normandie\u00bb, peut-on lire sur la capture d\u2019\u00e9cran d\u2019une conversation sur Instagram publi\u00e9e par le socialiste. \u00abSombre merde tu d\u00e9go\u00fbte pense au Rouennais qui peuvent pas circuler librement avant de pens\u00e9 au \u00e9trangers\u00bb (sic) \u00e9crit encore l\u2019auteur des messages re\u00e7us par l\u2019\u00e9lu normand que ce dernier a d\u00e9crit comme \u00abhaineux et vulgaires\u00bb.<\/p>\n<p class=\"sc-ksZaOG ehjQrN text-element\">Contact\u00e9 par Lib\u00e9ration, l\u2019entourage de Nicolas Mayer-Rossignol a confirm\u00e9 que <a href=\"https:\/\/www.liberation.fr\/politique\/le-conflit-entre-olivier-faure-et-nicolas-mayer-rossignol-senlise-le-ps-en-crise-20230125_SU7IR6XF2RHRHFNTZ7ETOA4RYQ\/\" target=\"_blank\" rel=\"nofollow noopener\">le num\u00e9ro 2 du PS<\/a> a signal\u00e9 ces messages racistes au procureur. \u00abL\u2019anonymat confortable et facile des r\u00e9seaux sociaux n\u2019excuse pas tout\u00bb, a affirm\u00e9 le maire de Rouen sur ses r\u00e9seaux sociaux. Fin janvier, ce dernier avait d\u00e9j\u00e0 suscit\u00e9 des r\u00e9actions x\u00e9nophobes en ligne lorsqu\u2019il avait <a href=\"https:\/\/www.liberation.fr\/societe\/immigration\/liri-jeune-kosovare-menacee-dexpulsion-soutenue-par-une-affiche-sur-la-mairie-de-rouen-20250204_A56CGQUO7NFSZC73SIDBZMBC3I\/\" target=\"_blank\" rel=\"nofollow noopener\">soutenu publiquement Liri, une jeune Kosovare menac\u00e9e d\u2019expulsion.<\/a><\/p>\n<p class=\"sc-ksZaOG ehjQrN text-element\">La distribution de ces tickets avait \u00e9t\u00e9 valid\u00e9e par le conseil m\u00e9tropolitain, lundi 3 f\u00e9vrier, pour aider les \u00e9trangers primo-arrivants dans leurs d\u00e9marches administratives. D\u2019apr\u00e8s la M\u00e9tropole Rouen Normandie, ces personnes \u00abpeuvent voyager gratuitement [\u2026] d\u00e8s qu\u2019elles ont ouvert leurs droits, notamment l\u2019inscription \u00e0 France Travail. En revanche, elles doivent dans un premier temps effectuer les d\u00e9marches leur permettant d\u2019ouvrir leurs droits sociaux sans avoir de ressources\u00bb.<\/p>\n<p class=\"sc-ksZaOG ehjQrN text-element\">Une t\u00e2che que les associations ou l\u2019Office fran\u00e7ais de l\u2019immigration et de l\u2019int\u00e9gration accompagnent en prenant en charge le co\u00fbt des tickets de transports \u00e0 Rouen. Mais une \u00abgrande partie de ces structures travaillent exclusivement avec des b\u00e9n\u00e9voles et vivent des dons\u00bb, c\u2019est pourquoi Nicolas Mayer-Rossignol avait d\u00e9cid\u00e9 de les d\u00e9charger de cette d\u00e9pense. Une d\u00e9cision chiffr\u00e9e \u00e0 9 120 euros qui semble anodine pour la m\u00e9tropole, dont le budget primitif pour 2025 s\u2019\u00e9levait \u00e0 plus de 1 milliard d\u2019euros.<\/p>\n<p class=\"sc-ksZaOG ehjQrN text-element\">Apr\u00e8s la publication de ces insultes, le maire de la capitale normande a re\u00e7u de nombreux t\u00e9moignages de soutien de la part de citoyens mais aussi d\u2019\u00e9lus socialistes. La pr\u00e9sidente de la r\u00e9gion Occitanie, Carole Delga, s\u2019est \u00e9lev\u00e9e contre \u00abl\u2019ignominie et [\u2026] la l\u00e2chet\u00e9 de ces insultes\u00bb, tout comme le maire de Cherbourg, Beno\u00eet Arriv\u00e9. Le d\u00e9put\u00e9 PS et candidat \u00e0 la candidature \u00e0 la mairie de Paris, Emmanuel Gr\u00e9goire, a, lui, d\u00e9plor\u00e9 qu\u2019\u00e0 Rouen \u00abcomme partout dans le pays, en ligne comme sur le terrain, les \u00e9lu\u00b7es de la R\u00e9publique sont insult\u00e9s, menac\u00e9s, parfois jusqu\u2019\u00e0 subir des violences physiques\u00bb.<\/p>\n","protected":false},"excerpt":{"rendered":"Quand 62 000 passagers utilisent chaque jour le tramway de Rouen, le don de 12 500 tickets \u00e0&hellip;\n","protected":false},"author":2,"featured_media":213065,"comment_status":"","ping_status":"","sticky":false,"template":"","format":"standard","meta":{"footnotes":""},"categories":[9587],"tags":[1111,11,1777,674,1011,27,35286,12,13268,5161,429,25,938,9590],"class_list":{"0":"post-213064","1":"post","2":"type-post","3":"status-publish","4":"format-standard","5":"has-post-thumbnail","7":"category-rouen","8":"tag-actu","9":"tag-actualites","10":"tag-eu","11":"tag-europe","12":"tag-fr","13":"tag-france","14":"tag-migrants-files","15":"tag-news","16":"tag-nicolas-mayer-rossignol","17":"tag-normandie","18":"tag-ps","19":"tag-republique-francaise","20":"tag-reseaux-sociaux","21":"tag-rouen"},"share_on_mastodon":{"url":"https:\/\/pubeurope.com\/@fr\/114766145340563368","error":""},"_links":{"self":[{"href":"https:\/\/www.europesays.com\/fr\/wp-json\/wp\/v2\/posts\/213064","targetHints":{"allow":["GET"]}}],"collection":[{"href":"https:\/\/www.europesays.com\/fr\/wp-json\/wp\/v2\/posts"}],"about":[{"href":"https:\/\/www.europesays.com\/fr\/wp-json\/wp\/v2\/types\/post"}],"author":[{"embeddable":true,"href":"https:\/\/www.europesays.com\/fr\/wp-json\/wp\/v2\/users\/2"}],"replies":[{"embeddable":true,"href":"https:\/\/www.europesays.com\/fr\/wp-json\/wp\/v2\/comments?post=213064"}],"version-history":[{"count":0,"href":"https:\/\/www.europesays.com\/fr\/wp-json\/wp\/v2\/posts\/213064\/revisions"}],"wp:featuredmedia":[{"embeddable":true,"href":"https:\/\/www.europesays.com\/fr\/wp-json\/wp\/v2\/media\/213065"}],"wp:attachment":[{"href":"https:\/\/www.europesays.com\/fr\/wp-json\/wp\/v2\/media?parent=213064"}],"wp:term":[{"taxonomy":"category","embeddable":true,"href":"https:\/\/www.europesays.com\/fr\/wp-json\/wp\/v2\/categories?post=213064"},{"taxonomy":"post_tag","embeddable":true,"href":"https:\/\/www.europesays.com\/fr\/wp-json\/wp\/v2\/tags?post=213064"}],"curies":[{"name":"wp","href":"https:\/\/api.w.org\/{rel}","templated":true}]}}