{"id":213066,"date":"2025-06-29T10:21:11","date_gmt":"2025-06-29T10:21:11","guid":{"rendered":"https:\/\/www.europesays.com\/fr\/213066\/"},"modified":"2025-06-29T10:21:11","modified_gmt":"2025-06-29T10:21:11","slug":"le-bassin-de-la-villeneuve-va-etre-vidange","status":"publish","type":"post","link":"https:\/\/www.europesays.com\/fr\/213066\/","title":{"rendered":"le bassin de la Villeneuve va \u00eatre vidang\u00e9"},"content":{"rendered":"<p>Samedi 28 juin, la\u00a0Ville de Grenoble, via un communiqu\u00e9, <a href=\"https:\/\/www.ledauphine.com\/environnement\/2025\/06\/28\/suspicion-de-contamination-du-bassin-de-la-villeneuve-la-ville-appelle-a-la-plus-grande-vigilance\" target=\"_blank\" rel=\"nofollow noopener\">r\u00e9v\u00e9lait que<\/a> \u201cdes \u00e9l\u00e9ments laissent pr\u00e9sumer une contamination du bassin du parc Jean-Verlhac \u00e0 la Villeneuve par des cyanobact\u00e9ries\u201d. Ce bassin est formellement interdit \u00e0 la baignade, mais face aux fortes chaleurs, la Ville rappelait \u201cles risques sanitaires potentiels, tant pour les personnes que pour les animaux\u201d.<\/p>\n<p>Ce dimanche, c&rsquo;est via les r\u00e9seaux sociaux que la Ville a averti que le bassin serait vidang\u00e9 \u201cpour un nettoyage complet\u201d. \u201cDans un souci de pr\u00e9vention et de transparence, la Ville de Grenoble a saisi la Pr\u00e9fecture de l\u2019Is\u00e8re ainsi que l\u2019Agence R\u00e9gionale de Sant\u00e9 (ARS)\u201d, poursuit le communiqu\u00e9.<\/p>\n<p>Le bassin sera ensuite remis en eau en d\u00e9but de semaine, mais la baignade sera pour autant toujours prohib\u00e9e.<\/p>\n<p>Ce contenu est bloqu\u00e9 car vous n&rsquo;avez pas accept\u00e9 les cookies et autres traceurs.<\/p>\n<p>En cliquant sur \u00ab J\u2019accepte \u00bb, les cookies et autres traceurs seront d\u00e9pos\u00e9s et vous pourrez visualiser les contenus  (<a href=\"\" class=\"consentModule_policy\" target=\"_blank\" title=\"Consulter la politique de protection des donn\u00e9es du fournisseur\">plus d&rsquo;informations<\/a>).<\/p>\n<p>En cliquant sur \u00ab J\u2019accepte tous les cookies \u00bb, vous autorisez des d\u00e9p\u00f4ts de cookies et autres traceurs pour le stockage de vos donn\u00e9es sur nos sites et applications \u00e0 des fins de personnalisation et de ciblage publicitaire.<\/p>\n<p class=\"consentModule_secondaryText\">Vous gardez la possibilit\u00e9 de retirer votre consentement \u00e0 tout moment en consultant notre <a href=\"https:\/\/www.ledauphine.com\/protection-des-donnees\" target=\"_blank\" title=\"Consulter notre politique de protection des donn\u00e9es\" rel=\"nofollow noopener\">politique de protection des donn\u00e9es<\/a>. <br \/>&#13;<br \/>\n            <a href=\"https:\/\/www.ledauphine.com\/environnement\/2025\/06\/29\/javascript:Didomi.notice.show()\" class=\"consentModule_cmp\" rel=\"nofollow noopener\" target=\"_blank\">G\u00e9rer mes choix<\/a>&#13;\n        <\/p>\n<p>&#13;<br \/>\n                        J&rsquo;accepte&#13;<br \/>\n            J&rsquo;accepte tous les cookies&#13;\n        <\/p>\n","protected":false},"excerpt":{"rendered":"Samedi 28 juin, la\u00a0Ville de Grenoble, via un communiqu\u00e9, r\u00e9v\u00e9lait que \u201cdes \u00e9l\u00e9ments laissent pr\u00e9sumer une contamination du&hellip;\n","protected":false},"author":2,"featured_media":213067,"comment_status":"","ping_status":"","sticky":false,"template":"","format":"standard","meta":{"footnotes":""},"categories":[9566],"tags":[1111,11,2430,6698,112,436,1777,674,1011,27,2731,2732,108,12,1800,25],"class_list":{"0":"post-213066","1":"post","2":"type-post","3":"status-publish","4":"format-standard","5":"has-post-thumbnail","7":"category-grenoble","8":"tag-actu","9":"tag-actualites","10":"tag-auvergne-rhone-alpes","11":"tag-canicule","12":"tag-edition-grenoble-agglomeration","13":"tag-environnement","14":"tag-eu","15":"tag-europe","16":"tag-fr","17":"tag-france","18":"tag-grenoble","19":"tag-grenoble-bassin","20":"tag-isere","21":"tag-news","22":"tag-pollution","23":"tag-republique-francaise"},"share_on_mastodon":{"url":"https:\/\/pubeurope.com\/@fr\/114766157153300797","error":""},"_links":{"self":[{"href":"https:\/\/www.europesays.com\/fr\/wp-json\/wp\/v2\/posts\/213066","targetHints":{"allow":["GET"]}}],"collection":[{"href":"https:\/\/www.europesays.com\/fr\/wp-json\/wp\/v2\/posts"}],"about":[{"href":"https:\/\/www.europesays.com\/fr\/wp-json\/wp\/v2\/types\/post"}],"author":[{"embeddable":true,"href":"https:\/\/www.europesays.com\/fr\/wp-json\/wp\/v2\/users\/2"}],"replies":[{"embeddable":true,"href":"https:\/\/www.europesays.com\/fr\/wp-json\/wp\/v2\/comments?post=213066"}],"version-history":[{"count":0,"href":"https:\/\/www.europesays.com\/fr\/wp-json\/wp\/v2\/posts\/213066\/revisions"}],"wp:featuredmedia":[{"embeddable":true,"href":"https:\/\/www.europesays.com\/fr\/wp-json\/wp\/v2\/media\/213067"}],"wp:attachment":[{"href":"https:\/\/www.europesays.com\/fr\/wp-json\/wp\/v2\/media?parent=213066"}],"wp:term":[{"taxonomy":"category","embeddable":true,"href":"https:\/\/www.europesays.com\/fr\/wp-json\/wp\/v2\/categories?post=213066"},{"taxonomy":"post_tag","embeddable":true,"href":"https:\/\/www.europesays.com\/fr\/wp-json\/wp\/v2\/tags?post=213066"}],"curies":[{"name":"wp","href":"https:\/\/api.w.org\/{rel}","templated":true}]}}