{"id":213074,"date":"2025-06-29T10:26:11","date_gmt":"2025-06-29T10:26:11","guid":{"rendered":"https:\/\/www.europesays.com\/fr\/213074\/"},"modified":"2025-06-29T10:26:11","modified_gmt":"2025-06-29T10:26:11","slug":"strasbourg-pres-de-200-personnes-manifestent-contre-la-loi-duplomb","status":"publish","type":"post","link":"https:\/\/www.europesays.com\/fr\/213074\/","title":{"rendered":"Strasbourg. Pr\u00e8s de 200 personnes manifestent contre la loi Duplomb"},"content":{"rendered":"<p>\u00c0 la veille de l\u2019examen de la <a href=\"https:\/\/www.dna.fr\/economie\/2025\/05\/26\/on-a-ete-assez-patient-devant-l-assemblee-les-agriculteurs-ont-fait-pression-pour-la-loi-agricole\" target=\"_blank\" rel=\"nofollow noopener\">loi Duplomb<\/a> par les d\u00e9put\u00e9s et les s\u00e9nateurs, pr\u00e8s de 200 personnes se sont rassembl\u00e9es place de la R\u00e9publique <a href=\"https:\/\/www.dna.fr\/economie\/2025\/06\/28\/rassemblements-contre-la-loi-duplomb-a-strasbourg-et-a-colmar\" target=\"_blank\" rel=\"nofollow noopener\">\u00e0 l\u2019appel de l\u2019Unaf, d\u2019Alsace Nature et de la LPO<\/a> , ce dimanche 29\u00a0juin. \u00ab\u00a0C\u2019est une loi qui privil\u00e9gie le business au d\u00e9triment de la sant\u00e9.\u00a0Un texte qui soi-disant l\u00e8ve les contraintes pour les agriculteurs mais qui en r\u00e9alit\u00e9 privil\u00e9gie les pesticides au d\u00e9triment de l\u2019environnement\u00a0\u00bb, plaide Martine Marchal d\u2019Alsace Nature. Pour ses d\u00e9tracteurs, le texte favorise \u00e9galement la \u00ab\u00a0disparition des zones humides et de l\u2019agriculture paysanne, au profit de la cr\u00e9ation de m\u00e9gabassines\u00a0\u00bb.<\/p>\n<p>\u00ab\u00a0Aujourd\u2019hui on perd 30\u00a0% de nos ruches dans le Bas-Rhin pour des raisons multifactorielles, dont les pesticides\u00a0\u00bb, d\u00e9nonce Isabelle Mey, pr\u00e9sidente de la f\u00e9d\u00e9ration des syndicats des apiculteurs du Bas-Rhin. Une minute de silence a \u00e9t\u00e9 observ\u00e9e en hommage aux \u00ab\u00a0personnes malade ou victime des n\u00e9onicotino\u00efdes\u00a0\u00bb.<\/p>\n","protected":false},"excerpt":{"rendered":"\u00c0 la veille de l\u2019examen de la loi Duplomb par les d\u00e9put\u00e9s et les s\u00e9nateurs, pr\u00e8s de 200&hellip;\n","protected":false},"author":2,"featured_media":213075,"comment_status":"","ping_status":"","sticky":false,"template":"","format":"standard","meta":{"footnotes":""},"categories":[2820],"tags":[1111,11,2389,2649,2880,436,1777,674,274,107,1011,27,775,12,25,640,2879],"class_list":{"0":"post-213074","1":"post","2":"type-post","3":"status-publish","4":"format-standard","5":"has-post-thumbnail","7":"category-strasbourg","8":"tag-actu","9":"tag-actualites","10":"tag-alsace","11":"tag-bas-rhin","12":"tag-edition-strasbourg","13":"tag-environnement","14":"tag-eu","15":"tag-europe","16":"tag-faits-divers-justice","17":"tag-fil-info","18":"tag-fr","19":"tag-france","20":"tag-grand-est","21":"tag-news","22":"tag-republique-francaise","23":"tag-strasbourg","24":"tag-strasbourg-ville"},"share_on_mastodon":{"url":"https:\/\/pubeurope.com\/@fr\/114766176799781195","error":""},"_links":{"self":[{"href":"https:\/\/www.europesays.com\/fr\/wp-json\/wp\/v2\/posts\/213074","targetHints":{"allow":["GET"]}}],"collection":[{"href":"https:\/\/www.europesays.com\/fr\/wp-json\/wp\/v2\/posts"}],"about":[{"href":"https:\/\/www.europesays.com\/fr\/wp-json\/wp\/v2\/types\/post"}],"author":[{"embeddable":true,"href":"https:\/\/www.europesays.com\/fr\/wp-json\/wp\/v2\/users\/2"}],"replies":[{"embeddable":true,"href":"https:\/\/www.europesays.com\/fr\/wp-json\/wp\/v2\/comments?post=213074"}],"version-history":[{"count":0,"href":"https:\/\/www.europesays.com\/fr\/wp-json\/wp\/v2\/posts\/213074\/revisions"}],"wp:featuredmedia":[{"embeddable":true,"href":"https:\/\/www.europesays.com\/fr\/wp-json\/wp\/v2\/media\/213075"}],"wp:attachment":[{"href":"https:\/\/www.europesays.com\/fr\/wp-json\/wp\/v2\/media?parent=213074"}],"wp:term":[{"taxonomy":"category","embeddable":true,"href":"https:\/\/www.europesays.com\/fr\/wp-json\/wp\/v2\/categories?post=213074"},{"taxonomy":"post_tag","embeddable":true,"href":"https:\/\/www.europesays.com\/fr\/wp-json\/wp\/v2\/tags?post=213074"}],"curies":[{"name":"wp","href":"https:\/\/api.w.org\/{rel}","templated":true}]}}