{"id":213079,"date":"2025-06-29T10:29:09","date_gmt":"2025-06-29T10:29:09","guid":{"rendered":"https:\/\/www.europesays.com\/fr\/213079\/"},"modified":"2025-06-29T10:29:09","modified_gmt":"2025-06-29T10:29:09","slug":"sur-lile-de-nantes-une-soiree-roller-disco-organisee-dans-ce-restaurant","status":"publish","type":"post","link":"https:\/\/www.europesays.com\/fr\/213079\/","title":{"rendered":"Sur l&rsquo;\u00eele de Nantes, une soir\u00e9e Roller Disco organis\u00e9e dans ce restaurant"},"content":{"rendered":"<p>            Par<br \/>\n        <strong><br \/>\n            <a href=\"https:\/\/actu.fr\/auteur\/clemence-pays02-actu-fr\" title=\"Consulter tous les articles de Cl\u00e9mence Pays\" target=\"_blank\" rel=\"noopener\">Cl\u00e9mence Pays<\/a><br \/>\n        <\/strong><\/p>\n<p>        Publi\u00e9 le<\/p>\n<p>            29 juin 2025 \u00e0 12h08        <\/p>\n<p>L\u2019esprit des 70\u2019s va s\u2019emparer de Nantes, le temps d\u2019une journ\u00e9e. Samedi 5\u00a0juillet 2025, <strong>le Magmaa<\/strong> va transformer sa terrasse couverte en <strong>piste de danse sur roulettes.<\/strong><\/p>\n<p class=\" wall-content\">Cette <strong>Roller Disco,<\/strong> organis\u00e9e en collaboration avec Roller Dance Squad, se d\u00e9roulera <strong>de 17\u2009h \u00e0 23\u2009h.<\/strong> Le foodhall a \u00e9galement fait appel \u00e0 un DJ pour un <strong>set \u00ab\u2009disco-funk\u2009\u00bb<\/strong> qui permettra aux participants de glisser \u00ab\u2009dans une ambiance festive et r\u00e9tro\u2009\u00bb.<\/p>\n<p class=\" wall-content\"><a href=\"https:\/\/www.instagram.com\/p\/C84wecAMxSd\/embed\" title=\"Ouvrir le lien sur Instagram\" target=\"_blank\" rel=\"noopener\">Visualiser le contenu sur Instagram<\/a><\/p>\n<p>Une s\u00e9ance pour les enfants<\/p>\n<p class=\" wall-content\">L\u2019animation est <strong>\u00ab\u2009ouverte \u00e0 tous les niveaux\u2009\u00bb,<\/strong> pr\u00e9cise le Magmaa. Toutefois, une session \u00ab\u2009sp\u00e9ciale kids\u2009\u00bb est organis\u00e9e de 17\u2009h \u00e0 18\u2009h pour les <strong>enfants de moins de 6\u00a0ans.<\/strong><\/p>\n<blockquote class=\"ac-article-quote wall-content\">\n<p>Pass\u00e9 cet horaire, seuls les enfants de plus de 6 ans pourront acc\u00e9der \u00e0 la piste.<\/p>\n<p>    <strong>Magmaa Foodhall<\/strong>\n            <\/p><\/blockquote>\n<p class=\" wall-content\">Des patins seront disponibles \u00e0 la location (gratuite) sur place, pour les pointures allant<strong> du 23 au 47.<\/strong> \u00ab\u2009Pour des raisons d\u2019hygi\u00e8ne, n\u2019oubliez pas d\u2019apporter une paire de <strong>chaussettes\u2009\u00bb,<\/strong> pr\u00e9vient le restaurant.<\/p>\n<p class=\" wall-content\">\u00c0 partir de 18\u2009h, la piste est strictement r\u00e9serv\u00e9e aux patineurs. Les pi\u00e9tons et accompagnants ne seront plus autoris\u00e9s \u00ab\u2009pour garantir la s\u00e9curit\u00e9 de tous\u2009\u00bb.<\/p>\n<p>Vid\u00e9os : en ce moment sur Actu<\/p>\n<p class=\" wall-content\">La fermeture du pr\u00eat de patins est pr\u00e9vue \u00e0 22\u2009h\u200945 et l\u2019\u00e9vacuation de la piste \u00e0 <strong>23\u2009h.<\/strong><\/p>\n<p>Restaurants et maquillage<\/p>\n<p class=\" wall-content\">En plus de la piste de roller et du DJ set, un <strong>stand de maquillage paillet\u00e9<\/strong> prendra place dans le foodhall.<\/p>\n<p class=\" wall-content\">Pour se sustenter, les <strong>neuf restaurants<\/strong> du Magmaa seront ouverts.<\/p>\n<p><strong>Infos pratiques\u2009:<\/strong><br \/>Samedi 5\u00a0juillet 2025, de 17\u2009h \u00e0 23\u2009h, Roller Disco au Magmaa Foodhall, 15 rue La Noue Bras de Fer, Nantes. Entr\u00e9e gratuite.<\/p>\n<p class=\" wall-content\">Suivez toute l\u2019actualit\u00e9 de vos villes et m\u00e9dias favoris en vous inscrivant \u00e0 <a href=\"https:\/\/moncompte.actu.fr\" title=\"D\u00e9couvez Mon Actu\" rel=\"nofollow noopener\" data-trk=\"{&quot;cta&quot;:{&quot;action&quot;:&quot;https:\\\/\\\/moncompte.actu.fr&quot;,&quot;category&quot;:&quot;mon compte&quot;,&quot;from&quot;:&quot;article footer&quot;,&quot;name&quot;:&quot;Mon actu&quot;,&quot;type&quot;:&quot;cta&quot;}}\" target=\"_blank\">Mon Actu<\/a>.<\/p>\n<p>                    <script async src=\"\/\/www.instagram.com\/embed.js\"><\/script><\/p>\n","protected":false},"excerpt":{"rendered":"Par Cl\u00e9mence Pays Publi\u00e9 le 29 juin 2025 \u00e0 12h08 L\u2019esprit des 70\u2019s va s\u2019emparer de Nantes, le&hellip;\n","protected":false},"author":2,"featured_media":213080,"comment_status":"","ping_status":"","sticky":false,"template":"","format":"standard","meta":{"footnotes":""},"categories":[2818],"tags":[1111,11,9782,1777,674,1011,27,1652,766,12,2636,25],"class_list":{"0":"post-213079","1":"post","2":"type-post","3":"status-publish","4":"format-standard","5":"has-post-thumbnail","7":"category-nantes","8":"tag-actu","9":"tag-actualites","10":"tag-dans-les-bars","11":"tag-eu","12":"tag-europe","13":"tag-fr","14":"tag-france","15":"tag-loisirs-culture","16":"tag-nantes","17":"tag-news","18":"tag-pays-de-la-loire","19":"tag-republique-francaise"},"share_on_mastodon":{"url":"https:\/\/pubeurope.com\/@fr\/114766188658797180","error":""},"_links":{"self":[{"href":"https:\/\/www.europesays.com\/fr\/wp-json\/wp\/v2\/posts\/213079","targetHints":{"allow":["GET"]}}],"collection":[{"href":"https:\/\/www.europesays.com\/fr\/wp-json\/wp\/v2\/posts"}],"about":[{"href":"https:\/\/www.europesays.com\/fr\/wp-json\/wp\/v2\/types\/post"}],"author":[{"embeddable":true,"href":"https:\/\/www.europesays.com\/fr\/wp-json\/wp\/v2\/users\/2"}],"replies":[{"embeddable":true,"href":"https:\/\/www.europesays.com\/fr\/wp-json\/wp\/v2\/comments?post=213079"}],"version-history":[{"count":0,"href":"https:\/\/www.europesays.com\/fr\/wp-json\/wp\/v2\/posts\/213079\/revisions"}],"wp:featuredmedia":[{"embeddable":true,"href":"https:\/\/www.europesays.com\/fr\/wp-json\/wp\/v2\/media\/213080"}],"wp:attachment":[{"href":"https:\/\/www.europesays.com\/fr\/wp-json\/wp\/v2\/media?parent=213079"}],"wp:term":[{"taxonomy":"category","embeddable":true,"href":"https:\/\/www.europesays.com\/fr\/wp-json\/wp\/v2\/categories?post=213079"},{"taxonomy":"post_tag","embeddable":true,"href":"https:\/\/www.europesays.com\/fr\/wp-json\/wp\/v2\/tags?post=213079"}],"curies":[{"name":"wp","href":"https:\/\/api.w.org\/{rel}","templated":true}]}}