{"id":213100,"date":"2025-06-29T10:43:12","date_gmt":"2025-06-29T10:43:12","guid":{"rendered":"https:\/\/www.europesays.com\/fr\/213100\/"},"modified":"2025-06-29T10:43:12","modified_gmt":"2025-06-29T10:43:12","slug":"un-vol-air-france-parti-de-paris-emet-un-signal-durgence-et-atterrit-en-suede-apres-une-trajectoire-etrange","status":"publish","type":"post","link":"https:\/\/www.europesays.com\/fr\/213100\/","title":{"rendered":"Un vol Air France parti de Paris \u00e9met un signal d&rsquo;urgence et atterrit en Su\u00e8de apr\u00e8s \u00ab\u00a0une trajectoire \u00e9trange\u00a0\u00bb"},"content":{"rendered":"<p>            Par<br \/>\n        <strong><br \/>\n            <a href=\"https:\/\/actu.fr\/auteur\/julie-bossart-actu-fr\" title=\"Consulter tous les articles de Julie Bossart\" target=\"_blank\" rel=\"noopener\">Julie Bossart<\/a><br \/>\n        <\/strong><\/p>\n<p>        Publi\u00e9 le<\/p>\n<p>            29 juin 2025 \u00e0 10h32        <\/p>\n<p>Parti de l\u2019<a href=\"https:\/\/actu.fr\/tag\/aeroport-de-roissy\" target=\"_blank\" rel=\"noopener\">a\u00e9roport Roissy-Charles-de-Gaulle<\/a>, samedi 28\u00a0juin 2025 \u00e0 21h24, un vol <a href=\"https:\/\/actu.fr\/tag\/air-france\" target=\"_blank\" rel=\"noopener\">Air France<\/a> a \u00e9mis un signal d\u2019urgence alors qu\u2019il approchait de sa destination, l\u2019a\u00e9roport de Stockholm-Arlanda, en Su\u00e8de, a signal\u00e9 Flightradar24.<\/p>\n<p>Code 7700<\/p>\n<p class=\" wall-content\">Une information reprise par la presse sp\u00e9cialis\u00e9e, comme <a href=\"https:\/\/airlive.net\/emergency\/2025\/06\/28\/air-france-af1462-parked-on-remote-stand-after-declaring-an-emergency-on-approach-to-stockholm\/\" target=\"_blank\" rel=\"noopener\">Airlive<\/a>, qui pr\u00e9cise que le vol AF1462, op\u00e9r\u00e9 par un Airbus A220-300, a \u00e9mis le code 7700, utilis\u00e9 dans des situations de \u00ab\u2009d\u00e9tresse, urgence et interception\u2009\u00bb du vol, \u00e0 23h02. Il commen\u00e7ait alors son approche vers l\u2019a\u00e9roport su\u00e9dois.<\/p>\n<p class=\" wall-content\">\n<p class=\" wall-content\">Airlive indique que l\u2019Airbus a suivi une trajectoire de vol \u00e9trange jusqu\u2019\u00e0 la piste 01L, probablement prioritaire alors que la piste 26 \u00e9tait active pour les atterrissages.<\/p>\n<p class=\" wall-content\">D\u2019apr\u00e8s les donn\u00e9es du site <a href=\"https:\/\/www.planespotters.net\/airframe\/airbus-a220-300-f-hzur-air-france\/r1pwgg?refresh=1\" target=\"_blank\" rel=\"noopener\">Planespotters.net<\/a>, le F-HZUR est un Airbus A220-300 mis en service il y a moins de trois ans, et a \u00e9t\u00e9 livr\u00e9 \u00e0 Air France en novembre\u00a02022.<\/p>\n<p class=\" wall-content\">Contact\u00e9e, la compagnie nationale n\u2019\u00e9tait pas revenue vers nous \u00e0 l\u2019heure o\u00f9 nous \u00e9crivions ces lignes.<\/p>\n<p>Vid\u00e9os : en ce moment sur Actu<\/p>\n<p class=\" wall-content\">Suivez toute l\u2019actualit\u00e9 de vos villes et m\u00e9dias favoris en vous inscrivant \u00e0 <a href=\"https:\/\/moncompte.actu.fr\" title=\"D\u00e9couvez Mon Actu\" rel=\"nofollow noopener\" data-trk=\"{&quot;cta&quot;:{&quot;action&quot;:&quot;https:\\\/\\\/moncompte.actu.fr&quot;,&quot;category&quot;:&quot;mon compte&quot;,&quot;from&quot;:&quot;article footer&quot;,&quot;name&quot;:&quot;Mon actu&quot;,&quot;type&quot;:&quot;cta&quot;}}\" target=\"_blank\">Mon Actu<\/a>.<\/p>\n<ul class=\"ac-article-tag wall-content\">\n<li><a href=\"https:\/\/actu.fr\/tag\/aeroport-roissy-charles-de-gaulle\" data-trk=\"{&quot;cta&quot;:{&quot;action&quot;:&quot;A\\u00e9roport Roissy-Charles de Gaulle&quot;,&quot;category&quot;:&quot;tag&quot;,&quot;from&quot;:&quot;article footer&quot;,&quot;name&quot;:&quot;A\\u00e9roport Roissy-Charles de Gaulle&quot;,&quot;type&quot;:&quot;cta&quot;}}\" target=\"_blank\" rel=\"noopener\">#A\u00e9roport Roissy-Charles de Gaulle<\/a><\/li>\n<li><a href=\"https:\/\/actu.fr\/tag\/air-france\" data-trk=\"{&quot;cta&quot;:{&quot;action&quot;:&quot;Air France&quot;,&quot;category&quot;:&quot;tag&quot;,&quot;from&quot;:&quot;article footer&quot;,&quot;name&quot;:&quot;Air France&quot;,&quot;type&quot;:&quot;cta&quot;}}\" target=\"_blank\" rel=\"noopener\">#Air France<\/a><\/li>\n<\/ul>\n","protected":false},"excerpt":{"rendered":"Par Julie Bossart Publi\u00e9 le 29 juin 2025 \u00e0 10h32 Parti de l\u2019a\u00e9roport Roissy-Charles-de-Gaulle, samedi 28\u00a0juin 2025 \u00e0&hellip;\n","protected":false},"author":2,"featured_media":213101,"comment_status":"","ping_status":"","sticky":false,"template":"","format":"standard","meta":{"footnotes":""},"categories":[1888],"tags":[1111,1928,11,1927,10045,1816,1777,674,118,1011,27,12,1926,626,1925,25],"class_list":{"0":"post-213100","1":"post","2":"type-post","3":"status-publish","4":"format-standard","5":"has-post-thumbnail","7":"category-paris","8":"tag-actu","9":"tag-actu-paris","10":"tag-actualites","11":"tag-actualites-paris","12":"tag-aeroport-roissy-charles-de-gaulle","13":"tag-air-france","14":"tag-eu","15":"tag-europe","16":"tag-faits-divers","17":"tag-fr","18":"tag-france","19":"tag-news","20":"tag-news-paris","21":"tag-paris","22":"tag-paris-news","23":"tag-republique-francaise"},"share_on_mastodon":{"url":"https:\/\/pubeurope.com\/@fr\/114766243645786641","error":""},"_links":{"self":[{"href":"https:\/\/www.europesays.com\/fr\/wp-json\/wp\/v2\/posts\/213100","targetHints":{"allow":["GET"]}}],"collection":[{"href":"https:\/\/www.europesays.com\/fr\/wp-json\/wp\/v2\/posts"}],"about":[{"href":"https:\/\/www.europesays.com\/fr\/wp-json\/wp\/v2\/types\/post"}],"author":[{"embeddable":true,"href":"https:\/\/www.europesays.com\/fr\/wp-json\/wp\/v2\/users\/2"}],"replies":[{"embeddable":true,"href":"https:\/\/www.europesays.com\/fr\/wp-json\/wp\/v2\/comments?post=213100"}],"version-history":[{"count":0,"href":"https:\/\/www.europesays.com\/fr\/wp-json\/wp\/v2\/posts\/213100\/revisions"}],"wp:featuredmedia":[{"embeddable":true,"href":"https:\/\/www.europesays.com\/fr\/wp-json\/wp\/v2\/media\/213101"}],"wp:attachment":[{"href":"https:\/\/www.europesays.com\/fr\/wp-json\/wp\/v2\/media?parent=213100"}],"wp:term":[{"taxonomy":"category","embeddable":true,"href":"https:\/\/www.europesays.com\/fr\/wp-json\/wp\/v2\/categories?post=213100"},{"taxonomy":"post_tag","embeddable":true,"href":"https:\/\/www.europesays.com\/fr\/wp-json\/wp\/v2\/tags?post=213100"}],"curies":[{"name":"wp","href":"https:\/\/api.w.org\/{rel}","templated":true}]}}