{"id":213108,"date":"2025-06-29T10:47:10","date_gmt":"2025-06-29T10:47:10","guid":{"rendered":"https:\/\/www.europesays.com\/fr\/213108\/"},"modified":"2025-06-29T10:47:10","modified_gmt":"2025-06-29T10:47:10","slug":"en-une-nuit-la-russie-a-tire-une-salve-de-500-projectiles-dans-le-ciel-ukrainien-liberation","status":"publish","type":"post","link":"https:\/\/www.europesays.com\/fr\/213108\/","title":{"rendered":"En une nuit, la Russie a tir\u00e9 une salve de 500 projectiles dans le ciel ukrainien \u2013 Lib\u00e9ration"},"content":{"rendered":"<p class=\"sc-ksZaOG ehjQrN text-element\">La Russie a lanc\u00e9 sur l\u2019Ukraine, dans la nuit de samedi \u00e0 dimanche, une nouvelle attaque a\u00e9rienne. Comme elle le fait <a href=\"https:\/\/www.liberation.fr\/international\/europe\/guerre-en-ukraine-au-moins-sept-morts-dans-des-bombardements-massifs-russes-sur-kyiv-20250623_KZUH4KCAZ5AR5DEA2DI5HDTGKE\/\" target=\"_blank\" rel=\"nofollow noopener\" title=\"https:\/\/www.liberation.fr\/international\/europe\/guerre-en-ukraine-au-moins-sept-morts-dans-des-bombardements-massifs-russes-sur-kyiv-20250623_KZUH4KCAZ5AR5DEA2DI5HDTGKE\/\">presque quotidiennement depuis le d\u00e9but de la guerre<\/a>. Jamais, pourtant, Moscou n\u2019avait envoy\u00e9 autant d\u2019engins tueurs en m\u00eame temps dans le ciel ukrainien. Selon le d\u00e9compte de Kyiv, l\u2019arm\u00e9e russe a l\u00e2ch\u00e9 simultan\u00e9ment 477 drones explosifs Shahed, 4 missiles \u00e0 longue port\u00e9e Kinzhal, 7 missiles \u00e0 moyenne port\u00e9e Iskander, 41 missiles de croisi\u00e8re \u00abKh-101\u00bb, 5 Kalibr et 3 \u00abS-300\u00bb. Une salve in\u00e9dite, destin\u00e9e \u00e0 saturer les capacit\u00e9s de d\u00e9fense anti-a\u00e9riennes ukrainiennes.<\/p>\n<p class=\"sc-ksZaOG ehjQrN text-element\">Celle-ci a pourtant remarquablement bien r\u00e9sist\u00e9. Selon Kyiv, 475 drones et 39 missiles ont \u00e9t\u00e9 intercept\u00e9s, soit 88 % des projectiles tir\u00e9s. Les frappes n\u2019ont fait aucune victime civile. Seules sept personnes, dont un enfant dans la r\u00e9gion de Tcherkassy (centre), ont \u00e9t\u00e9 bless\u00e9es. Toute la nuit, les sir\u00e8nes d\u2019alerte ont retenti dans les villes d\u2019Ukraine. Les frappes ont vis\u00e9 toute l\u2019\u00e9tendue du territoire. Dans la capitale, des milliers d\u2019habitants sont descendus se r\u00e9fugier dans le m\u00e9tro ou dans les abris souterrains. L\u2019arm\u00e9e de l\u2019air ukrainienne a recens\u00e9 au total \u00absix impacts\u00bb de bombes russes.<\/p>\n<p class=\"sc-ksZaOG ehjQrN text-element\">Un pilote de F-16, Maksym Ustymenko, 32 ans, a \u00e9t\u00e9 tu\u00e9 au cours de la nuit alors qu\u2019il participait \u00e0 la d\u00e9fense du ciel ukrainien. Il aurait d\u00e9truit \u00absept cibles ariennes\u00bb avant de s\u2019\u00e9craser, <a href=\"https:\/\/www.liberation.fr\/international\/europe\/volodymyr-zelensky-a-bien-fait-de-venir-a-la-haye-20250625_4TSYLGNJZFGPNHBNZ2M7FFR5KI\/\" target=\"_blank\" rel=\"nofollow noopener\" title=\"https:\/\/www.liberation.fr\/international\/europe\/volodymyr-zelensky-a-bien-fait-de-venir-a-la-haye-20250625_4TSYLGNJZFGPNHBNZ2M7FFR5KI\/\">selon le pr\u00e9sident Volodymyr Zelensky,<\/a> qui lui a rendu hommage dimanche matin sur X. \u00abMoscou ne s\u2019arr\u00eatera pas tant qu\u2019il aura la capacit\u00e9 de lancer des frappes massives. Rien que cette semaine, plus de 114 missiles, plus de 1 270 drones et pr\u00e8s de 1 100 bombes planantes ont \u00e9t\u00e9 lanc\u00e9s, a rappel\u00e9 le chef de l\u2019Etat. L\u2019Ukraine doit renforcer sa d\u00e9fense antia\u00e9rienne \u2013 c\u2019est ce qui prot\u00e8ge le mieux les vies. Il s\u2019agit de syst\u00e8mes am\u00e9ricains, que nous sommes pr\u00eats \u00e0 acheter.\u00bb<\/p>\n<p class=\"sc-ksZaOG ehjQrN text-element\">Dimanche matin, apr\u00e8s cette s\u00e9rie de tirs nocturnes, un homme de 60 ans a \u00e9t\u00e9 tu\u00e9 dans une attaque de drone sur son v\u00e9hicule, dans la r\u00e9gion de Kharkiv (nord-est). Dans cette zone du front, l\u2019arm\u00e9e russe, \u00e0 l\u2019offensive, ne cesse de grignoter du terrain ces derni\u00e8res semaines. <a href=\"https:\/\/www.liberation.fr\/international\/europe\/a-soumy-en-ukraine-langoisse-de-la-proximite-du-front-les-russes-veulent-detruire-la-ville-de-notre-enfance-la-ou-on-puise-notre-force-20250622_BHKT76AFZ5E4FJHFMXAKO7SHH4\/\" target=\"_blank\" rel=\"nofollow noopener\" title=\"https:\/\/www.liberation.fr\/international\/europe\/a-soumy-en-ukraine-langoisse-de-la-proximite-du-front-les-russes-veulent-detruire-la-ville-de-notre-enfance-la-ou-on-puise-notre-force-20250622_BHKT76AFZ5E4FJHFMXAKO7SHH4\/\">Notamment en direction de Soumy,<\/a> o\u00f9 le Kremlin affirme vouloir constituer une \u00abzone tampon\u00bb afin d\u2019emp\u00eacher les forces ukrainiennes de mener de nouvelles offensives en Russie, comme celle men\u00e9e l\u2019\u00e9t\u00e9 dernier dans la province de Koursk.<\/p>\n","protected":false},"excerpt":{"rendered":"La Russie a lanc\u00e9 sur l\u2019Ukraine, dans la nuit de samedi \u00e0 dimanche, une nouvelle attaque a\u00e9rienne. Comme&hellip;\n","protected":false},"author":2,"featured_media":213109,"comment_status":"","ping_status":"","sticky":false,"template":"","format":"standard","meta":{"footnotes":""},"categories":[1591],"tags":[11,1887,12,1885,1886,132,220,297],"class_list":{"0":"post-213108","1":"post","2":"type-post","3":"status-publish","4":"format-standard","5":"has-post-thumbnail","7":"category-russie","8":"tag-actualites","9":"tag-federation-de-russie","10":"tag-news","11":"tag-russia","12":"tag-russian-federation","13":"tag-russie","14":"tag-ukraine","15":"tag-ukraine-la-crise"},"share_on_mastodon":{"url":"https:\/\/pubeurope.com\/@fr\/114766259357578426","error":""},"_links":{"self":[{"href":"https:\/\/www.europesays.com\/fr\/wp-json\/wp\/v2\/posts\/213108","targetHints":{"allow":["GET"]}}],"collection":[{"href":"https:\/\/www.europesays.com\/fr\/wp-json\/wp\/v2\/posts"}],"about":[{"href":"https:\/\/www.europesays.com\/fr\/wp-json\/wp\/v2\/types\/post"}],"author":[{"embeddable":true,"href":"https:\/\/www.europesays.com\/fr\/wp-json\/wp\/v2\/users\/2"}],"replies":[{"embeddable":true,"href":"https:\/\/www.europesays.com\/fr\/wp-json\/wp\/v2\/comments?post=213108"}],"version-history":[{"count":0,"href":"https:\/\/www.europesays.com\/fr\/wp-json\/wp\/v2\/posts\/213108\/revisions"}],"wp:featuredmedia":[{"embeddable":true,"href":"https:\/\/www.europesays.com\/fr\/wp-json\/wp\/v2\/media\/213109"}],"wp:attachment":[{"href":"https:\/\/www.europesays.com\/fr\/wp-json\/wp\/v2\/media?parent=213108"}],"wp:term":[{"taxonomy":"category","embeddable":true,"href":"https:\/\/www.europesays.com\/fr\/wp-json\/wp\/v2\/categories?post=213108"},{"taxonomy":"post_tag","embeddable":true,"href":"https:\/\/www.europesays.com\/fr\/wp-json\/wp\/v2\/tags?post=213108"}],"curies":[{"name":"wp","href":"https:\/\/api.w.org\/{rel}","templated":true}]}}