{"id":213116,"date":"2025-06-29T10:51:18","date_gmt":"2025-06-29T10:51:18","guid":{"rendered":"https:\/\/www.europesays.com\/fr\/213116\/"},"modified":"2025-06-29T10:51:18","modified_gmt":"2025-06-29T10:51:18","slug":"18-blesses-lassaillante-interpellee-profil-psy-ce-que-lon-sait-de-lattaque-au-couteau-a-hambourg","status":"publish","type":"post","link":"https:\/\/www.europesays.com\/fr\/213116\/","title":{"rendered":"18 bless\u00e9s, l\u2019assaillante interpell\u00e9e, profil psy\u2026 Ce que l\u2019on sait de l\u2019attaque au couteau \u00e0 Hambourg"},"content":{"rendered":"<p>Le bilan est mont\u00e9 \u00e0 dix-huit bless\u00e9s, dont quatre sont dans un \u00e9tat tr\u00e8s grave. Dix-huit personnes qui attendaient tranquillement leur train sur le quai de la gare de <a href=\"https:\/\/www.20minutes.fr\/dossier\/hambourg\" class=\"color-ultramarine c-link\" target=\"_blank\" rel=\"noopener\">Hambourg <\/a>(Allemagne) et qui ont vu une femme munie d\u2019un couteau les agresser. \u00c2g\u00e9e de 39 ans et de nationalit\u00e9 allemande, l\u2019assaillante <a href=\"https:\/\/www.20minutes.fr\/faits_divers\/4155181-20250523-allemagne-moins-12-personnes-blessees-attaque-couteau-gare-hambourg\" class=\"color-ultramarine c-link\" target=\"_blank\" rel=\"noopener\">a \u00e9t\u00e9 rapidement ma\u00eetris\u00e9e par les forces de l\u2019ordre<\/a>. Elle a \u00e9t\u00e9 plac\u00e9e en garde \u00e0 vue d\u00e8s vendredi soir. Voici ce que l\u2019on sait de cette attaque sanglante.<\/p>\n<p>Que s\u2019est-il pass\u00e9 vendredi soir\u00a0?<\/p>\n<p>Il \u00e9tait 18 heures, un vendredi soir. Une heure de grande affluence dans la gare centrale de Hambourg, deuxi\u00e8me plus grande ville d\u2019Allemagne. Alors qu\u2019un train en partance vers Munich est en attente sur le quai 13, une femme arm\u00e9e d\u2019un couteau agresse des voyageurs avec son arme blanche. En quelques minutes, elle blessera 18 personnes, dont quatre gri\u00e8vement. \u00ab\u00a0J\u2019ai entendu tout le monde crier\u00a0\u00bb, a fait savoir un t\u00e9moin <a href=\"https:\/\/www.abendblatt.de\/hamburg\/hamburg-mitte\/article409098339\/messerstecherei-am-hauptbahnhof-acht-menschen-verletzt-2.html\" rel=\"nofollow noopener\" target=\"_blank\" class=\"color-ultramarine c-link\">\u00e0 nos confr\u00e8res du Hamburger Abendblatt<\/a>.<\/p>\n<\/p>\n<p>Une importante op\u00e9ration de secours a \u00e9t\u00e9 d\u00e9clench\u00e9e. Sur les photos diffus\u00e9es par les agences, on peut voir les secours prendre en charge des personnes, certaines pr\u00e9sentant d\u2019importantes traces de sang. D\u2019apr\u00e8s les enqu\u00eateurs, la femme a agi \u00ab\u00a0au hasard\u00a0\u00bb pour agresser ses victimes. Le couteau a pu \u00eatre saisi. Le trafic ferroviaire a \u00e9t\u00e9 partiellement interrompu.<\/p>\n<p>Qui est l\u2019assaillante soup\u00e7onn\u00e9e de cette attaque\u00a0?<\/p>\n<p>Pour l\u2019heure, on en sait assez peu sur le profil de l\u2019assaillante. Interpell\u00e9e \u00ab\u00a0sans opposer de r\u00e9sistance\u00a0\u00bb dans la soir\u00e9e de vendredi, cette femme \u00e2g\u00e9e de 39 ans a \u00e9t\u00e9 plac\u00e9e en garde \u00e0 vue. Les enqu\u00eateurs de la police pensent qu\u2019elle \u00ab\u00a0a agi seule\u00a0\u00bb. Pour l\u2019heure, le motif de cette attaque n\u2019est pas clairement \u00e9tabli. \u00ab\u00a0Nous n\u2019avons, jusqu\u2019\u00e0 pr\u00e9sent, aucune indication que la femme ait pu agir pour des motifs politiques\u00a0\u00bb, a indiqu\u00e9 Florian Abbenseth, porte-parole de la police.<\/p>\n<p><img decoding=\"async\" alt=\"Un important dispositif de s\u00e9curit\u00e9 a \u00e9t\u00e9 d\u00e9ploy\u00e9 aux abords de la gare centrale d'Hambourg apr\u00e8s l'attaque au couteau. \" class=\"c-img\" loading=\"lazy\" fetchpriority=\"auto\" width=\"718\"  src=\"https:\/\/img.20mn.fr\/sz0w9_2-QhOO2z_fi5O3tSk\/718x0\" \/>Un important dispositif de s\u00e9curit\u00e9 a \u00e9t\u00e9 d\u00e9ploy\u00e9 aux abords de la gare centrale d&rsquo;Hambourg apr\u00e8s l&rsquo;attaque au couteau. \u2002-\u00a0Action Press\/Sipa<\/p>\n<p>Selon lui, la police enqu\u00eate sur la possibilit\u00e9 que la suspecte arr\u00eat\u00e9e se soit trouv\u00e9e \u00ab\u00a0dans un \u00e9tat d\u2019urgence psychiatrique\u00a0\u00bb. <a href=\"https:\/\/www.bild.de\/news\/hamburg-messerangriff-am-hauptbahnhof-viele-verletzte-lebensgefahr-6830a211d892283a30e7f2e1\" rel=\"nofollow noopener\" target=\"_blank\" class=\"color-ultramarine c-link\">D\u2019apr\u00e8s nos confr\u00e8res de Bild<\/a>, elle aurait d\u00e9j\u00e0 effectu\u00e9 un ou plusieurs s\u00e9jours dans un \u00e9tablissement psychiatrique. La suspecte a \u00e9t\u00e9 pr\u00e9sent\u00e9e \u00e0 un juge samedi, qui a d\u00e9cid\u00e9 de son internement dans un h\u00f4pital psychiatrique. Elle \u00e9tait sans domicile fixe, selon la police. \u00ab\u00a0Il n\u2019existe pas d\u2019indices que la suspecte ait \u00e9t\u00e9 sous l\u2019emprise de substances psychotropes [alcool ou drogues] au moment des faits\u00a0\u00bb, ont poursuivi les autorit\u00e9s. Aucun d\u00e9tail suppl\u00e9mentaire n\u2019a \u00e9t\u00e9 fourni sur ses ant\u00e9c\u00e9dents psychiatriques.<\/p>\n<p>Pourquoi cette attaque s\u00e8me-t-elle l\u2019effroi en Allemagne\u00a0?<\/p>\n<p>Le nouveau chancelier Friedrich Merz s\u2019est dit \u00ab\u00a0boulevers\u00e9\u00a0\u00bb par cet acte de violence. Il n\u2019est pas le seul. Depuis plusieurs mois, l\u2019Allemagne <a href=\"https:\/\/www.20minutes.fr\/monde\/allemagne\/4134965-20250122-allemagne-attaque-couteau-fait-deux-morts-parc\" class=\"color-ultramarine c-link\" target=\"_blank\" rel=\"noopener\">a connu plusieurs attaques meurtri\u00e8res<\/a> \u00e0 l\u2019arme blanche qui ont choqu\u00e9 le pays. En une semaine, le pays a d\u00fb faire face \u00e0 deux agressions sanglantes. Samedi 17\u00a0mai, un Syrien de 35 ans a \u00e9t\u00e9 arr\u00eat\u00e9 apr\u00e8s avoir poignard\u00e9 quatre personnes. Les autorit\u00e9s suspectent un attentat islamiste. Quelques jours plus tard, un \u00e9colier de 12 ans \u00e9tait poignard\u00e9 par un camarade dans la cour de son \u00e9tablissement scolaire.<\/p>\n<p>Sous pression pour faire diminuer le nombre de violences \u00e0 l\u2019arme blanche, le gouvernement allemand avait durci l\u2019\u00e9t\u00e9 dernier la l\u00e9gislation sur le port de couteaux, interdits dans les rassemblements publics et dans les transports longue distance. Sans effet pour l\u2019instant.<\/p>\n","protected":false},"excerpt":{"rendered":"Le bilan est mont\u00e9 \u00e0 dix-huit bless\u00e9s, dont quatre sont dans un \u00e9tat tr\u00e8s grave. Dix-huit personnes qui&hellip;\n","protected":false},"author":2,"featured_media":213117,"comment_status":"","ping_status":"","sticky":false,"template":"","format":"standard","meta":{"footnotes":""},"categories":[1587],"tags":[47,11,672,1804,7623,1805,1803,1777,674,7533,1801,1900,24499,74,12,1802],"class_list":{"0":"post-213116","1":"post","2":"type-post","3":"status-publish","4":"format-standard","5":"has-post-thumbnail","7":"category-allemagne","8":"tag-actualite","9":"tag-actualites","10":"tag-allemagne","11":"tag-bundesrepublik-deutschland","12":"tag-coup-de-couteau","13":"tag-de","14":"tag-deutschland","15":"tag-eu","16":"tag-europe","17":"tag-gare","18":"tag-germany","19":"tag-hambourg","20":"tag-hopital-psychiatrique","21":"tag-monde","22":"tag-news","23":"tag-republique-federale-dallemagne"},"share_on_mastodon":{"url":"https:\/\/pubeurope.com\/@fr\/114766275210210384","error":""},"_links":{"self":[{"href":"https:\/\/www.europesays.com\/fr\/wp-json\/wp\/v2\/posts\/213116","targetHints":{"allow":["GET"]}}],"collection":[{"href":"https:\/\/www.europesays.com\/fr\/wp-json\/wp\/v2\/posts"}],"about":[{"href":"https:\/\/www.europesays.com\/fr\/wp-json\/wp\/v2\/types\/post"}],"author":[{"embeddable":true,"href":"https:\/\/www.europesays.com\/fr\/wp-json\/wp\/v2\/users\/2"}],"replies":[{"embeddable":true,"href":"https:\/\/www.europesays.com\/fr\/wp-json\/wp\/v2\/comments?post=213116"}],"version-history":[{"count":0,"href":"https:\/\/www.europesays.com\/fr\/wp-json\/wp\/v2\/posts\/213116\/revisions"}],"wp:featuredmedia":[{"embeddable":true,"href":"https:\/\/www.europesays.com\/fr\/wp-json\/wp\/v2\/media\/213117"}],"wp:attachment":[{"href":"https:\/\/www.europesays.com\/fr\/wp-json\/wp\/v2\/media?parent=213116"}],"wp:term":[{"taxonomy":"category","embeddable":true,"href":"https:\/\/www.europesays.com\/fr\/wp-json\/wp\/v2\/categories?post=213116"},{"taxonomy":"post_tag","embeddable":true,"href":"https:\/\/www.europesays.com\/fr\/wp-json\/wp\/v2\/tags?post=213116"}],"curies":[{"name":"wp","href":"https:\/\/api.w.org\/{rel}","templated":true}]}}