{"id":213118,"date":"2025-06-29T10:52:10","date_gmt":"2025-06-29T10:52:10","guid":{"rendered":"https:\/\/www.europesays.com\/fr\/213118\/"},"modified":"2025-06-29T10:52:10","modified_gmt":"2025-06-29T10:52:10","slug":"mercato-mikautadze-ne-laisse-pas-insensible-en-europe","status":"publish","type":"post","link":"https:\/\/www.europesays.com\/fr\/213118\/","title":{"rendered":"Mercato : Mikautadze ne laisse pas insensible en Europe"},"content":{"rendered":"<p>                            <img width=\"770\" height=\"433\" src=\"https:\/\/www.europesays.com\/fr\/wp-content\/uploads\/2025\/06\/AFP__20250313__372A8DZ__v1__HighRes__FblEurC3LyonFscb-770x433.jpg\" class=\"attachment-article size-article wp-post-image\" alt=\"Georges Mikautadze buteur lors d'OL - FCSB\" decoding=\"async\" fetchpriority=\"high\"  \/><\/p>\n<p>Georges Mikautadze buteur lors d\u2019OL \u2013 FCSB (Photo by JEAN-PHILIPPE KSIAZEK \/ AFP)<\/p>\n<p>Revenu dans son club formateur \u00e0 l\u2019\u00e9t\u00e9 2024, Georges Mikautadze pourrait mettre les voiles un an apr\u00e8s. Face \u00e0 la situation de l\u2019OL, plusieurs clubs seraient int\u00e9ress\u00e9s par l\u2019attaquant g\u00e9orgien.<\/p>\n<p>Il voulait\u00a0\u00ab\u00a0marquer l\u2019histoire de l\u2019OL\u00a0\u00bb\u00a0et s\u2019inscrire dans la dur\u00e9e. En revenant dans son club formateur, Georges\u00a0<strong>Mikautadze<\/strong>\u00a0avait de grandes ambitions, comme il l\u2019avait confi\u00e9 dans\u00a0<a href=\"https:\/\/www.olympique-et-lyonnais.com\/ol-tkydg-emission-speciale-avec-georges-mikautadze-en-direct,346060.html\" rel=\"nofollow noopener\" target=\"_blank\">\u00ab\u00a0Tant qu\u2019il y aura des Gones\u00a0\u00bb<\/a>. Seulement, ce projet va-t-il prendre fin apr\u00e8s uniquement une saison ? C\u2019est la question qui peut se poser puisqu\u2019\u00e0 l\u2019heure actuelle, presque tous les joueurs de l\u2019effectif sont sur le march\u00e9. Les clubs concurrents l\u2019ont bien compris et le mercato estival risque avant tout de faire parler dans le sens des d\u00e9parts plus que des arriv\u00e9es.<\/p>\n<p>25 millions d&rsquo;euros pour commencer \u00e0 discuter ?<\/p>\n<p><a href=\"https:\/\/www.olympique-et-lyonnais.com\/ol-mercato-perri-pret-a-rejoindre-lacazette-et-benrahma,368182.html\" rel=\"nofollow noopener\" target=\"_blank\">Plusieurs joueurs<\/a>\u00a0sont d\u00e9j\u00e0 dans le viseur de clubs europ\u00e9ens et certains seraient venus \u00e0 la p\u00eache aux informations concernant Georges\u00a0<strong>Mikautadze<\/strong>. Dans le viseur de\u00a0<strong>Galatasaray<\/strong>\u00a0l\u2019hiver dernier, le G\u00e9orgien plairait actuellement \u00e0 l\u2019<strong>AS Roma<\/strong>,\u00a0<strong><a href=\"https:\/\/www.olympique-et-lyonnais.com\/entre-textor-ol-et-marinakis-nottingham-forest-un-mariage-financier-plus-que-de-raison,365576.html\" rel=\"nofollow noopener\" target=\"_blank\">Nottingham Forest<\/a><\/strong>\u00a0et l\u2019<strong>Eintracht Francfort<\/strong>, qui devrait perdre Hugo <strong>Ekitik\u00e9<\/strong>\u00a0cet \u00e9t\u00e9, d\u2019apr\u00e8s le journaliste Rudy\u00a0<strong>Galetti<\/strong>. Seulement, il faudra convaincre les dirigeants lyonnais au sein d\u2019un secteur offensif qui est d\u00e9j\u00e0 en manque de solution. Le prix pour un d\u00e9part de Mikautadze ne se n\u00e9gocierait pas en dessous de 25 millions d\u2019euros malgr\u00e9 l&rsquo;annonce de la rel\u00e9gation.<\/p>\n<p>\t\t\t\t\t<a href=\"https:\/\/www.olympique-et-lyonnais.com\/ol-mercato-tagliafico-vers-la-liga,368197.html\" title=\"OL - Mercato : Tagliafico vers la Liga ?\" rel=\"nofollow noopener\" target=\"_blank\"><img loading=\"lazy\" width=\"580\" height=\"326\" src=\"https:\/\/www.europesays.com\/fr\/wp-content\/uploads\/2025\/06\/AFP__20250111__36TG3B4__v1__HighRes__FblFraLigue1BrestLyon-e1736686444958-580x326.jpg\" class=\"attachment-actularge size-actularge wp-post-image\" alt=\"Nicolas Tagliafico (OL) et Mahdi Camara (Brest)\" decoding=\"async\"  \/>\t\t\t\t\t<\/a><\/p>\n","protected":false},"excerpt":{"rendered":"Georges Mikautadze buteur lors d\u2019OL \u2013 FCSB (Photo by JEAN-PHILIPPE KSIAZEK \/ AFP) Revenu dans son club formateur&hellip;\n","protected":false},"author":2,"featured_media":213119,"comment_status":"","ping_status":"","sticky":false,"template":"","format":"standard","meta":{"footnotes":""},"categories":[1586],"tags":[11,1777,674,1011,27,1434,12,241,978,25],"class_list":{"0":"post-213118","1":"post","2":"type-post","3":"status-publish","4":"format-standard","5":"has-post-thumbnail","7":"category-europe","8":"tag-actualites","9":"tag-eu","10":"tag-europe","11":"tag-fr","12":"tag-france","13":"tag-mercato","14":"tag-news","15":"tag-ol","16":"tag-olympique-lyonnais","17":"tag-republique-francaise"},"share_on_mastodon":{"url":"https:\/\/pubeurope.com\/@fr\/114766279259061332","error":""},"_links":{"self":[{"href":"https:\/\/www.europesays.com\/fr\/wp-json\/wp\/v2\/posts\/213118","targetHints":{"allow":["GET"]}}],"collection":[{"href":"https:\/\/www.europesays.com\/fr\/wp-json\/wp\/v2\/posts"}],"about":[{"href":"https:\/\/www.europesays.com\/fr\/wp-json\/wp\/v2\/types\/post"}],"author":[{"embeddable":true,"href":"https:\/\/www.europesays.com\/fr\/wp-json\/wp\/v2\/users\/2"}],"replies":[{"embeddable":true,"href":"https:\/\/www.europesays.com\/fr\/wp-json\/wp\/v2\/comments?post=213118"}],"version-history":[{"count":0,"href":"https:\/\/www.europesays.com\/fr\/wp-json\/wp\/v2\/posts\/213118\/revisions"}],"wp:featuredmedia":[{"embeddable":true,"href":"https:\/\/www.europesays.com\/fr\/wp-json\/wp\/v2\/media\/213119"}],"wp:attachment":[{"href":"https:\/\/www.europesays.com\/fr\/wp-json\/wp\/v2\/media?parent=213118"}],"wp:term":[{"taxonomy":"category","embeddable":true,"href":"https:\/\/www.europesays.com\/fr\/wp-json\/wp\/v2\/categories?post=213118"},{"taxonomy":"post_tag","embeddable":true,"href":"https:\/\/www.europesays.com\/fr\/wp-json\/wp\/v2\/tags?post=213118"}],"curies":[{"name":"wp","href":"https:\/\/api.w.org\/{rel}","templated":true}]}}