{"id":213128,"date":"2025-06-29T10:57:14","date_gmt":"2025-06-29T10:57:14","guid":{"rendered":"https:\/\/www.europesays.com\/fr\/213128\/"},"modified":"2025-06-29T10:57:14","modified_gmt":"2025-06-29T10:57:14","slug":"grande-premiere-pour-jerry-ji-quatre-francais-dans-le-top-10","status":"publish","type":"post","link":"https:\/\/www.europesays.com\/fr\/213128\/","title":{"rendered":"Grande premi\u00e8re pour Jerry Ji, quatre Fran\u00e7ais dans le top 10"},"content":{"rendered":"<p>\t\t\t\t\t\t<img width=\"770\" height=\"556\" src=\"https:\/\/www.europesays.com\/fr\/wp-content\/uploads\/2025\/06\/jerry-ji-alps-tour-770x556.jpg\" class=\"img-responsive wp-post-image\" alt=\"\" decoding=\"async\" fetchpriority=\"high\"  \/>\t\t\t\t\t<\/p>\n<p>\t\t\t\t\t\t Partager cet article <\/p>\n<p class=\"screen-reader-text juiz_sps_maybe_hidden_text\">Partager la publication \u00ab\u00a0Grande premi\u00e8re pour Jerry Ji, quatre Fran\u00e7ais dans le top 10\u00a0\u00bb<\/p>\n<p><strong>Auteur d\u2019un dernier tour tr\u00e8s solide, le N\u00e9erlandais Jerry Ji a remport\u00e9 son premier titre sur l\u2019Alps Tour. Tir group\u00e9 des Tricolores \u00e0 la neuvi\u00e8me place.<\/strong><\/p>\n<p>\u00a0<\/p>\n<p><strong>N.C., \u00e0 Aravell, Lleida<\/strong><\/p>\n<p>Co-leader apr\u00e8s 36 trous, <strong>Jerry Ji<\/strong> a transform\u00e9 l\u2019essai ce samedi \u00e0 l\u2019<strong>Aravell Golf Andorra &amp; Country Club<\/strong>. Le N\u00e9erlandais, qui dispute sa premi\u00e8re saison sur l\u2019<strong>Alps Tour<\/strong>, a sign\u00e9 une belle carte de 66 (-5) malgr\u00e9 un bogey d\u00e8s le 1. Le jeune homme de 25 ans, pass\u00e9 par l\u2019Universit\u00e9 de l\u2019Illinois, remporte ainsi son tout premier titre sur le circuit satellite.<\/p>\n<p><a href=\"https:\/\/alpstourgolf.com\/reports?url=https%3A%2F%2Falps.ocs-ffg.com%2Ftic%2Ftmresult.cgi%3Ftourn%3DARAV~season%3D2025result%3DPF~%26&amp;id=2025&amp;code=ARAV&amp;title=Final%20Result\" target=\"_blank\" rel=\"noopener nofollow\">Retrouvez le classement complet<\/a><\/p>\n<p>\t\t\t\t\t<a id=\"177181\" href=\"http:\/\/charleskent-golf.com\/andalucia-majors\/\" target=\"_blank\" rel=\"sponsorised nofollow noopener\"><img decoding=\"async\" src=\"data:image\/svg+xml,%3Csvg%20xmlns=\" http:=\"\" class=\"img-responsive\" alt=\"\" data-lazy-src=\"https:\/\/www.europesays.com\/fr\/wp-content\/uploads\/2025\/06\/charleskent-e03-andalucia-majors-1170x275-1.gif\"\/><\/a><\/p>\n<p><strong>Ruben Pardo Rodriguez<\/strong> a sonn\u00e9 la charge un peu plus t\u00f4t dans la journ\u00e9e. Avec son 64 (-7), l\u2019Espagnol a \u00e9chou\u00e9 \u00e0 trois longueurs \u00e0 la deuxi\u00e8me place en compagnie de son compatriote <strong>Javier Calles Roman<\/strong>, tr\u00e8s propre ce samedi, et de l\u2019Irlandais <strong>Ronan Mullarney<\/strong>.<\/p>\n<p>\u00a0<\/p>\n<blockquote class=\"instagram-media\" style=\"background: #FFF; border: 0; border-radius: 3px; box-shadow: 0 0 1px 0 rgba(0,0,0,0.5),0 1px 10px 0 rgba(0,0,0,0.15); margin: 1px; max-width: 540px; min-width: 326px; padding: 0; width: calc(100% - 2px);\" data-instgrm-captioned=\"\" data-instgrm-permalink=\"https:\/\/www.instagram.com\/p\/DLcuEfbIFQW\/?utm_source=ig_embed&amp;utm_campaign=loading\" data-instgrm-version=\"14\">\n<\/blockquote>\n<p>\u00a0<\/p>\n<p>Nouveau top 10 pour Xavier Poncelet<\/p>\n<p><a href=\"https:\/\/www.golfplanete.com\/actualites\/auteur-dun-dimanche-parfait-julien-quesne-finit-sur-le-podium\/\" rel=\"nofollow noopener\" target=\"_blank\">Comme la semaine pass\u00e9e \u00e0 la Mirabelle d\u2019Or<\/a>, <strong>Xavier Poncelet<\/strong> a enregistr\u00e9 un top 10. Gr\u00e2ce \u00e0 un 69 (-2) lors du dernier tour, celui qui vit sa dix-septi\u00e8me saison sur ce circuit a pris la neuvi\u00e8me place. Il partage sa position avec trois autres compatriotes\u00a0: <strong>Paul Margolis, Ignacio Arcaya<\/strong> et le surprenant amateur<strong> Martin Engel<\/strong>.<\/p>\n<p><strong>Anthony Renard<\/strong> a, quant \u00e0 lui, pris la vingti\u00e8me place, un coup devant <strong>Augustin Hol\u00e9 <\/strong>et<strong> Augustin Barbe<\/strong>.<\/p>\n<p>\u00a0<\/p>\n<p>Le leaderboard\u00a0<\/p>\n<p><img loading=\"lazy\" decoding=\"async\" class=\"alignnone size-image-largeur-770 wp-image-177928\" src=\"data:image\/svg+xml,%3Csvg%20xmlns=\" http:=\"\" alt=\"\" width=\"770\" height=\"459\" data-lazy- data-lazy- data-lazy-src=\"https:\/\/www.europesays.com\/fr\/wp-content\/uploads\/2025\/06\/capture-decran-2025-06-28-a-22.49.40-770x459.png\"\/><\/p>\n<p>\u00a0<\/p>\n<p>\u00a9Alps Tour<\/p>\n<p>\t\t\t\t\t<a id=\"177253\" href=\"https:\/\/www.noyangolf.com\/fr\/\" target=\"_blank\" rel=\"sponsorised nofollow noopener\"><img decoding=\"async\" src=\"data:image\/svg+xml,%3Csvg%20xmlns=\" http:=\"\" class=\"img-responsive\" alt=\"\" data-lazy-src=\"https:\/\/www.europesays.com\/fr\/wp-content\/uploads\/2025\/06\/noyan-e01-where-golf-meets-excellence-1170x275-1.jpg\"\/><\/a><\/p>\n<p>\t\t\t<script async src=\"\/\/www.instagram.com\/embed.js\"><\/script><\/p>\n","protected":false},"excerpt":{"rendered":"Partager cet article Partager la publication \u00ab\u00a0Grande premi\u00e8re pour Jerry Ji, quatre Fran\u00e7ais dans le top 10\u00a0\u00bb Auteur&hellip;\n","protected":false},"author":2,"featured_media":213129,"comment_status":"","ping_status":"","sticky":false,"template":"","format":"standard","meta":{"footnotes":""},"categories":[1418],"tags":[1011,27,1472,60],"class_list":{"0":"post-213128","1":"post","2":"type-post","3":"status-publish","4":"format-standard","5":"has-post-thumbnail","7":"category-golf","8":"tag-fr","9":"tag-france","10":"tag-golf","11":"tag-sports"},"share_on_mastodon":{"url":"https:\/\/pubeurope.com\/@fr\/114766298812600205","error":""},"_links":{"self":[{"href":"https:\/\/www.europesays.com\/fr\/wp-json\/wp\/v2\/posts\/213128","targetHints":{"allow":["GET"]}}],"collection":[{"href":"https:\/\/www.europesays.com\/fr\/wp-json\/wp\/v2\/posts"}],"about":[{"href":"https:\/\/www.europesays.com\/fr\/wp-json\/wp\/v2\/types\/post"}],"author":[{"embeddable":true,"href":"https:\/\/www.europesays.com\/fr\/wp-json\/wp\/v2\/users\/2"}],"replies":[{"embeddable":true,"href":"https:\/\/www.europesays.com\/fr\/wp-json\/wp\/v2\/comments?post=213128"}],"version-history":[{"count":0,"href":"https:\/\/www.europesays.com\/fr\/wp-json\/wp\/v2\/posts\/213128\/revisions"}],"wp:featuredmedia":[{"embeddable":true,"href":"https:\/\/www.europesays.com\/fr\/wp-json\/wp\/v2\/media\/213129"}],"wp:attachment":[{"href":"https:\/\/www.europesays.com\/fr\/wp-json\/wp\/v2\/media?parent=213128"}],"wp:term":[{"taxonomy":"category","embeddable":true,"href":"https:\/\/www.europesays.com\/fr\/wp-json\/wp\/v2\/categories?post=213128"},{"taxonomy":"post_tag","embeddable":true,"href":"https:\/\/www.europesays.com\/fr\/wp-json\/wp\/v2\/tags?post=213128"}],"curies":[{"name":"wp","href":"https:\/\/api.w.org\/{rel}","templated":true}]}}