{"id":213130,"date":"2025-06-29T10:59:13","date_gmt":"2025-06-29T10:59:13","guid":{"rendered":"https:\/\/www.europesays.com\/fr\/213130\/"},"modified":"2025-06-29T10:59:13","modified_gmt":"2025-06-29T10:59:13","slug":"rugby-finale-du-championnat-de-france-de-federale-2-antoine-bouygues-cahors-rugby-rester-concentre-sur-ce-que-lon-sait-faire","status":"publish","type":"post","link":"https:\/\/www.europesays.com\/fr\/213130\/","title":{"rendered":"Rugby (Finale du championnat de France de F\u00e9d\u00e9rale 2)\u00a0: Antoine Bouygues (Cahors Rugby)\u00a0: \u00ab\u00a0Rester concentr\u00e9 sur ce que l\u2019on sait faire\u00a0\u00bb"},"content":{"rendered":"<p>\n                                                                    l&rsquo;essentiel<br \/>\n                                                                Le pilier de Cahors Rugby et ses co\u00e9quipiers jouent la finale du championnat de France de F\u00e9d\u00e9rale 2 cet apr\u00e8s-midi sur le terrain d\u2019Issoire face \u00e0 Vinay. Un rendez-vous historique, \u00ab\u00a0un \u00e9v\u00e9nement rare dans une carri\u00e8re que l\u2019on va aborder avec humilit\u00e9 pour prendre du plaisir et donner du plaisir aux supporters et aux b\u00e9n\u00e9voles du club\u00a0\u00bb, indique le jeune pilier cadurcien.\n                            <\/p>\n<p>\u00c0 seulement 24 ans, Antoine Bouygues disputera, ce dimanche, apr\u00e8s-midi la troisi\u00e8me finale de sa jeune carri\u00e8re. Finaliste du championnat du Limousin il y a quelques ann\u00e9es avec ses copains du RRNQ \u00ab\u00a0j\u2019ai jou\u00e9 cette finale avec Th\u00e9o (Pradayrol) et Lucas (Le Chenadec), le pilier \u00ab\u00a0ciel et blanc\u00a0\u00bb a eu aussi la chance vivre \u00ab\u00a0une finale du Challenge de France de R\u00e9gionale 1 avec le RCBBV il y a deux ans, se souvient celui qui a commenc\u00e9 le rugby \u00e0 l\u2019\u00e2ge de 8 ans au club de Bretenoux-Biars. On a v\u00e9cu une aventure tr\u00e8s chouette. Au fil des matchs, on s\u2019\u00e9tait pris au jeu et on avait r\u00e9alis\u00e9 un tr\u00e8s beau parcours qui nous avait men\u00e9s jusqu\u2019\u00e0 la finale face \u00e0 Mauguio\u00a0\u00bb.<\/p>\n<p>Depuis, le Lotois originaire de Lamativie (pr\u00e8s de Sousceyrac) a rejoint le club cadurcien o\u00f9 il vit sa deuxi\u00e8me saison sous le maillot \u00ab\u00a0ciel et blanc\u00a0\u00bb. \u00ab\u00a0Je suis arriv\u00e9 \u00e0 Cahors la saison qui a suivi la finale avec Bretenoux-Biars. J\u2019avais eu la possibilit\u00e9 de rejoindre Cahors un an plus t\u00f4t mais j\u2019ai pr\u00e9f\u00e9r\u00e9 rester \u00e0 Bretenoux pour m\u2019aguerrir et l\u2019aventure qu\u2019on a v\u00e9cu en Challenge de France m\u2019a beaucoup apport\u00e9, notamment au niveau de la confiance. Ma premi\u00e8re aventure m\u2019a servi pour la seconde\u00a0\u00bb, analyse le talonneur cadurcien qui se dit heureux d\u2019avoir fait le choix de Cahors.<\/p>\n<p>\u00ab\u00a0Je suis content d\u2019\u00eatre venu ici et d\u2019\u00e9voluer dans un groupe de copains qui a une forte identit\u00e9 lotoise. Le staff y est aussi pour beaucoup avec une belle compl\u00e9mentarit\u00e9 entre Vincent (Debaye) qui apporte toute son exp\u00e9rience acquise \u00e0 Montauban et \u00e0 Provence Rugby et Fabrice (Vignals) qui nous rappelle sans cesse qu\u2019il faut \u00eatre \u00e0 la hauteur, que la priorit\u00e9 c\u2019est le club et que l\u2019on se doit de d\u00e9fendre et porter les valeurs du club\u00a0\u00bb.<\/p>\n<p>\u00ab\u00a0Se faire plaisir et faire plaisir aux supporters et aux b\u00e9n\u00e9voles du club\u00a0\u00bb<\/p>\n<p>Un groupe cadurcien 2024-2025 qui \u00ab\u00a0s\u2019est forg\u00e9 au fil d\u2019une saison o\u00f9 il a fallu batailler. Apr\u00e8s une phase r\u00e9guli\u00e8re que l\u2019on a termin\u00e9e \u00e0 la premi\u00e8re place, on s\u2019est fait un peu prendre par l\u2019enjeu \u00e0 Hasparren en 16e de finale aller, on s\u2019est mis la pression et on a fini par perdre. On a r\u00e9ussi \u00e0 inverser la tendance au retour non sans avoir d\u00fb lutter jusque dans les derni\u00e8res secondes, puis on est pass\u00e9 pour un essai face \u00e0 M\u00e9rignac\u00a0\u00bb, souligne Antoine Bouygues qui consid\u00e8re le quart de finale gagn\u00e9 face \u00e0 Saint-Malo \u00ab\u00a0comme un match charni\u00e8re. On venait de valider la mont\u00e9e et en gagnant ce jour-l\u00e0 apr\u00e8s un match s\u00e9rieux on a bascul\u00e9 sur une autre comp\u00e9tition, \u00e7a nous a ouvert d\u2019autres ambitions\u00a0\u00bb.<\/p>\n<p>Qualifi\u00e9 dans le dernier carr\u00e9, Cahors Rugby se retrouvait dimanche dernier sur le terrain de Lormont face \u00e0 l\u2019un des favoris de la comp\u00e9tition l\u2019US Tours.<br \/>\u00ab\u00a0Face \u00e0 une \u00e9quipe de Tours de qualit\u00e9, avec une belle dimension physique, on a r\u00e9pondu pr\u00e9sent mentalement. On a \u00e9t\u00e9 ultra-pr\u00e9sent en d\u00e9fense, ultra-solidaire et on n\u2019a jamais l\u00e2ch\u00e9\u00a0\u00bb, rappelle le pilier d\u2019une \u00e9quipe cadurcienne qui r\u00e9ussissait la performance de l\u2019emporter 21 \u00e0 18 s\u2019ouvrant ainsi les portes de la finale.<\/p>\n<p>\u00ab\u00a0Vivre une finale du championnat de France c\u2019est un \u00e9v\u00e9nement rare dans une carri\u00e8re, c\u2019est historique\u00a0\u00bb, affirme le pilier \u00ab\u00a0ciel et blanc\u00a0\u00bb qui aborde le rendez-vous de dimanche face aux Is\u00e9rois de Vinay (\u00ab\u00a0une \u00e9quipe qui vient de battre Saverdun en quart puis Saint-Girons en demie, qui nous ressemble\u00a0: joueuse et tr\u00e8s soud\u00e9e\u00a0\u00bb) \u00ab\u00a0en restant concentr\u00e9 sur ce que l\u2019on sait faire et appliquer notre rugby. Cette semaine, on a fait notre 100e entra\u00eenement de la saison et dimanche on vivra notre 29e match. On va l\u2019aborder avec humilit\u00e9, pour prendre du plaisir et donner du plaisir aux supporters qui sont toujours l\u00e0 pour nous soutenir ainsi qu\u2019aux b\u00e9n\u00e9voles qui font un travail remarquable. On vit une saison exceptionnelle, \u00e0 nous de faire en sorte qu\u2019elle le soit plus encore dimanche\u00a0\u00bb.<\/p>\n","protected":false},"excerpt":{"rendered":"l&rsquo;essentiel Le pilier de Cahors Rugby et ses co\u00e9quipiers jouent la finale du championnat de France de F\u00e9d\u00e9rale&hellip;\n","protected":false},"author":2,"featured_media":213131,"comment_status":"","ping_status":"","sticky":false,"template":"","format":"standard","meta":{"footnotes":""},"categories":[1416],"tags":[1011,27,479,1468,60],"class_list":{"0":"post-213130","1":"post","2":"type-post","3":"status-publish","4":"format-standard","5":"has-post-thumbnail","7":"category-rugby","8":"tag-fr","9":"tag-france","10":"tag-rugby","11":"tag-rugby-football","12":"tag-sports"},"share_on_mastodon":{"url":"https:\/\/pubeurope.com\/@fr\/114766306580131767","error":""},"_links":{"self":[{"href":"https:\/\/www.europesays.com\/fr\/wp-json\/wp\/v2\/posts\/213130","targetHints":{"allow":["GET"]}}],"collection":[{"href":"https:\/\/www.europesays.com\/fr\/wp-json\/wp\/v2\/posts"}],"about":[{"href":"https:\/\/www.europesays.com\/fr\/wp-json\/wp\/v2\/types\/post"}],"author":[{"embeddable":true,"href":"https:\/\/www.europesays.com\/fr\/wp-json\/wp\/v2\/users\/2"}],"replies":[{"embeddable":true,"href":"https:\/\/www.europesays.com\/fr\/wp-json\/wp\/v2\/comments?post=213130"}],"version-history":[{"count":0,"href":"https:\/\/www.europesays.com\/fr\/wp-json\/wp\/v2\/posts\/213130\/revisions"}],"wp:featuredmedia":[{"embeddable":true,"href":"https:\/\/www.europesays.com\/fr\/wp-json\/wp\/v2\/media\/213131"}],"wp:attachment":[{"href":"https:\/\/www.europesays.com\/fr\/wp-json\/wp\/v2\/media?parent=213130"}],"wp:term":[{"taxonomy":"category","embeddable":true,"href":"https:\/\/www.europesays.com\/fr\/wp-json\/wp\/v2\/categories?post=213130"},{"taxonomy":"post_tag","embeddable":true,"href":"https:\/\/www.europesays.com\/fr\/wp-json\/wp\/v2\/tags?post=213130"}],"curies":[{"name":"wp","href":"https:\/\/api.w.org\/{rel}","templated":true}]}}