{"id":213134,"date":"2025-06-29T11:02:13","date_gmt":"2025-06-29T11:02:13","guid":{"rendered":"https:\/\/www.europesays.com\/fr\/213134\/"},"modified":"2025-06-29T11:02:13","modified_gmt":"2025-06-29T11:02:13","slug":"moto2-barry-baltus-chute-et-abandonne-des-le-7e-tour-aux-pays-bas","status":"publish","type":"post","link":"https:\/\/www.europesays.com\/fr\/213134\/","title":{"rendered":"Moto2: Barry Baltus chute et abandonne d\u00e8s le 7e tour aux Pays-Bas"},"content":{"rendered":"<p class=\"ap-StoryElement ap-StoryElement--mb ap-StoryText\">Parti de la 6e place sur la grille, et apr\u00e8s avoir purg\u00e9 une p\u00e9nalit\u00e9 d&rsquo;un double \u00ab\u00a0long lap\u00a0\u00bb, Barry Baltus a chut\u00e9 au 7e des 22 tours du Grand Prix des Pays-Bas de motocyclisme en Moto 2, dimanche \u00e0 Assen<\/p>\n<p class=\"ap-StoryElement ap-StoryElement--mb ap-StoryText\">La 10e des 22 manches du championnat du monde ne restera donc pas un grand souvenir pour le Namurois de 21 ans.<\/p>\n<p class=\"ap-StoryElement ap-StoryElement--mb ap-StoryText\">Huiti\u00e8me apr\u00e8s le premier tour, Baltus s&rsquo;est retrouv\u00e9 11e apr\u00e8s son premier \u00ab\u00a0long lap\u00a0\u00bb et 14e apr\u00e8s le second effectu\u00e9 au 5e des 22 tours. Il a ensuite chut\u00e9 tout seul en essayent de combler son retard sur le devant de la course.<\/p>\n","protected":false},"excerpt":{"rendered":"Parti de la 6e place sur la grille, et apr\u00e8s avoir purg\u00e9 une p\u00e9nalit\u00e9 d&rsquo;un double \u00ab\u00a0long lap\u00a0\u00bb,&hellip;\n","protected":false},"author":2,"featured_media":191714,"comment_status":"","ping_status":"","sticky":false,"template":"","format":"standard","meta":{"footnotes":""},"categories":[1413],"tags":[1011,27,1457,1456,35295,60],"class_list":{"0":"post-213134","1":"post","2":"type-post","3":"status-publish","4":"format-standard","5":"has-post-thumbnail","7":"category-moto","8":"tag-fr","9":"tag-france","10":"tag-moto","11":"tag-motocycle","12":"tag-motocyclisme","13":"tag-sports"},"share_on_mastodon":{"url":"https:\/\/pubeurope.com\/@fr\/114766318481759116","error":""},"_links":{"self":[{"href":"https:\/\/www.europesays.com\/fr\/wp-json\/wp\/v2\/posts\/213134","targetHints":{"allow":["GET"]}}],"collection":[{"href":"https:\/\/www.europesays.com\/fr\/wp-json\/wp\/v2\/posts"}],"about":[{"href":"https:\/\/www.europesays.com\/fr\/wp-json\/wp\/v2\/types\/post"}],"author":[{"embeddable":true,"href":"https:\/\/www.europesays.com\/fr\/wp-json\/wp\/v2\/users\/2"}],"replies":[{"embeddable":true,"href":"https:\/\/www.europesays.com\/fr\/wp-json\/wp\/v2\/comments?post=213134"}],"version-history":[{"count":0,"href":"https:\/\/www.europesays.com\/fr\/wp-json\/wp\/v2\/posts\/213134\/revisions"}],"wp:featuredmedia":[{"embeddable":true,"href":"https:\/\/www.europesays.com\/fr\/wp-json\/wp\/v2\/media\/191714"}],"wp:attachment":[{"href":"https:\/\/www.europesays.com\/fr\/wp-json\/wp\/v2\/media?parent=213134"}],"wp:term":[{"taxonomy":"category","embeddable":true,"href":"https:\/\/www.europesays.com\/fr\/wp-json\/wp\/v2\/categories?post=213134"},{"taxonomy":"post_tag","embeddable":true,"href":"https:\/\/www.europesays.com\/fr\/wp-json\/wp\/v2\/tags?post=213134"}],"curies":[{"name":"wp","href":"https:\/\/api.w.org\/{rel}","templated":true}]}}