{"id":213141,"date":"2025-06-29T11:06:21","date_gmt":"2025-06-29T11:06:21","guid":{"rendered":"https:\/\/www.europesays.com\/fr\/213141\/"},"modified":"2025-06-29T11:06:21","modified_gmt":"2025-06-29T11:06:21","slug":"il-va-au-supermarche-et-conduit-ses-enfants-a-lecole-lionel-messi-la-vie-dun-homme-normal-a-miami","status":"publish","type":"post","link":"https:\/\/www.europesays.com\/fr\/213141\/","title":{"rendered":"\u00ab\u00a0Il va au supermarch\u00e9 et conduit ses enfants \u00e0 l\u2019\u00e9cole\u00a0\u00bb\u00a0: Lionel Messi, la vie d\u2019un homme normal \u00e0 Miami"},"content":{"rendered":"<p class=\"paragraph text_align_left lp-f-body-02\">Beaucoup ont cru \u00e0 une pub ou une cam\u00e9ra cach\u00e9e. <a href=\"https:\/\/www.leparisien.fr\/sports\/football\/lionel-messi\/\" target=\"_blank\" rel=\"noreferrer nofollow noopener\">Lionel Messi<\/a> marchant, avec sa femme Antonela et ses trois enfants, dans les rayons d\u2019un supermarch\u00e9 grand public de Miami. La foule a ouvert de grands yeux mais s\u2019est vite rendu compte que la star argentine faisait simplement ses courses, comme tout le monde. Le caddie ? Rempli de produits simples, de c\u00e9r\u00e9ales de la marque la plus populaire <a href=\"https:\/\/www.leparisien.fr\/international\/etats-unis\/\" target=\"_blank\" rel=\"noreferrer nofollow noopener\">aux \u00c9tats-Unis,<\/a> de muffins \u00e0 la myrtille ou encore de crayons de couleur pour les enfants. <\/p>\n","protected":false},"excerpt":{"rendered":"Beaucoup ont cru \u00e0 une pub ou une cam\u00e9ra cach\u00e9e. Lionel Messi marchant, avec sa femme Antonela et&hellip;\n","protected":false},"author":2,"featured_media":213142,"comment_status":"","ping_status":"","sticky":false,"template":"","format":"standard","meta":{"footnotes":""},"categories":[1359],"tags":[7151,58,59,63,1011,27,973,60],"class_list":{"0":"post-213141","1":"post","2":"type-post","3":"status-publish","4":"format-standard","5":"has-post-thumbnail","7":"category-people","8":"tag-coupe-du-monde-des-clubs","9":"tag-divertissement","10":"tag-entertainment","11":"tag-football","12":"tag-fr","13":"tag-france","14":"tag-people","15":"tag-sports"},"share_on_mastodon":{"url":"https:\/\/pubeurope.com\/@fr\/114766334230649753","error":""},"_links":{"self":[{"href":"https:\/\/www.europesays.com\/fr\/wp-json\/wp\/v2\/posts\/213141","targetHints":{"allow":["GET"]}}],"collection":[{"href":"https:\/\/www.europesays.com\/fr\/wp-json\/wp\/v2\/posts"}],"about":[{"href":"https:\/\/www.europesays.com\/fr\/wp-json\/wp\/v2\/types\/post"}],"author":[{"embeddable":true,"href":"https:\/\/www.europesays.com\/fr\/wp-json\/wp\/v2\/users\/2"}],"replies":[{"embeddable":true,"href":"https:\/\/www.europesays.com\/fr\/wp-json\/wp\/v2\/comments?post=213141"}],"version-history":[{"count":0,"href":"https:\/\/www.europesays.com\/fr\/wp-json\/wp\/v2\/posts\/213141\/revisions"}],"wp:featuredmedia":[{"embeddable":true,"href":"https:\/\/www.europesays.com\/fr\/wp-json\/wp\/v2\/media\/213142"}],"wp:attachment":[{"href":"https:\/\/www.europesays.com\/fr\/wp-json\/wp\/v2\/media?parent=213141"}],"wp:term":[{"taxonomy":"category","embeddable":true,"href":"https:\/\/www.europesays.com\/fr\/wp-json\/wp\/v2\/categories?post=213141"},{"taxonomy":"post_tag","embeddable":true,"href":"https:\/\/www.europesays.com\/fr\/wp-json\/wp\/v2\/tags?post=213141"}],"curies":[{"name":"wp","href":"https:\/\/api.w.org\/{rel}","templated":true}]}}