{"id":213143,"date":"2025-06-29T11:07:11","date_gmt":"2025-06-29T11:07:11","guid":{"rendered":"https:\/\/www.europesays.com\/fr\/213143\/"},"modified":"2025-06-29T11:07:11","modified_gmt":"2025-06-29T11:07:11","slug":"entre-art-sciences-et-ecologie-les-oeuvres-de-cette-artiste-engagee-font-reflechir-sur-la-pollution","status":"publish","type":"post","link":"https:\/\/www.europesays.com\/fr\/213143\/","title":{"rendered":"Entre art, sciences et \u00e9cologie, les \u0153uvres de cette artiste engag\u00e9e font r\u00e9fl\u00e9chir sur la pollution"},"content":{"rendered":"<p class=\"article__intro\">\u00c0 Bourges, Ana\u00efs Dunn m\u00e9lange art et science pour nous faire ouvrir les yeux sur la biodiversit\u00e9 en danger. On vous emm\u00e8ne d\u00e9couvrir cette artiste qui fa\u00e7onne le verre comme on sculpte un cri pour la plan\u00e8te !<\/p>\n<p>\n      L&rsquo;essentiel du jour : notre s\u00e9lection exclusive\n    <\/p>\n<p>\n      Chaque jour, notre r\u00e9daction vous r\u00e9serve le meilleur de l&rsquo;info r\u00e9gionale. Une s\u00e9lection rien que pour vous, pour rester en lien avec vos r\u00e9gions.\n    <\/p>\n<p>    France T\u00e9l\u00e9visions utilise votre adresse e-mail afin de vous envoyer la newsletter \u00ab\u00a0L&rsquo;essentiel du jour : notre s\u00e9lection exclusive\u00a0\u00bb. Vous pouvez vous d\u00e9sinscrire \u00e0 tout moment via le lien en bas de cette newsletter. <a target=\"_blank\" href=\"https:\/\/www.francetelevisions.fr\/groupe\/confidentialite\/politique-de-confidentialite\/politique-de-confidentialite-de-france-televisions-6503\" rel=\"nofollow noopener\">Notre politique de confidentialit\u00e9<\/a><\/p>\n<p data-start=\"162\" data-end=\"356\">Quand Ana\u00efs Dunn ouvre les portes de son atelier, on a l&rsquo;impression de p\u00e9n\u00e9trer dans un laboratoire scientifique. Elle travaille le verre, capte les vibrations de la terre et transforme tout \u00e7a en \u0153uvre d&rsquo;art.\u00a0Son travail est \u00e0 la crois\u00e9e de l\u2019art et de la science. Il est souvent nourri par des protocoles scientifiques.<\/p>\n<p data-start=\"162\" data-end=\"356\">\u00ab\u00a0J&rsquo;\u00e9volue avec plein de mati\u00e8res diff\u00e9rentes et j&rsquo;exp\u00e9rimente beaucoup. Je travaille en collaboration avec des scientifiques. Notamment avec des sismologues. Je leur emprunte des donn\u00e9es pour ensuite recr\u00e9er des choses.\u00a0\u00bb<\/p>\n<p data-start=\"162\" data-end=\"356\">Notre regard s&rsquo;arr\u00eate sur cette suspension en acier de diff\u00e9rentes formes de verres souffl\u00e9s.\u00a0\u00bbL\u00e0 par exemple, j&rsquo;ai commenc\u00e9 \u00e0 faire vibrer mon travail physiquement pour retranscrire la formation de cristaux et \u00e9voquer la construction et la division des glaciers. Je retranscris leur fragilit\u00e9.\u00a0\u00bb<\/p>\n<p><a data-article-figure=\"\" href=\"https:\/\/france3-regions.franceinfo.fr\/image\/Ppqh_wWptwh1QeIPDVSR1xbvJyw\/1177x893\/regions\/2025\/06\/20\/capture-685557159a395877304930.jpg\" data-pswp-width=\"1177\" data-pswp-height=\"893\" target=\"_blank\" rel=\"nofollow noopener\"><\/p>\n<p>          <img width=\"600\" height=\"400\" class=\"article-image lazy\" data-src=\"https:\/\/www.europesays.com\/fr\/wp-content\/uploads\/2025\/06\/capture-685557159a395877304930.jpg\" alt=\"Constance Arnoult \u00e9coute les vibrations de l'oeuvre d'Ana\u00efs Dunn.\" fetchpriority=\"high\" as=\"image\"\/><\/p>\n<p>\n            Constance Arnoult \u00e9coute les vibrations de l&rsquo;oeuvre d&rsquo;Ana\u00efs Dunn.<br \/>\n                           \u2022<br \/>\n                                      \u00a9 France t\u00e9l\u00e9visions \/ Flair Production\n                      <\/p>\n<p><\/a><\/p>\n<p>\u00c0 travers ses installations, Ana\u00efs Dunn interroge des enjeux \u00e9cologiques actuels.\u00a0<\/p>\n<p>Un peu plus loin dans son atelier, aquariums et terrariums attirent l&rsquo;attention. Ces \u0153uvres s\u2019inspirent du livre Printemps silencieux de Rachel Carson qui d\u00e9non\u00e7ait &#8211; d\u00e9j\u00e0 &#8211; dans les ann\u00e9es 60, les dangers des pesticides sur les \u00e9cosyst\u00e8mes. L&rsquo;artiste invite alors \u00e0 un parcours exp\u00e9rimental, presque scientifique.<\/p>\n<p data-start=\"358\" data-end=\"684\">\u00ab\u00a0Ce verre est luminescent. Il est r\u00e9actif \u00e0 la lumi\u00e8re ultraviolette. Il met en lumi\u00e8re l&rsquo;impact des pesticides et des insecticides, et notamment tout l&rsquo;impact sur le sol vivant que \u00e7a peut avoir.\u00a0\u00bb<\/p>\n<p data-start=\"636\" data-end=\"896\">La cr\u00e9ation d&rsquo;Ana\u00efs est compos\u00e9e de centaines de microcosmes en porcelaine phosphorescente, symbolisant les organismes microscopiques essentiels \u00e0 la cha\u00eene alimentaire. Leur lumi\u00e8re rappelle les pollutions invisibles qui menacent la biodiversit\u00e9.<\/p>\n<p data-start=\"3026\" data-end=\"3276\">Au sol, un r\u00e9seau de ciment fissur\u00e9 \u00e9voque les terres ass\u00e9ch\u00e9es et l\u2019envahissement urbain.<\/p>\n<p><a data-article-figure=\"\" href=\"https:\/\/france3-regions.franceinfo.fr\/image\/6PSLOyp4m4IHNfiHACD1oSBBHE0\/1920x1080\/regions\/2025\/06\/20\/clean-en-plein-centre-s01-en-plein-centre-episode-8-00-09-58-19-68555d83aaccf450432140.jpg\" data-pswp-width=\"1920\" data-pswp-height=\"1080\" target=\"_blank\" rel=\"nofollow noopener\"><\/p>\n<p>          <img width=\"600\" height=\"400\" class=\"article-image lazy\" data-src=\"https:\/\/www.europesays.com\/fr\/wp-content\/uploads\/2025\/06\/clean-en-plein-centre-s01-en-plein-centre-episode-8-00-09-58-19-68555d83aaccf450432140.jpg\" alt=\"Cette oeuvre d'Ana\u00efs Dunn \u00e9voque les terres ass\u00e9ch\u00e9es et l\u2019envahissement urbain.\" fetchpriority=\"high\" as=\"image\"\/><\/p>\n<p>\n            Cette oeuvre d&rsquo;Ana\u00efs Dunn \u00e9voque les terres ass\u00e9ch\u00e9es et l\u2019envahissement urbain.<br \/>\n                           \u2022<br \/>\n                                      \u00a9 France t\u00e9l\u00e9visions \/ Flair Production\n                      <\/p>\n<p><\/a><\/p>\n<p data-start=\"3026\" data-end=\"3276\">\u00ab\u00a0Le b\u00e9ton, c&rsquo;est la deuxi\u00e8me mati\u00e8re la plus utilis\u00e9e apr\u00e8s l&rsquo;eau sur terre. Il y a une utilisation d\u00e9mesur\u00e9e. Par cette pi\u00e8ce-l\u00e0, j&rsquo;ai voulu repr\u00e9senter la s\u00e9cheresse. J&rsquo;ai voulu mat\u00e9rialiser l\u00e0 o\u00f9 l&rsquo;eau manque.\u00a0\u00bb<\/p>\n<p>\u25ba\u00a0D&rsquo;autres d\u00e9couvertes vous attendent dans l&rsquo;\u00e9mission En Plein Centre pr\u00e9sent\u00e9e par Constance Arnoult. Rendez-vous ce mercredi 25 juin \u00e0 23h55. Et si vous ne pouvez plus attendre, l&rsquo;\u00e9mission est d\u00e9j\u00e0 disponible\u00a0<a href=\"https:\/\/www.france.tv\/france-3\/centre-val-de-loire\/\" target=\"_blank\" rel=\"noopener nofollow\">en avant-premi\u00e8re sur notre plateforme de replay france.tv.<\/a>\u00a0<\/p>\n","protected":false},"excerpt":{"rendered":"\u00c0 Bourges, Ana\u00efs Dunn m\u00e9lange art et science pour nous faire ouvrir les yeux sur la biodiversit\u00e9 en&hellip;\n","protected":false},"author":2,"featured_media":213144,"comment_status":"","ping_status":"","sticky":false,"template":"","format":"standard","meta":{"footnotes":""},"categories":[1358],"tags":[1348,1384,1385,1386,58,59,1011,27],"class_list":{"0":"post-213143","1":"post","2":"type-post","3":"status-publish","4":"format-standard","5":"has-post-thumbnail","7":"category-arts-et-design","8":"tag-arts","9":"tag-arts-and-design","10":"tag-arts-et-design","11":"tag-design","12":"tag-divertissement","13":"tag-entertainment","14":"tag-fr","15":"tag-france"},"share_on_mastodon":{"url":"https:\/\/pubeurope.com\/@fr\/114766338015124813","error":""},"_links":{"self":[{"href":"https:\/\/www.europesays.com\/fr\/wp-json\/wp\/v2\/posts\/213143","targetHints":{"allow":["GET"]}}],"collection":[{"href":"https:\/\/www.europesays.com\/fr\/wp-json\/wp\/v2\/posts"}],"about":[{"href":"https:\/\/www.europesays.com\/fr\/wp-json\/wp\/v2\/types\/post"}],"author":[{"embeddable":true,"href":"https:\/\/www.europesays.com\/fr\/wp-json\/wp\/v2\/users\/2"}],"replies":[{"embeddable":true,"href":"https:\/\/www.europesays.com\/fr\/wp-json\/wp\/v2\/comments?post=213143"}],"version-history":[{"count":0,"href":"https:\/\/www.europesays.com\/fr\/wp-json\/wp\/v2\/posts\/213143\/revisions"}],"wp:featuredmedia":[{"embeddable":true,"href":"https:\/\/www.europesays.com\/fr\/wp-json\/wp\/v2\/media\/213144"}],"wp:attachment":[{"href":"https:\/\/www.europesays.com\/fr\/wp-json\/wp\/v2\/media?parent=213143"}],"wp:term":[{"taxonomy":"category","embeddable":true,"href":"https:\/\/www.europesays.com\/fr\/wp-json\/wp\/v2\/categories?post=213143"},{"taxonomy":"post_tag","embeddable":true,"href":"https:\/\/www.europesays.com\/fr\/wp-json\/wp\/v2\/tags?post=213143"}],"curies":[{"name":"wp","href":"https:\/\/api.w.org\/{rel}","templated":true}]}}