{"id":213145,"date":"2025-06-29T11:08:13","date_gmt":"2025-06-29T11:08:13","guid":{"rendered":"https:\/\/www.europesays.com\/fr\/213145\/"},"modified":"2025-06-29T11:08:13","modified_gmt":"2025-06-29T11:08:13","slug":"bize-minervois-le-sacrifice-des-lions-dorothee-chesnot-dumait-dedicace-une-oeuvre-de-memoire-et-demotion","status":"publish","type":"post","link":"https:\/\/www.europesays.com\/fr\/213145\/","title":{"rendered":"Bize-Minervois. \u00ab\u00a0Le sacrifice des lions\u00a0\u00bb : Doroth\u00e9e Chesnot Dumait d\u00e9dicace une \u0153uvre de m\u00e9moire et d\u2019\u00e9motion"},"content":{"rendered":"<p>C\u2019est \u00e0 Bize-Minervois, son village d\u2019enfance, que l\u2019auteur du Sacrifice des lions viendra \u00e0 la rencontre de ses lecteurs le <b>jeudi 17 juillet <\/b>\u00e0 17 heures, \u00e0 la biblioth\u00e8que municipale. Une date symbolique, dans un lieu charg\u00e9 de souvenirs, pour une d\u00e9dicace qui s\u2019annonce intimiste et chaleureuse.<\/p>\n<p><b>Histoire m\u00e9connue<\/b><\/p>\n<p>Son roman, publi\u00e9 aux \u00e9ditions Michel Lafon, puise sa force dans un subtil m\u00e9lange d\u2019histoire, d\u2019\u00e9motion et de personnages attachants. Tout est parti d\u2019un simple article du Nouvel Obs, \u00e9voquant des actes de r\u00e9sistance m\u00e9connus pendant la Seconde Guerre mondiale. Quelques lignes \u00e0 peine, mais une r\u00e9v\u00e9lation : la Grande Mosqu\u00e9e de Paris aurait aid\u00e9 les juifs. \u00ab\u00a0Je connaissais ce lieu pour y avoir bu un th\u00e9, mais je ne soup\u00e7onnais pas son histoire \u00e0 cette \u00e9poque\u00a0\u00bb, raconte l\u2019auteur. Ce point de d\u00e9part l\u2019am\u00e8ne \u00e0 explorer l\u2019univers ouvrier de Peugeot \u00e0 Sochaux, o\u00f9 se m\u00ealent luttes, courage et solidarit\u00e9.<\/p>\n<p>Son p\u00e8re, auteur de th\u00e9\u00e2tre, lui a transmis tr\u00e8s t\u00f4t l\u2019amour de l\u2019histoire et des mots. \u00ab\u00a0Nos discussions sur cette p\u00e9riode ont \u00e9t\u00e9 pr\u00e9cieuses. Les \u00e9motions profondes, je les \u00e9cris le matin et \u00e0 la tomb\u00e9e de la nuit\u00a0\u00bb, dit-elle.<\/p>\n<p>Son livre touche un large public. Une lectrice lui a un jour confi\u00e9 l\u2019avoir trouv\u00e9 dans les mains de son mari passionn\u00e9 d\u2019automobile, alors qu\u2019ils se sont partag\u00e9 le roman pendant les vacances, sans jamais se spoiler : \u00ab\u00a0J\u2019ai trouv\u00e9 \u00e7a tr\u00e8s dr\u00f4le, et r\u00e9v\u00e9lateur\u00a0\u00bb.<\/p>\n<p>Sans jamais c\u00e9der \u00e0 l\u2019id\u00e9alisme, l\u2019auteur a voulu montrer qu\u2019\u00e0 travers la guerre, ouvriers et directeurs pouvaient faire \u00e9quipe pour reconstruire un pays. Ce message d\u2019unit\u00e9 r\u00e9sonne fort aujourd\u2019hui. Elle cite d\u2019ailleurs un symbole marquant : le capitaine de l\u2019\u00e9quipe de France de football de l\u2019\u00e9poque, \u00e9galement d\u00e9fenseur \u00e0 Sochaux, figure au c\u0153ur de l\u2019intrigue.<\/p>\n<p>Le roman est son premier, mais son parcours s\u2019est construit patiemment. Un soir au th\u00e9\u00e2tre, elle glisse son sc\u00e9nario \u00e0 Olivier Marchal. Une rencontre fortuite plus tard, avec Margaux Russo, \u00e9ditrice chez Michel Lafon, fait \u00e9clore son aventure litt\u00e9raire.<\/p>\n<p>Aujourd\u2019hui, elle n\u2019exclut aucun genre : \u00ab\u00a0Je vais l\u00e0 o\u00f9 mes histoires me portent\u00a0\u00bb. \u00c0 ceux qui r\u00eavent d\u2019\u00e9crire, elle glisse un conseil : \u00ab\u00a0Choisissez des personnages que vous serez heureux de retrouver\u00a0\u00bb.<\/p>\n<p>Et pour ceux qui souhaitent la rencontrer, elle sera \u00e0 Bize, \u00ab\u00a0l\u00e0 o\u00f9 tout a commenc\u00e9\u00a0\u00bb. Mais attention, aucun livre ne sera en vente sur place et il faudra venir avec le sien.<\/p>\n","protected":false},"excerpt":{"rendered":"C\u2019est \u00e0 Bize-Minervois, son village d\u2019enfance, que l\u2019auteur du Sacrifice des lions viendra \u00e0 la rencontre de ses&hellip;\n","protected":false},"author":2,"featured_media":213146,"comment_status":"","ping_status":"","sticky":false,"template":"","format":"standard","meta":{"footnotes":""},"categories":[1357],"tags":[1379,58,59,1011,27,1380],"class_list":{"0":"post-213145","1":"post","2":"type-post","3":"status-publish","4":"format-standard","5":"has-post-thumbnail","7":"category-livres","8":"tag-books","9":"tag-divertissement","10":"tag-entertainment","11":"tag-fr","12":"tag-france","13":"tag-livres"},"share_on_mastodon":{"url":"https:\/\/pubeurope.com\/@fr\/114766341980683660","error":""},"_links":{"self":[{"href":"https:\/\/www.europesays.com\/fr\/wp-json\/wp\/v2\/posts\/213145","targetHints":{"allow":["GET"]}}],"collection":[{"href":"https:\/\/www.europesays.com\/fr\/wp-json\/wp\/v2\/posts"}],"about":[{"href":"https:\/\/www.europesays.com\/fr\/wp-json\/wp\/v2\/types\/post"}],"author":[{"embeddable":true,"href":"https:\/\/www.europesays.com\/fr\/wp-json\/wp\/v2\/users\/2"}],"replies":[{"embeddable":true,"href":"https:\/\/www.europesays.com\/fr\/wp-json\/wp\/v2\/comments?post=213145"}],"version-history":[{"count":0,"href":"https:\/\/www.europesays.com\/fr\/wp-json\/wp\/v2\/posts\/213145\/revisions"}],"wp:featuredmedia":[{"embeddable":true,"href":"https:\/\/www.europesays.com\/fr\/wp-json\/wp\/v2\/media\/213146"}],"wp:attachment":[{"href":"https:\/\/www.europesays.com\/fr\/wp-json\/wp\/v2\/media?parent=213145"}],"wp:term":[{"taxonomy":"category","embeddable":true,"href":"https:\/\/www.europesays.com\/fr\/wp-json\/wp\/v2\/categories?post=213145"},{"taxonomy":"post_tag","embeddable":true,"href":"https:\/\/www.europesays.com\/fr\/wp-json\/wp\/v2\/tags?post=213145"}],"curies":[{"name":"wp","href":"https:\/\/api.w.org\/{rel}","templated":true}]}}