{"id":213154,"date":"2025-06-29T11:14:10","date_gmt":"2025-06-29T11:14:10","guid":{"rendered":"https:\/\/www.europesays.com\/fr\/213154\/"},"modified":"2025-06-29T11:14:10","modified_gmt":"2025-06-29T11:14:10","slug":"funerailles-de-charles-iii-le-roi-a-deja-tout-planifie-harry-et-meghan-joueraient-un-role-central","status":"publish","type":"post","link":"https:\/\/www.europesays.com\/fr\/213154\/","title":{"rendered":"Fun\u00e9railles de Charles III : le roi a d\u00e9j\u00e0 tout planifi\u00e9 ! Harry et Meghan joueraient un r\u00f4le central"},"content":{"rendered":"<p data-start=\"0\" data-end=\"98\">Les rumeurs de r\u00e9conciliation entre<br \/>\nle Roi et le <a href=\"https:\/\/www.closermag.fr\/royautes\/prince-harry-sa-derniere-decision-va-coller-une-sacree-migraine-a-la-famille-royale-3558894\" rel=\"nofollow noopener\" target=\"_blank\"><br \/>\nprince Harry<\/a> se multiplient ces derniers temps. Du c\u00f4t\u00e9 du duc<br \/>\nde Sussex, ces sentiments se sont surtout exprim\u00e9s lors<br \/>\nd\u2019interviews t\u00e9l\u00e9vis\u00e9es. \u00c0 Buckingham Palace, en revanche, la<br \/>\nparole officielle reste rare. Pourtant, dans l\u2019ombre, le Roi esp\u00e8re<br \/>\nsinc\u00e8rement <strong>renouer avec son fils<\/strong> et construire<br \/>\nune relation avec ses deux petits-enfants californiens.<\/p>\n<p data-start=\"0\" data-end=\"268\">Plusieurs occasions pourraient<br \/>\nfaciliter ce rapprochement. Parmi elles, la <strong>prochaine<br \/>\n\u00e9dition des Invictus Games<\/strong>, organis\u00e9e par le duc, qui se<br \/>\ntiendra \u00e0 Birmingham en 2027. \u00c0 cela s\u2019ajoutent les c\u00e9l\u00e9brations du<br \/>\n80\u1d49 <strong>anniversaire<\/strong> du souverain, pr\u00e9vues l\u2019ann\u00e9e<br \/>\nsuivante. The Telegraph<br \/>\nr\u00e9v\u00e8le par ailleurs que le Roi a inclus non seulement le duc, mais<br \/>\naussi la duchesse de Sussex. Leurs deux enfants, Archie, six ans,<br \/>\net Lilibet, trois ans, font \u00e9galement partie int\u00e9grante des<br \/>\nplans.<\/p>\n<p>Charles III attribue des r\u00f4les<br \/>\nsp\u00e9cifiques \u00e0 Harry et Meghan<\/p>\n<p>Selon The Telegraph, lorsque le jour sombre arrivera<br \/>\npour la monarchie britannique, Charles III souhaite que les Sussex<br \/>\nsoient pleinement int\u00e9gr\u00e9s aux c\u00e9r\u00e9monies. Le prince Harry devra<br \/>\nainsi \u00ab\u00a0marcher <strong>c\u00f4te \u00e0 c\u00f4te avec son fr\u00e8re<\/strong> lors<br \/>\ndes processions dans les rues du centre de Londres\u00a0\u00bb. Le plan<br \/>\nfun\u00e9raire pr\u00e9voit \u00e9galement que \u00ab\u00a0le duc et la duchesse de<br \/>\nSussex seront invit\u00e9s \u00e0 <strong>participer \u00e0 la veill\u00e9e<br \/>\nfamiliale<\/strong> \u00e0 Westminster \u00e0 jouer un r\u00f4le de premier plan<br \/>\naux c\u00f4t\u00e9s des membres de la famille royale les plus chevronn\u00e9s<br \/>\npendant le service fun\u00e9raire\u00a0\u00bb.<\/p>\n<p>Les enfants d\u2019Harry et <a href=\"https:\/\/www.closermag.fr\/royautes\/on-a-fermement-refuse-meghan-markle-se-fait-claquer-la-porte-au-nez-par-cette-prestigieuse-enseigne-3559157\" rel=\"nofollow noopener\" target=\"_blank\"><br \/>\nMeghan<\/a>, Archie et Lilibet, auront aussi la possibilit\u00e9<br \/>\nd\u2019assister \u00ab\u00a0<strong>au service fun\u00e9raire<\/strong> au sein de<br \/>\nl\u2019Abbaye de Westminster. Ainsi qu\u2019au <strong>rassemblement<\/strong><br \/>\n\u00e0 la chapelle Saint-Georges de Windsor. S\u2019ils le souhaitent\u00a0\u00bb.<br \/>\nPar ailleurs, tr\u00e8s engag\u00e9 en faveur de l\u2019environnement, Charles III<br \/>\nsouhaite que des \u00e9l\u00e9ments durables soient int\u00e9gr\u00e9s. Le tout<br \/>\n\u00ab\u00a0dans la mesure du possible\u00a0\u00bb, pr\u00e9cise le quotidien.<\/p>\n<p>Le roi op\u00e8re des changements au niveau<br \/>\ndu protocole<\/p>\n<p>La p\u00e9riode de deuil royal conna\u00eetra des ajustements notables<br \/>\nlors du d\u00e9c\u00e8s de <a href=\"https:\/\/www.closermag.fr\/royautes\/kate-et-william-prets-a-prendre-la-suite-de-charles-iii-et-camilla-ca-sactive-deja-en-coulisses-3557477\" rel=\"nofollow noopener\" target=\"_blank\"><br \/>\nCharles III<\/a>. Le deuil royal pour Charles III sera plus court<br \/>\nque celui observ\u00e9 lors du d\u00e9c\u00e8s d\u2019Elizabeth II. Le deuil sera<br \/>\nalign\u00e9 sur la <strong>dur\u00e9e officielle du deuil national<\/strong>.<br \/>\nIl commencera au moment du d\u00e9c\u00e8s du roi. Celui-ci se terminera le<br \/>\njour de ses fun\u00e9railles : \u00ab\u00a0Cela commencera \u00e0 la mort du roi et<br \/>\ndurera jusqu\u2019au jour de ses fun\u00e9railles, <strong>10 ou 11 jours<br \/>\nplus tard<\/strong>\u00ab\u00a0.<\/p>\n<p>Comme toujours, des plans tr\u00e8s pr\u00e9cis anticipent toutes les<br \/>\npossibilit\u00e9s concernant le lieu du d\u00e9c\u00e8s du Roi. Des mesures sont<br \/>\npr\u00e9vues pour transporter son cercueil depuis chaque r\u00e9sidence<br \/>\nroyale jusqu\u2019\u00e0 Buckingham Palace. Le train royal, qui avait \u00e9t\u00e9<br \/>\nenvisag\u00e9 pour acheminer le corps de la reine Elizabeth II lors de<br \/>\nson d\u00e9c\u00e8s en \u00c9cosse, a \u00e9t\u00e9 supprim\u00e9 des protocoles officiels. Le<br \/>\ncorps de la souveraine avait finalement \u00e9t\u00e9 transf\u00e9r\u00e9 par avion<br \/>\njusqu\u2019\u00e0 la base RAF Northolt \u00e0 Londres, escort\u00e9 par la Princesse<br \/>\nRoyale.<\/p>\n","protected":false},"excerpt":{"rendered":"Les rumeurs de r\u00e9conciliation entre le Roi et le prince Harry se multiplient ces derniers temps. Du c\u00f4t\u00e9&hellip;\n","protected":false},"author":2,"featured_media":213155,"comment_status":"","ping_status":"","sticky":false,"template":"","format":"standard","meta":{"footnotes":""},"categories":[8],"tags":[548,581,58,59,1011,27,908,267],"class_list":{"0":"post-213154","1":"post","2":"type-post","3":"status-publish","4":"format-standard","5":"has-post-thumbnail","7":"category-divertissement","8":"tag-article-simple","9":"tag-charles-iii","10":"tag-divertissement","11":"tag-entertainment","12":"tag-fr","13":"tag-france","14":"tag-meghan-markle","15":"tag-prince-harry"},"share_on_mastodon":{"url":"https:\/\/pubeurope.com\/@fr\/114766365826123849","error":""},"_links":{"self":[{"href":"https:\/\/www.europesays.com\/fr\/wp-json\/wp\/v2\/posts\/213154","targetHints":{"allow":["GET"]}}],"collection":[{"href":"https:\/\/www.europesays.com\/fr\/wp-json\/wp\/v2\/posts"}],"about":[{"href":"https:\/\/www.europesays.com\/fr\/wp-json\/wp\/v2\/types\/post"}],"author":[{"embeddable":true,"href":"https:\/\/www.europesays.com\/fr\/wp-json\/wp\/v2\/users\/2"}],"replies":[{"embeddable":true,"href":"https:\/\/www.europesays.com\/fr\/wp-json\/wp\/v2\/comments?post=213154"}],"version-history":[{"count":0,"href":"https:\/\/www.europesays.com\/fr\/wp-json\/wp\/v2\/posts\/213154\/revisions"}],"wp:featuredmedia":[{"embeddable":true,"href":"https:\/\/www.europesays.com\/fr\/wp-json\/wp\/v2\/media\/213155"}],"wp:attachment":[{"href":"https:\/\/www.europesays.com\/fr\/wp-json\/wp\/v2\/media?parent=213154"}],"wp:term":[{"taxonomy":"category","embeddable":true,"href":"https:\/\/www.europesays.com\/fr\/wp-json\/wp\/v2\/categories?post=213154"},{"taxonomy":"post_tag","embeddable":true,"href":"https:\/\/www.europesays.com\/fr\/wp-json\/wp\/v2\/tags?post=213154"}],"curies":[{"name":"wp","href":"https:\/\/api.w.org\/{rel}","templated":true}]}}