{"id":213160,"date":"2025-06-29T11:17:09","date_gmt":"2025-06-29T11:17:09","guid":{"rendered":"https:\/\/www.europesays.com\/fr\/213160\/"},"modified":"2025-06-29T11:17:09","modified_gmt":"2025-06-29T11:17:09","slug":"le-chef-du-renseignement-exterieur-russe-dit-avoir-parle-a-son-homologue-americain-de-la-cia","status":"publish","type":"post","link":"https:\/\/www.europesays.com\/fr\/213160\/","title":{"rendered":"Le chef du renseignement ext\u00e9rieur russe dit avoir parl\u00e9 \u00e0 son homologue am\u00e9ricain de la CIA"},"content":{"rendered":"<p class=\"fig-paragraph\">Le directeur du Service de renseignement ext\u00e9rieur russe (SVR), Sergue\u00ef Narychkine, a annonc\u00e9 dimanche s&rsquo;\u00eatre entretenu avec le chef de la CIA am\u00e9ricaine, John Ratcliffe, un nouvel \u00e9change officiel apr\u00e8s un premier appel mi-mars entre les deux hommes, en plein rapprochement entre Moscou et Washington. \u00abJ&rsquo;ai eu une conversation t\u00e9l\u00e9phonique avec mon homologue am\u00e9ricain, et nous avons convenu de nous appeler \u00e0 tout moment pour discuter des questions qui nous int\u00e9ressent\u00bb, a dit Sergue\u00ef Narychkine \u00e0 la t\u00e9l\u00e9vision d&rsquo;\u00c9tat russe, sans donner plus de d\u00e9tails.<\/p>\n<p class=\"fig-paragraph\">Sergue\u00ef Narychkine, un proche du pr\u00e9sident Vladimir Poutine, et M. Ratcliffe s\u2019\u00e9taient d\u00e9j\u00e0 parl\u00e9 le 11 mars dernier, leur premier contact connu depuis le retour \u00e0 la Maison Blanche de Donald Trump en d\u00e9but d\u2019ann\u00e9e. Ces deux appels officiels entre les chefs du SVR russe et de la CIA am\u00e9ricaine interviennent au moment o\u00f9 Moscou et Washington ont enclench\u00e9 un r\u00e9chauffement de leurs relations diplomatiques, malgr\u00e9 la poursuite du conflit en Ukraine, o\u00f9 les Am\u00e9ricains soutiennent Kiev.<\/p>\n<p class=\"fig-paragraph\">Les d\u00e9saccords restent toutefois nombreux entre Moscou et Washington, apr\u00e8s de nombreuses ann\u00e9es de tensions extr\u00eames. Les Am\u00e9ricains continuent, par exemple, de fournir \u00e0 Kiev du renseignement essentiel aux forces ukrainiennes apr\u00e8s plus de trois ans d\u2019offensive \u00e0 grande \u00e9chelle de l\u2019arm\u00e9e russe. En mars, Sergue\u00ef Narychkine et John Ratcliffe s\u2019\u00e9taient mis d\u2019\u00abaccord pour (maintenir) des contacts r\u00e9guliers\u00bb, selon un communiqu\u00e9 de la partie russe cit\u00e9 par l\u2019agence d\u2019Etat Tass.<\/p>\n","protected":false},"excerpt":{"rendered":"Le directeur du Service de renseignement ext\u00e9rieur russe (SVR), Sergue\u00ef Narychkine, a annonc\u00e9 dimanche s&rsquo;\u00eatre entretenu avec le&hellip;\n","protected":false},"author":2,"featured_media":213161,"comment_status":"","ping_status":"","sticky":false,"template":"","format":"standard","meta":{"footnotes":""},"categories":[5],"tags":[259,11,260,5884,1011,27,14,261,12,262,28],"class_list":{"0":"post-213160","1":"post","2":"type-post","3":"status-publish","4":"format-standard","5":"has-post-thumbnail","7":"category-international","8":"tag-actualite-internationale","9":"tag-actualites","10":"tag-affaires-etrangeres","11":"tag-cia","12":"tag-fr","13":"tag-france","14":"tag-international","15":"tag-ministere-des-affaires-etrangeres","16":"tag-news","17":"tag-politique-etrangere","18":"tag-world"},"share_on_mastodon":{"url":"https:\/\/pubeurope.com\/@fr\/114766377407187758","error":""},"_links":{"self":[{"href":"https:\/\/www.europesays.com\/fr\/wp-json\/wp\/v2\/posts\/213160","targetHints":{"allow":["GET"]}}],"collection":[{"href":"https:\/\/www.europesays.com\/fr\/wp-json\/wp\/v2\/posts"}],"about":[{"href":"https:\/\/www.europesays.com\/fr\/wp-json\/wp\/v2\/types\/post"}],"author":[{"embeddable":true,"href":"https:\/\/www.europesays.com\/fr\/wp-json\/wp\/v2\/users\/2"}],"replies":[{"embeddable":true,"href":"https:\/\/www.europesays.com\/fr\/wp-json\/wp\/v2\/comments?post=213160"}],"version-history":[{"count":0,"href":"https:\/\/www.europesays.com\/fr\/wp-json\/wp\/v2\/posts\/213160\/revisions"}],"wp:featuredmedia":[{"embeddable":true,"href":"https:\/\/www.europesays.com\/fr\/wp-json\/wp\/v2\/media\/213161"}],"wp:attachment":[{"href":"https:\/\/www.europesays.com\/fr\/wp-json\/wp\/v2\/media?parent=213160"}],"wp:term":[{"taxonomy":"category","embeddable":true,"href":"https:\/\/www.europesays.com\/fr\/wp-json\/wp\/v2\/categories?post=213160"},{"taxonomy":"post_tag","embeddable":true,"href":"https:\/\/www.europesays.com\/fr\/wp-json\/wp\/v2\/tags?post=213160"}],"curies":[{"name":"wp","href":"https:\/\/api.w.org\/{rel}","templated":true}]}}