{"id":213170,"date":"2025-06-29T11:23:10","date_gmt":"2025-06-29T11:23:10","guid":{"rendered":"https:\/\/www.europesays.com\/fr\/213170\/"},"modified":"2025-06-29T11:23:10","modified_gmt":"2025-06-29T11:23:10","slug":"lhistoire-locale-jouee-par-des-ecoliers-de-nancy","status":"publish","type":"post","link":"https:\/\/www.europesays.com\/fr\/213170\/","title":{"rendered":"L\u2019histoire locale jou\u00e9e par\u00a0des\u00a0\u00e9coliers de Nancy"},"content":{"rendered":"<p>Les Stenaisiens connaissent-ils l\u2019histoire de leur ville\u00a0? Pas s\u00fbr\u00a0! Et c\u2019est le Cours Sainte-Philom\u00e8ne de Nancy qui vient de leur donner une le\u00e7on d\u2019histoire\u00a0locale.<\/p>\n<p>Mais comment cette \u00e9cole s\u2019est-elle retrouv\u00e9e \u00e0 apprendre aux Stenaisiens l\u2019histoire de leur ville\u00a0? \u00ab\u00a0J\u2019ai, dit l\u2019abb\u00e9 Gr\u00e9goire Chauvet, un a\u00efeul mort\u00a0pour la France en 1915 en Champagne, enterr\u00e9 au cimeti\u00e8re de Stenay. Tous les ans au mois de novembre, je viens sur\u00a0la tombe. Mes pas m\u2019ont conduit devant la s\u00e9pulture des\u00a0pr\u00eatres, dont Mgr \u00a0Mangin, mort pour la France en 1914\u00a0; l\u2019une des tombes entretenues par le Souvenir fran\u00e7ais. Je me suis int\u00e9ress\u00e9 \u00e0 ce pr\u00e9lat, et rapidement l\u2019id\u00e9e d\u2019une pi\u00e8ce de th\u00e9\u00e2tre m\u2019est venue.\u00a0\u00bb<\/p>\n<p>Rapidement en effet, car le Cours n\u2019aura eu qu\u2019un mois pour s\u2019int\u00e9resser \u00e0 un drame en\u00a0cinq actes d\u2019une trentaine de minutes intitul\u00e9 \u00ab\u00a0L\u2019\u00e9cho\u00a0de\u00a0Stenay\u00a0\u00bb.<\/p>\n<p>  Costumes r\u00e9alistes<\/p>\n<p>Cette pi\u00e8ce aborde les moments \u00e9piques de la s\u00e9paration de l\u2019\u00c9glise et de l\u2019\u00c9tat dans\u00a0la cit\u00e9 et l\u2019h\u00e9ro\u00efsme de Mgr \u00a0Mangin face \u00e0 l\u2019envahisseur allemand dans les premiers instants de la Grande Guerre.<\/p>\n<p>Des costumes \u00e0 couper le souffle, des \u00e9l\u00e8ves com\u00e9diens n\u00e9s et un texte fid\u00e8le \u00e0 l\u2019histoire ont emmen\u00e9 le spectateur de 1890 \u00e0 1914 dans un Stenay plus vrai que nature, lui permettant de revivre des moments cl\u00e9s et m\u00e9connus de son pass\u00e9. Un pari r\u00e9ussi pour cette \u00e9cole qui a su, avec passion et d\u00e9vouement, illuminer une partie de l\u2019histoire locale des\u00a0Stenaisiens.<\/p>\n<p>Nous, on leur donnerait volontiers d\u2019autres th\u00e8mes pour l\u2019an prochain.<\/p>\n","protected":false},"excerpt":{"rendered":"Les Stenaisiens connaissent-ils l\u2019histoire de leur ville\u00a0? Pas s\u00fbr\u00a0! Et c\u2019est le Cours Sainte-Philom\u00e8ne de Nancy qui vient&hellip;\n","protected":false},"author":2,"featured_media":213171,"comment_status":"","ping_status":"","sticky":false,"template":"","format":"standard","meta":{"footnotes":""},"categories":[9635],"tags":[1111,11,35297,10174,1057,1777,674,1011,27,775,1702,12,25,35296],"class_list":{"0":"post-213170","1":"post","2":"type-post","3":"status-publish","4":"format-standard","5":"has-post-thumbnail","7":"category-nancy","8":"tag-actu","9":"tag-actualites","10":"tag-cc-du-pays-de-stenay-et-du-val-dunois-55a","11":"tag-edition-verdun","12":"tag-education","13":"tag-eu","14":"tag-europe","15":"tag-fr","16":"tag-france","17":"tag-grand-est","18":"tag-nancy","19":"tag-news","20":"tag-republique-francaise","21":"tag-stenay"},"share_on_mastodon":{"url":"https:\/\/pubeurope.com\/@fr\/114766400952639033","error":""},"_links":{"self":[{"href":"https:\/\/www.europesays.com\/fr\/wp-json\/wp\/v2\/posts\/213170","targetHints":{"allow":["GET"]}}],"collection":[{"href":"https:\/\/www.europesays.com\/fr\/wp-json\/wp\/v2\/posts"}],"about":[{"href":"https:\/\/www.europesays.com\/fr\/wp-json\/wp\/v2\/types\/post"}],"author":[{"embeddable":true,"href":"https:\/\/www.europesays.com\/fr\/wp-json\/wp\/v2\/users\/2"}],"replies":[{"embeddable":true,"href":"https:\/\/www.europesays.com\/fr\/wp-json\/wp\/v2\/comments?post=213170"}],"version-history":[{"count":0,"href":"https:\/\/www.europesays.com\/fr\/wp-json\/wp\/v2\/posts\/213170\/revisions"}],"wp:featuredmedia":[{"embeddable":true,"href":"https:\/\/www.europesays.com\/fr\/wp-json\/wp\/v2\/media\/213171"}],"wp:attachment":[{"href":"https:\/\/www.europesays.com\/fr\/wp-json\/wp\/v2\/media?parent=213170"}],"wp:term":[{"taxonomy":"category","embeddable":true,"href":"https:\/\/www.europesays.com\/fr\/wp-json\/wp\/v2\/categories?post=213170"},{"taxonomy":"post_tag","embeddable":true,"href":"https:\/\/www.europesays.com\/fr\/wp-json\/wp\/v2\/tags?post=213170"}],"curies":[{"name":"wp","href":"https:\/\/api.w.org\/{rel}","templated":true}]}}