{"id":213172,"date":"2025-06-29T11:24:12","date_gmt":"2025-06-29T11:24:12","guid":{"rendered":"https:\/\/www.europesays.com\/fr\/213172\/"},"modified":"2025-06-29T11:24:12","modified_gmt":"2025-06-29T11:24:12","slug":"installation-dune-centaine-de-caravanes-a-cote-du-golf-les-gens-du-voyage-pries-de-quitter-le-plan-de-la-garde","status":"publish","type":"post","link":"https:\/\/www.europesays.com\/fr\/213172\/","title":{"rendered":"Installation d&rsquo;une centaine de caravanes \u00e0 c\u00f4t\u00e9 du golf: les gens du voyage pri\u00e9s de quitter le Plan de La Garde"},"content":{"rendered":"<p>Ironie du calendrier: c\u2019est pr\u00e9cis\u00e9ment le jour choisi par le D\u00e9partement pour f\u00eater en grande pompe les cinq ans de son espace nature, am\u00e9nag\u00e9 par la collectivit\u00e9 sur le territoire de la commune de La Garde,\u00a0qu\u2019<strong>un important convoi de gens du voyage a d\u00e9cid\u00e9 d\u2019investir les lieux<\/strong>.<\/p>\n<p>Hier matin, une centaine de caravanes environ se sont ainsi install\u00e9es le long du vieux chemin d\u2019Hy\u00e8res, sur un terrain localis\u00e9 en lisi\u00e8re du parc. \u00c9lus et gitans ne se sont toutefois pas crois\u00e9s: les deux \u00ab\u00a0camps\u00a0\u00bb \u00e9tant situ\u00e9s de part et d\u2019autre des 135 hectares de la zone verte.<\/p>\n<p>Les forces de l\u2019ordre, accompagn\u00e9es d\u2019un m\u00e9diateur, se sont, elles, rapidement rendues sur place. Coll\u00e9 au golf de Valgarde, <a href=\"https:\/\/www.varmatin.com\/vie-locale\/un-convoi-de-gens-du-voyage-arrive-au-plan-de-la-garde-992064\" target=\"_blank\" rel=\"noopener\">le site occup\u00e9 par ces membres d\u2019une communaut\u00e9 \u00e9vang\u00e9liste n\u2019\u00e9tait gu\u00e8re du go\u00fbt des autorit\u00e9s. <\/a><\/p>\n<p>\u00c0 commencer par la pr\u00e9fecture du Var, qui a finalement convaincu ces visiteurs jug\u00e9s ind\u00e9sirables, en provenance de Salon-de-Provence, de quitter les lieux. \u00ab\u00a0Malheureusement, il y a r\u00e9guli\u00e8rement des tentatives d\u2019intrusion \u00e0 cet endroit, ce qui est tout \u00e0 fait ill\u00e9gal\u00a0\u00bb, a d\u00e9plor\u00e9 Nicolas Pigaglio, pr\u00e9sident de l\u2019Association de d\u00e9fense du Plan de La Garde.<\/p>\n","protected":false},"excerpt":{"rendered":"Ironie du calendrier: c\u2019est pr\u00e9cis\u00e9ment le jour choisi par le D\u00e9partement pour f\u00eater en grande pompe les cinq&hellip;\n","protected":false},"author":2,"featured_media":213173,"comment_status":"","ping_status":"","sticky":false,"template":"","format":"standard","meta":{"footnotes":""},"categories":[9619],"tags":[1111,11,1777,674,332,1011,27,12,882,25,2310],"class_list":{"0":"post-213172","1":"post","2":"type-post","3":"status-publish","4":"format-standard","5":"has-post-thumbnail","7":"category-toulon","8":"tag-actu","9":"tag-actualites","10":"tag-eu","11":"tag-europe","12":"tag-faits-de-societe","13":"tag-fr","14":"tag-france","15":"tag-news","16":"tag-provence-alpes-cote-dazur","17":"tag-republique-francaise","18":"tag-toulon"},"share_on_mastodon":{"url":"https:\/\/pubeurope.com\/@fr\/114766404902894948","error":""},"_links":{"self":[{"href":"https:\/\/www.europesays.com\/fr\/wp-json\/wp\/v2\/posts\/213172","targetHints":{"allow":["GET"]}}],"collection":[{"href":"https:\/\/www.europesays.com\/fr\/wp-json\/wp\/v2\/posts"}],"about":[{"href":"https:\/\/www.europesays.com\/fr\/wp-json\/wp\/v2\/types\/post"}],"author":[{"embeddable":true,"href":"https:\/\/www.europesays.com\/fr\/wp-json\/wp\/v2\/users\/2"}],"replies":[{"embeddable":true,"href":"https:\/\/www.europesays.com\/fr\/wp-json\/wp\/v2\/comments?post=213172"}],"version-history":[{"count":0,"href":"https:\/\/www.europesays.com\/fr\/wp-json\/wp\/v2\/posts\/213172\/revisions"}],"wp:featuredmedia":[{"embeddable":true,"href":"https:\/\/www.europesays.com\/fr\/wp-json\/wp\/v2\/media\/213173"}],"wp:attachment":[{"href":"https:\/\/www.europesays.com\/fr\/wp-json\/wp\/v2\/media?parent=213172"}],"wp:term":[{"taxonomy":"category","embeddable":true,"href":"https:\/\/www.europesays.com\/fr\/wp-json\/wp\/v2\/categories?post=213172"},{"taxonomy":"post_tag","embeddable":true,"href":"https:\/\/www.europesays.com\/fr\/wp-json\/wp\/v2\/tags?post=213172"}],"curies":[{"name":"wp","href":"https:\/\/api.w.org\/{rel}","templated":true}]}}