{"id":213183,"date":"2025-06-29T11:32:14","date_gmt":"2025-06-29T11:32:14","guid":{"rendered":"https:\/\/www.europesays.com\/fr\/213183\/"},"modified":"2025-06-29T11:32:14","modified_gmt":"2025-06-29T11:32:14","slug":"linconvenient-cest-le-manque-de-lignes-ce-quils-pensent-de-laeroport-de-rennes","status":"publish","type":"post","link":"https:\/\/www.europesays.com\/fr\/213183\/","title":{"rendered":"\u00ab\u00a0L\u2018inconv\u00e9nient c\u2019est le manque de lignes\u00a0\u00bb\u00a0: ce qu\u2019ils pensent de l\u2019a\u00e9roport de Rennes"},"content":{"rendered":"<p>1 Victoria, Londres<\/p>\n<p>\u00ab L\u2019a\u00e9roport est tr\u00e8s pratique. J\u2019habite \u00e0 Londres, ma famille est du c\u00f4t\u00e9 de Saint-Malo. L\u2019a\u00e9roport de Rennes est tr\u00e8s pratique et les avions vers Londres Gatwick sont toujours \u00e0 l\u2019heure. Je prends souvent Easyjet et ils sont moins emb\u00eatants ici que dans d\u2019autres a\u00e9roports. Le seul c\u00f4t\u00e9 n\u00e9gatif c\u2019est le manque de destinations et le peu de diversit\u00e9 en termes de restauration. \u00bb<\/p>\n<p><img decoding=\"async\" src=\"https:\/\/www.europesays.com\/fr\/wp-content\/uploads\/2025\/06\/685d5366710668c8aa09c048.1.jpeg\" width=\"480\" height=\"300\" class=\"web_golden_m\" loading=\"lazy\" alt=\"Pour Victoria, prime \u00e0 la praticit\u00e9.\"\/>Pour Victoria, prime \u00e0 la praticit\u00e9. (David Brunet)2 Jean-Pierre, Marseille<\/p>\n<p>\u00ab La concurrence par rapport au train est bien meilleure. L\u2019a\u00e9roport est nickel, c\u2019est rapide, fluide. Et c\u2019est la meilleure solution pour aller \u00e0 Marseille. On a pay\u00e9 130 \u20ac aller-retour avec Volotea, c\u2019est trois fois moins cher qu\u2019en train, sans changement, et trois fois moins long. Le seul souci, c\u2019est le manque de destinations. \u00bb<\/p>\n<p><img decoding=\"async\" src=\"https:\/\/www.europesays.com\/fr\/wp-content\/uploads\/2025\/06\/685d53665002a85afe0a4029.1.jpeg\" width=\"480\" height=\"300\" class=\"web_golden_m\" loading=\"lazy\" alt=\"Pour Jean-Pierre, l\u2019avion l\u2019emporte sur le train.\"\/>Pour Jean-Pierre, l\u2019avion l\u2019emporte sur le train. (Le T\u00e9l\u00e9gramme\/Dimitri Rouchon-Borie)3 Amaury, Guipry-Messac<\/p>\n<p>\u00ab Je pr\u00e9f\u00e8re Rennes \u00e0 Charles-de-Gaulle. C\u2019est un a\u00e9roport \u00e0 taille humaine c\u2019est tr\u00e8s bien. Pas besoin de se demander o\u00f9 sont les portes d\u2019embarquement. Tout est \u00e0 moins de 300 m. Pour aller \u00e0 Marseille, c\u2019est super, rapide et pas cher. L\u2019inconv\u00e9nient, c\u2019est le manque de lignes. \u00bb<\/p>\n<p><img decoding=\"async\" src=\"https:\/\/www.europesays.com\/fr\/wp-content\/uploads\/2025\/06\/685d5365cb9424752007b3f4.1.jpeg\" width=\"480\" height=\"300\" class=\"web_golden_m\" loading=\"lazy\" alt=\"Amaury, direction Marseille.\"\/>Amaury, direction Marseille. (David Brunet)4 Hugo et Louane, Rennes<\/p>\n<p>\u00ab Ce qu\u2019on aime, c\u2019est la proximit\u00e9, c\u2019est facile pour se rep\u00e9rer. C\u2019est pratique d\u2019avoir une ligne pour Londres, \u00e7a \u00e9vite d\u2019aller \u00e0 Nantes. Par contre, pour aller plus loin, on part de Nantes. Il y a tr\u00e8s peu de destinations au d\u00e9part de Rennes. \u00bb<\/p>\n<p><img decoding=\"async\" src=\"https:\/\/www.europesays.com\/fr\/wp-content\/uploads\/2025\/06\/685d5365c2f325b81b0caa54.1.jpeg\" width=\"480\" height=\"300\" class=\"web_golden_m\" loading=\"lazy\" alt=\"Hugo et Louanne, de retour de Londres.\"\/>Hugo et Louanne, de retour de Londres.5 Pascal, Vitr\u00e9<\/p>\n<p>\u00ab J\u2019arrive du Canada, avec une correspondance \u00e0 Amsterdam. Je suis utilisateur fr\u00e9quent depuis 30 ans pour le travail. L\u2019a\u00e9roport de Rennes, c\u2019est un scandale \u00e0 plusieurs niveaux. Il y a de moins en moins de lignes, les infrastructures sont vieillissantes\u2026 C\u2019est triste pour la r\u00e9gion de Rennes. Si on voulait saboter l\u2019a\u00e9roport, on ne s\u2019y prendrait pas autrement. \u00bb<\/p>\n","protected":false},"excerpt":{"rendered":"1 Victoria, Londres \u00ab L\u2019a\u00e9roport est tr\u00e8s pratique. J\u2019habite \u00e0 Londres, ma famille est du c\u00f4t\u00e9 de Saint-Malo.&hellip;\n","protected":false},"author":2,"featured_media":213184,"comment_status":"","ping_status":"","sticky":false,"template":"","format":"standard","meta":{"footnotes":""},"categories":[2821],"tags":[1111,11,829,1777,674,1011,27,12,584,25],"class_list":{"0":"post-213183","1":"post","2":"type-post","3":"status-publish","4":"format-standard","5":"has-post-thumbnail","7":"category-rennes","8":"tag-actu","9":"tag-actualites","10":"tag-bretagne","11":"tag-eu","12":"tag-europe","13":"tag-fr","14":"tag-france","15":"tag-news","16":"tag-rennes","17":"tag-republique-francaise"},"share_on_mastodon":{"url":"https:\/\/pubeurope.com\/@fr\/114766436525900942","error":""},"_links":{"self":[{"href":"https:\/\/www.europesays.com\/fr\/wp-json\/wp\/v2\/posts\/213183","targetHints":{"allow":["GET"]}}],"collection":[{"href":"https:\/\/www.europesays.com\/fr\/wp-json\/wp\/v2\/posts"}],"about":[{"href":"https:\/\/www.europesays.com\/fr\/wp-json\/wp\/v2\/types\/post"}],"author":[{"embeddable":true,"href":"https:\/\/www.europesays.com\/fr\/wp-json\/wp\/v2\/users\/2"}],"replies":[{"embeddable":true,"href":"https:\/\/www.europesays.com\/fr\/wp-json\/wp\/v2\/comments?post=213183"}],"version-history":[{"count":0,"href":"https:\/\/www.europesays.com\/fr\/wp-json\/wp\/v2\/posts\/213183\/revisions"}],"wp:featuredmedia":[{"embeddable":true,"href":"https:\/\/www.europesays.com\/fr\/wp-json\/wp\/v2\/media\/213184"}],"wp:attachment":[{"href":"https:\/\/www.europesays.com\/fr\/wp-json\/wp\/v2\/media?parent=213183"}],"wp:term":[{"taxonomy":"category","embeddable":true,"href":"https:\/\/www.europesays.com\/fr\/wp-json\/wp\/v2\/categories?post=213183"},{"taxonomy":"post_tag","embeddable":true,"href":"https:\/\/www.europesays.com\/fr\/wp-json\/wp\/v2\/tags?post=213183"}],"curies":[{"name":"wp","href":"https:\/\/api.w.org\/{rel}","templated":true}]}}