{"id":213197,"date":"2025-06-29T11:40:26","date_gmt":"2025-06-29T11:40:26","guid":{"rendered":"https:\/\/www.europesays.com\/fr\/213197\/"},"modified":"2025-06-29T11:40:26","modified_gmt":"2025-06-29T11:40:26","slug":"en-juillet-des-rendez-vous-culturels-pour-se-rafraichir-lesprit-en-gironde","status":"publish","type":"post","link":"https:\/\/www.europesays.com\/fr\/213197\/","title":{"rendered":"En juillet, des rendez-vous culturels pour se rafra\u00eechir l&rsquo;esprit en Gironde"},"content":{"rendered":"<p>La saison des festivals commence ! Si notre s\u00e9lection se focalise juillet, il n\u2019y aura pas que la finale du Top14 pour se divertir ce dernier week-end de juin \u00e0 Bordeaux. Citons notamment <a href=\"https:\/\/pulsations-bordeaux.com\/\" target=\"_blank\" rel=\"noreferrer noopener nofollow\">le festival de musique classique Pulsations<\/a>, qui  se poursuit jusqu\u2019au 5 juillet \u00e0 Bordeaux, avec un \u00e9v\u00e8nement phare dans la Halle 47 de Floirac : la recr\u00e9ation fran\u00e7aise par l\u2019ensemble Pygmalion de La Passion grecque de Bohuslav Martin\u016f, op\u00e9ra n\u00e9 en France au sortir de la Seconde Guerre mondiale, consid\u00e9r\u00e9 comme un chef-d\u2019\u0153uvre oubli\u00e9. A voir les 26, 28 et 29 juin. <\/p>\n<p>Deux salles, deux ambiances : le <a href=\"https:\/\/ladiyfestbordeaux.wixsite.com\/website\/programme-2025\" target=\"_blank\" rel=\"noreferrer noopener nofollow\">LaDIY*Fest revient \u00e0 l\u2019Ath\u00e9n\u00e9e libertaire<\/a> les 27-28-29 juin 2025. Ce festival autog\u00e9r\u00e9, \u00e0 but non lucratif et DIY (Do It Yourself) propose des ateliers (boxe tha\u00ef, cr\u00e9ation de chansons\u2026), un one woman show, etc. Attention : c\u2019est \u00ab\u00a0en non-mixit\u00e9 choisie, sans mec cisgenre\u00a0\u00bb.<\/p>\n<p>En juillet, la saison des Open air red\u00e9marre. Le <a href=\"https:\/\/www.facebook.com\/events\/1112228930733040\/\" target=\"_blank\" rel=\"noreferrer noopener nofollow\">13 juillet, on retrouve celui de Bordeaux Open air devant l\u2019IBoat<\/a> ; du 25 au 27 juillet, les <a href=\"https:\/\/www.facebook.com\/events\/1831879417728292\/\" target=\"_blank\" rel=\"noreferrer noopener nofollow\">9 ans des Viatiques au Square Dom Bedos<\/a> ; et <a href=\"https:\/\/www.facebook.com\/events\/1051638419636102\/\" target=\"_blank\" rel=\"noreferrer noopener nofollow\">le 31 juillet, celui d\u2019Astrod\u00f8me et\u00a0Boite Noire<\/a>, inaugurant ainsi le <a href=\"https:\/\/rue89bordeaux.com\/2024\/07\/un-jardin-public-de-4-ha-sort-de-terre-derriere-la-base-sous-marine-en-septembre\/\" target=\"_blank\" rel=\"noreferrer noopener nofollow\">parc de la Base sous-marine<\/a>. Sans oublier les patriarches qu\u2019on peut aussi classer dans la s\u00e9rie open air : le festival Rel\u00e2che, qui <a href=\"https:\/\/www.relache.fr\/\" target=\"_blank\" rel=\"noreferrer noopener nofollow\">pr\u00e9voit plusieurs dates pour les juilletistes<\/a>, et <a href=\"https:\/\/dansonssurlesquais.fr\/\" target=\"_blank\" rel=\"noreferrer noopener nofollow\">Dansons sur les quais<\/a>, qui sera en face de la place des Quinconces du 10 au 27 juillet.<\/p>\n<p>De la musique, il y en aura aussi \u00e0 la <a href=\"https:\/\/www.laguinguettechezalriq.com\/programmation\/\" target=\"_blank\" rel=\"noreferrer noopener nofollow\">guinguette Chez Alriq<\/a> o\u00f9 l\u2019on peut noter un concert de Six singes (Transe vaudou garage) ce vendredi 27 juin, CalypZoo le lendemain, puis en juillet <a href=\"https:\/\/www.facebook.com\/events\/4134008596879125\/\" target=\"_blank\" rel=\"noreferrer noopener nofollow\">Natacha Atlas le 17<\/a> et <a href=\"https:\/\/www.facebook.com\/events\/1236347481175862\" target=\"_blank\" rel=\"noreferrer noopener nofollow\">Las Hermanas Caronni le 20 juillet<\/a> (y en a d\u2019autres hein !).<\/p>\n<p>Parmi les expositions, <a href=\"https:\/\/www.facebook.com\/events\/1443317180011018\/\" target=\"_blank\" rel=\"noreferrer noopener nofollow\">\u00ab\u00a0A\u00efta\u00a0\u00bb au Frac Meca<\/a> fait son vernissage le 2 juillet, et <a href=\"https:\/\/www.facebook.com\/events\/2315965025465719\/\" target=\"_blank\" rel=\"noreferrer noopener nofollow\">\u00ab\u00a0Sage comme une image ? L\u2019enfance dans l\u2019\u0153il des artistes 1790-1850\u00a0\u00bb au Mus\u00e9e des Beaux-Arts de Bordeaux<\/a>, vernissage le 9 juillet.<\/p>\n<p>Un peu plus loin, \u00e0 La Teste-de-Buch, se tient le vernissage de l\u2019exposition de photographies \u00ab\u00a0Un Bassin silencieux ?\u00a0\u00bb port\u00e9e par le collectif Silkke, le 1er juillet \u00e0 18h30 (expo jusqu\u2019au 6 juillet). A suivre par ailleurs les programmations tr\u00e8s fournies de <a href=\"https:\/\/www.gironde.fr\/culture\/soutien-la-vie-culturelle-et-artistique?utm_source=Rue89&amp;utm_medium=banni%C3%A8res&amp;utm_campaign=Sc%C3%A8nes%20d%27%C3%A9t%C3%A9&amp;utm_id=https%3A\/\/www.gironde.fr\/culture\/soutien-la-vie-culturelle-et-artistique%23scenesdete#scenesdete\" target=\"_blank\" rel=\"noreferrer noopener nofollow\">Sc\u00e8nes d\u2019\u00e9t\u00e9<\/a> et de l\u2019<a href=\"https:\/\/etemetropolitain.bordeaux-metropole.fr\/les-spectacles-2025\/\" target=\"_blank\" rel=\"noreferrer noopener nofollow\">Et\u00e9 m\u00e9tropolitain<\/a>. <\/p>\n<p>\t\tDu 2 au 6 juillet \u00e0 Bordeaux : Zinefest, les rencontres internationales de Micro-\u00e9ditions et fanzines<\/p>\n<p>Organis\u00e9 par l\u2019association Disparate, le Zinfest revient d\u00e9but juillet \u00e0 Bordeaux pour c\u00e9l\u00e9brer l\u2019\u00e9dition ind\u00e9pendante sous toutes ses formes. Cette douzi\u00e8me \u00e9dition se d\u00e9roule pendant cinq jours o\u00f9 des passionn\u00e9s de livres et de DIY (do it yourself) se retrouvent autour d\u2019un salon de micro-\u00e9dition, mais aussi des d\u2019expositions, des rencontres, des ateliers et des concerts dans diff\u00e9rents lieux de la ville.<\/p>\n<p>Les samedi 5 et dimanche 6 juillet, 70 exposants avec des \u00e9diteurs venus de toute la France et de l\u2019\u00e9tranger, pr\u00e9sentent un panorama de la cr\u00e9ation graphique et litt\u00e9raire contemporaine dans la coursive du March\u00e9. Un week-end pour feuilleter, \u00e9changer, d\u00e9couvrir et soutenir une sc\u00e8ne \u00e9ditoriale ind\u00e9pendante et vibrante.<\/p>\n<p>Jeudi 3 juillet \u00e0 partir de 18h, aura lieu \u00e0 la Fabrique Pola le vernissage de l\u2019exposition Composition Book qui pr\u00e9sente 8 artistes \u00e0 travers leurs carnets de dessins. Une s\u00e9lection de 11 carnets est expos\u00e9e comme des fac-simil\u00e9s d\u00e9compos\u00e9s sur les murs. Jusqu\u2019au 3 ao\u00fbt, c\u2019est l\u2019occasion de d\u00e9couvrir cet objet rare et confidentiel, propre \u00e0 chaque artiste, qui permet de suivre son processus intime de cr\u00e9ation.<\/p>\n<p>\ud83d\udccd\u00a0<a href=\"https:\/\/www.google.fr\/maps\/place\/March%C3%A9+des+Douves,+4+Rue+des+Douves,+33800+Bordeaux\/@44.8305975,-0.566779,193m\/data=!3m1!1e3!4m6!3m5!1s0xd5527ca7e9d7d97:0x2090d06f96a30989!8m2!3d44.8307645!4d-0.5661592!16s%2Fg%2F11b5m3vsk2?entry=ttu&amp;g_ep=EgoyMDI1MDYxNy4wIKXMDSoASAFQAw%3D%3D\" target=\"_blank\" rel=\"noreferrer noopener nofollow\">March\u00e9 des Douves<\/a> et autres lieux<br \/>\ud83d\udcb8 Entr\u00e9e libre pour la plupart des \u00e9v\u00e9nements<br \/>\ud83d\uddd3\ufe0f Du 2 au 6 juillet 2025<br \/>\ud83d\udd0e Plus d\u2019infos sur <a href=\"https:\/\/www.zinefest.fr\/\" target=\"_blank\" rel=\"noreferrer noopener nofollow\">le site de Zinefest<\/a> <\/p>\n<p>\t\tA partir du 3 juillet \u00e0 Eysines : Festival Fertiles<\/p>\n<p>Avec la 4e \u00e9dition de Fertiles, la ville d\u2019Eysines transforme ses parcs en galeries \u00e0 ciel ouvert. Ce festival land\u2019art m\u00eale art contemporain et v\u00e9g\u00e9tal en dissimulant des \u0153uvres dans les espaces verts, pour inviter les visiteurs \u00e0 porter un regard neuf sur leur environnement. Les artistes s\u2019approprient le patrimoine naturel et cr\u00e9ent des installations in situ, en complicit\u00e9 avec le service des espaces verts.<\/p>\n<p>Quatre artistes explorant la mati\u00e8re v\u00e9g\u00e9tale sont \u00e0 l\u2019honneur cette ann\u00e9e, avec en parall\u00e8le des ateliers, des expositions et des spectacles pour petits et grands. Rendez-vous d\u00e8s le jeudi 3 juillet pour un lancement festif au parc du Ch\u00e2teau Lescombes avec spectacle jeune public, vernissage, concert et vin d\u2019honneur.<\/p>\n<p>Jusqu\u2019au 4 septembre, Fertiles propose des spectacles en lien avec l\u2019\u00c9t\u00e9 m\u00e9tropolitain : th\u00e9\u00e2tre, danse, musique et m\u00eame sieste chor\u00e9graphi\u00e9e. Une belle mani\u00e8re de faire dialoguer art, paysage et habitants. <\/p>\n<p>\ud83d\udccd\u00a0<a href=\"https:\/\/www.google.fr\/maps\/place\/Centre+d&#039;art+contemporain+Ch%C3%A2teau+Lescombes\/@44.880875,-0.6544166,267m\/data=!3m1!1e3!4m6!3m5!1s0xd54d71c0060fabb:0xc0c7a7503a64e478!8m2!3d44.880882!4d-0.6535549!16s%2Fm%2F0hgps4v?entry=ttu&amp;g_ep=EgoyMDI1MDYxNy4wIKXMDSoASAFQAw%3D%3D\" target=\"_blank\" rel=\"noreferrer noopener nofollow\">Ch\u00e2teau Lescombes<\/a> (et autres lieux) <br \/>\ud83d\udcb8 Prix libres<br \/>\ud83d\uddd3\ufe0f Du 3 juillet au 4 septembre 2025<br \/>\ud83d\udd0e Plus d\u2019infos sur <a href=\"https:\/\/www.facebook.com\/events\/703212115446903\/\" target=\"_blank\" rel=\"noreferrer noopener nofollow\">la page Facebook de l\u2019\u00e9v\u00e9nement<\/a> <\/p>\n<p><img loading=\"lazy\" decoding=\"async\" width=\"792\" height=\"594\" src=\"https:\/\/www.europesays.com\/fr\/wp-content\/uploads\/2025\/06\/alo-wala--792x594.jpg\" alt=\"\" class=\"wp-image-165520\"  \/> Alo Wala \u2013 qui\u00a0signifie \u00ab\u00a0vendeur de lumi\u00e8re\u00a0\u00bb \u2013, le nouveau son hybride et hip-hop Photo\u00a0: DR<\/p>\n<p>Les 3 et 4, 10 et 11 juillet sur la rive droite : Festival des Hauts de Garonne<\/p>\n<p>Pour sa 33e \u00e9dition, le Festival des Hauts de Garonne revient du 10 au 13 juillet 2025, avec quatre soir\u00e9es gratuites aux airs de voyage. Port\u00e9 par Musiques de Nuit, l\u2019\u00e9v\u00e9nement investit Cenon, Floirac, Bassens et Lormont, m\u00ealant musiques du monde, convivialit\u00e9 et paysages au bord de l\u2019eau. Cette ann\u00e9e, des artistes venus du Cap-Vert, de Turquie, du Br\u00e9sil ou du B\u00e9nin viendront faire danser les rives de la Garonne. Concerts, food trucks et ambiance familiale au programme.<\/p>\n<p>En coup de c\u0153ur, s\u2019il en faut un, on pencherait pour Bia Ferreira (4 juillet). Militante LGBTQIA+, voix des femmes noires,\u00a0cette figure majeure de la sc\u00e8ne br\u00e9silienne m\u00eale samba, soul et reggae, avec une pr\u00e9sence sc\u00e9nique magn\u00e9tique port\u00e9e par sa voix puissante et ses textes forts. En premi\u00e8re partie, Balani propose une fusion envo\u00fbtante de balafons et percussions afro\u2011r\u00e9tro des ann\u00e9es 60 remodel\u00e9e avec une \u00e9lectro moderne.<\/p>\n<p>\ud83d\udccd\u00a0Bassens, Floirac, Lormont et Cenon<br \/>\ud83d\udcb8 Gratuit<br \/>\ud83d\uddd3\ufe0f 3-4 et 10-1A juillet 2025<br \/>\ud83d\udd0e Plus d\u2019infos sur <a href=\"https:\/\/lerocherdepalmer.fr\/actualites\/festival-des-hauts-de-garonne-2025\" target=\"_blank\" rel=\"noreferrer noopener nofollow\">le site du Rocher de Palmer<\/a><\/p>\n<p>Les 11 et 12, 18 et 19 juillet \u00e0 la Victoire : Banza\u00ef Land<\/p>\n<p>Pour sa 8e \u00e9dition, le Banza\u00ef Lab Festival d\u00e9ploie une programmation audacieuse et m\u00e9tiss\u00e9e, du 11 au 19 juillet. Le samedi 11, Alo Wala, emmen\u00e9 par l\u2019incandescente Shivani Ahlowalia, fusionne bass music, hip-hop et sonorit\u00e9s globales dans un show \u00e9lectro-percussif salu\u00e9 par la critique. Le m\u00eame soir, Souflaky distille une transe m\u00e9diterran\u00e9enne lo-fi, obs\u00e9dante et \u00e9l\u00e9gante.<\/p>\n<p>Le dimanche 12, ne manquez pas Lorkestra, big band mutant men\u00e9 par Zo aka La Chauve-Souris, entre jazz psych\u00e9 et beats urbains. Marion H cl\u00f4t la soir\u00e9e par un set techno-bass en fusion.<\/p>\n<p>Le week-end suivant, coup de c\u0153ur pour Jimena Angel (18 juillet), magn\u00e9tique voix colombienne aux accents cumbia-\u00e9lectro, et Tigerbalm (19 juillet), \u00e9toile montante de la sc\u00e8ne UK, qui fait danser avec des sons entre groove tropical et pulsations club.<\/p>\n<p>\ud83d\udccd\u00a0<a href=\"https:\/\/www.google.fr\/maps\/place\/Universit%C3%A9+de+Bordeaux+-+Campus+Victoire\/@44.8311878,-0.5726502,310m\/data=!3m1!1e3!4m6!3m5!1s0xd5527c83475ada7:0xb599018047ea9cb9!8m2!3d44.8312889!4d-0.5710013!16s%2Fm%2F025vl1j?entry=ttu&amp;g_ep=EgoyMDI1MDYxNy4wIKXMDSoASAFQAw%3D%3D\" target=\"_blank\" rel=\"noreferrer noopener nofollow\">Campus la Victoire<\/a><br \/>\ud83d\udcb8 Prix libres<br \/>\ud83d\uddd3\ufe0f 11-12 et 18-19 juillet 2025<br \/>\ud83d\udd0e Plus d\u2019infos sur <a href=\"https:\/\/www.banzailab.com\/banzailand-2025\/\" target=\"_blank\" rel=\"noreferrer noopener nofollow\">le site de Banza\u00ef Lab<\/a> <\/p>\n<p>18 au 20 juillet \u00e0 Bourg-sur-Gironde : Festival Induction<\/p>\n<p>Le Festival Induction se d\u00e9roule du 18 au 20 juillet \u00e0 la Citadelle de Bourg-sur-Gironde et dans ses espaces ext\u00e9rieurs. Organis\u00e9 par la compagnie Mata\u2011Malam, ce temps fort pluridisciplinaire veut \u00ab\u00a0induire une pens\u00e9e multiple\u00a0\u00bb \u00e0 travers le th\u00e9\u00e2tre, la musique, le cirque, des ateliers et performances innovantes. Le festival s\u2019adresse \u00e0 tous les publics et m\u00eale artistes r\u00e9gionaux et internationaux.<\/p>\n<p>Le parrain de cette 8e \u00e9dition est l\u2019artiste Dieudonn\u00e9 Niangouna. Natif de Brazzaville, cet auteur, metteur en sc\u00e8ne et com\u00e9dien, est une figure majeure du th\u00e9\u00e2tre francophone contemporain, il m\u00eale oralit\u00e9 africaine, po\u00e9sie urbaine et engagement politique. Fondateur de la compagnie Les Bruits de la Rue et du festival Mantsina sur sc\u00e8ne \u00e0 Brazzaville, il d\u00e9fend un th\u00e9\u00e2tre de la n\u00e9cessit\u00e9, ancr\u00e9 dans l\u2019histoire violente du Congo et ouvert au monde. Son \u0153uvre, entre fureur et lucidit\u00e9, donne voix aux marges.<\/p>\n<p>Le festival rendra notamment hommage \u00e0 l\u2019\u00e9crivain congolais Sony Labou Tansi (1947-1995). Figure embl\u00e9matique de la litt\u00e9rature africaine francophone, son \u0153uvre est marqu\u00e9e par la satire politique et d\u00e9nonce les abus de pouvoir. Un hommage sera \u00e9galement rendu \u00e0 l\u2019auteur et po\u00e8te franco-syrien Abdulrahman Khallouf (1977-2025) qui travaillait et vivait \u00e0 Bordeaux.<\/p>\n<p>\ud83d\udccd\u00a0<a href=\"https:\/\/www.google.fr\/maps\/place\/La+Citadelle,+33710+Bourg\/@45.0404723,-0.5664341,616m\/data=!3m2!1e3!4b1!4m6!3m5!1s0x48002baa02d79c41:0xe2c7f4ebadf7dbe0!8m2!3d45.0404685!4d-0.5638538!16s%2Fg%2F1x5f9qw2?entry=ttu&amp;g_ep=EgoyMDI1MDYxNy4wIKXMDSoASAFQAw%3D%3D\" target=\"_blank\" rel=\"noreferrer noopener nofollow\">Citadelle de Bourg-sur-Gironde<\/a><br \/>\ud83d\udcb8 <a href=\"https:\/\/www.helloasso.com\/associations\/mata-malam\/evenements\/festival-induction-2025\" target=\"_blank\" rel=\"noreferrer noopener nofollow\">Pass 48 euros et diff\u00e9rents tarifs<\/a> <br \/>\ud83d\uddd3\ufe0f 18 au 20 juillet 2025<br \/>\ud83d\udd0e Plus d\u2019infos sur <a href=\"https:\/\/matamalam.org\/lart-matrice\/festival-induction-2025\/\" target=\"_blank\" rel=\"noreferrer noopener nofollow\">le site du festival Induction<\/a><\/p>\n<p><img loading=\"lazy\" decoding=\"async\" width=\"792\" height=\"594\" src=\"https:\/\/www.europesays.com\/fr\/wp-content\/uploads\/2025\/06\/still-01-29-24-16-still222-2-792x594.jpg\" alt=\"\" class=\"wp-image-165519\"  \/> Festival Perform Photo\u00a0: DR<\/p>\n<p>19 juillet \u00e0 Cussac-Fort-M\u00e9doc (et sur une croisi\u00e8re) : Festival Perform<\/p>\n<p>Initi\u00e9e par l\u2019artiste Sarah Trouche, Perform d\u00e9fend une vision engag\u00e9e et inclusive de la performance : un art du pr\u00e9sent, poreux au monde, qui m\u00eale gestes, sons, r\u00e9cits et \u00e9motions. Du 7 au 20 juillet 2025, cette 7\u1d49 \u00e9dition se d\u00e9ploiera autour du th\u00e8me \u00ab\u00a0La Vibration\u00a0\u00bb, fil rouge d\u2019une programmation o\u00f9 se croisent cr\u00e9ations locales et artistes internationaux. Perform s\u2019adresse \u00e0 tous : enfants, adultes, curieux ou passionn\u00e9s, \u00e0 travers ateliers, rencontres, lectures en mouvement ou exp\u00e9rimentations partag\u00e9es. A travers ses propositions, il tisse du lien entre les habitants, les \u0153uvres et les paysages.<\/p>\n<p>Le clou du festival aura lieu le samedi 19 juillet de 15h \u00e0 22h, avec des randonn\u00e9es performatives, banquets partag\u00e9s et performances artistiques avec des artistes internationaux, nationaux et locaux.<\/p>\n<p>Une exp\u00e9rience artistique in\u00e9dite sera propos\u00e9e \u00e0 travers une croisi\u00e8re sur la Garonne \u00e0 bord du Burdigala II. Cent cinquante passagers embarqueront pour un voyage \u00e0 destination du Fort M\u00e9doc, site class\u00e9 \u00e0 l\u2019Unesco. \u00c0 bord comme \u00e0 terre, Perform c\u00e9l\u00e8brera la performance sous toutes ses formes : danse, installation, num\u00e9rique, po\u00e9sie. Le d\u00e9part est fix\u00e9 \u00e0 14 h depuis la Cit\u00e9 du Vin avec un retour \u00e0 23 h apr\u00e8s une journ\u00e9e au fort (<a href=\"https:\/\/www.helloasso.com\/associations\/compagnie-winter-story-in-the-wild-jungle\/evenements\/croisiere-performative-festival-perform-25\" target=\"_blank\" rel=\"noreferrer noopener nofollow\">r\u00e9servation obligatoire<\/a>).<\/p>\n<p>\ud83d\udccd\u00a0<a href=\"https:\/\/www.google.fr\/maps\/place\/33460+Cussac-Fort-M%C3%A9doc\/@45.1190942,-0.7582343,7008m\/data=!3m1!1e3!4m6!3m5!1s0x4801d04fb0153ee9:0x40665174816e7f0!8m2!3d45.1144!4d-0.7307709!16s%2Fm%2F03nryyp?entry=ttu&amp;g_ep=EgoyMDI1MDYxNy4wIKXMDSoASAFQAw%3D%3D\" target=\"_blank\" rel=\"noreferrer noopener nofollow\">Cussac-Fort-M\u00e9doc<\/a><br \/>\ud83d\udcb8 Entr\u00e9e gratuite \u2013 Croisi\u00e8re 25\u20ac <br \/>\ud83d\uddd3\ufe0f 19 juillet 2025<br \/>\ud83d\udd0e Plus d\u2019infos sur <a href=\"https:\/\/www.festivalperform.org\/\" target=\"_blank\" rel=\"noreferrer noopener nofollow\">le site du festival Perform<\/a> <\/p>\n<p>19 et 20 juillet au Tourne : La F\u00eate \u00e0 Terre<\/p>\n<p>Du 17 au 20 juillet, la 26e Rencontre des Bateaux en bois et autres instruments \u00e0 vent navigue entre Garonne et Dordogne. Port\u00e9 par les Chantiers Tramasset, cet \u00e9v\u00e9nement met \u00e0 l\u2019honneur le patrimoine fluvial et la cr\u00e9ation collective. Apr\u00e8s trois jours de navigation festive ponctu\u00e9s d\u2019escales \u00e0 Cavernes, Bourg-sur-Gironde, Lormont et Le Tourne, la flottille arrive pour la \u00ab\u00a0F\u00eate \u00e0 Terre\u00a0\u00bb, les 19 et 20 juillet.<\/p>\n<p>Au programme : ateliers bois, jeux, contes, concerts, fanfare, DJ set, hu\u00eetres-vin blanc et la pr\u00e9sence d\u2019associations engag\u00e9es comme La Cimade Bordeaux, SOS M\u00e9diterran\u00e9e, le Planning Familial de Gironde et la Mission Locales des 2 Rives.<\/p>\n<p>\ud83d\udccd\u00a0<a href=\"https:\/\/www.google.fr\/maps\/place\/Les+Chantiers+Tramasset\/@44.7077824,-0.4052371,190m\/data=!3m1!1e3!4m6!3m5!1s0xd553d85179ecfc1:0xdb765f5ea0095781!8m2!3d44.7078134!4d-0.4048023!16s%2Fg%2F1jgm2y_k7?hl=fr&amp;entry=ttu&amp;g_ep=EgoyMDI1MDYyMi4wIKXMDSoASAFQAw%3D%3D\" target=\"_blank\" rel=\"noreferrer noopener nofollow\">Chantiers Tramasset -Le Tourne<\/a><br \/>\ud83d\udcb8 Entr\u00e9e gratuite <br \/>\ud83d\uddd3\ufe0f 19-20 juillet 2025<br \/>\ud83d\udd0e Plus d\u2019infos sur <a href=\"https:\/\/www.chantierstramasset.fr\/page\/3361349-la-rencontre-des-bateaux-en-bois\" target=\"_blank\" rel=\"noreferrer noopener nofollow\">le site des Chantiers Tramasset<\/a><\/p>\n<p>Ev\u00e9nement : Tarbaby Collective \u00e0 la Cit\u00e9 du Vin<\/p>\n<p>Le 2 juillet \u00e0 20h30, l\u2019auditorium de la Cit\u00e9 du Vin accueille en exclusivit\u00e9 europ\u00e9enne Nasheet Waits avec Tarbaby Collective, dans le cadre de la s\u00e9rie de concerts New York is Now!. L\u2019\u00e9v\u00e9nement, lanc\u00e9 en 2024, fait vibrer Bordeaux avec les plus grands noms du jazz international.<\/p>\n<p>Batteur incontournable de la sc\u00e8ne new-yorkaise, Nasheet Waits, h\u00e9ritier de Max Roach et fils de Freddie Waits, viendra pr\u00e9senter son Frantz Fanon Project, con\u00e7u avec la fondation Mid Atlantic Arts. Inspir\u00e9e par la pens\u00e9e de Frantz Fanon, figure phare des luttes anticoloniales, cette cr\u00e9ation m\u00eale musique, engagement et m\u00e9moire. Pour l\u2019occasion, il sera accompagn\u00e9 du pianiste Orrin Evans, du guitariste Marc Ducret, et du saxophoniste bordelais Jean-Jacques Quesada.<\/p>\n<p>La com\u00e9dienne Astrid Bayiha ouvrira le concert avec une lecture des textes de Frantz Fanon. Un moment fort, politique et po\u00e9tique, au croisement du jazz contemporain et des combats postcoloniaux. R\u00e9servation sur <a href=\"https:\/\/www.fnacspectacles.com\/event\/nasheet-wait-new-york-is-now-auditorium-de-la-cite-du-vin-bordeaux-20388208\/?srsltid=AfmBOooL9BGR61l2i-ukNEjrhY75xS-yV_PefKxdJZ3fNHkIvM2p1phS\" target=\"_blank\" rel=\"noreferrer noopener nofollow\">la billetterie de la Fnac <\/a>(38 euros)<\/p>\n<p>Rue89 Bordeaux a besoin de vos dons<\/p>\n<p>Chaque don \u2013 d\u00e9ductible des imp\u00f4ts \u00e0 hauteur de 66% \u2013 compte pour atteindre notre objectif de 10\u00a0000\u00a0\u20ac le plus rapidement possible, id\u00e9alement avant la fin juin. Cette somme, manquante \u00e0 notre tr\u00e9sorerie apr\u00e8s le d\u00e9sengagement d\u2019un annonceur important en 2025, Bordeaux M\u00e9tropole, nous permettra de r\u00e9gler les factures en retard et de retrouver une stabilit\u00e9 financi\u00e8re indispensable \u00e0 la poursuite de notre mission.<\/p>\n","protected":false},"excerpt":{"rendered":"La saison des festivals commence ! Si notre s\u00e9lection se focalise juillet, il n\u2019y aura pas que la&hellip;\n","protected":false},"author":2,"featured_media":213198,"comment_status":"","ping_status":"","sticky":false,"template":"","format":"standard","meta":{"footnotes":""},"categories":[2817],"tags":[1111,11,1997,15653,251,1777,674,1011,27,12,2219,25],"class_list":{"0":"post-213197","1":"post","2":"type-post","3":"status-publish","4":"format-standard","5":"has-post-thumbnail","7":"category-bordeaux","8":"tag-actu","9":"tag-actualites","10":"tag-bordeaux","11":"tag-cest-lete","12":"tag-culture","13":"tag-eu","14":"tag-europe","15":"tag-fr","16":"tag-france","17":"tag-news","18":"tag-nouvelle-aquitaine","19":"tag-republique-francaise"},"share_on_mastodon":{"url":"https:\/\/pubeurope.com\/@fr\/114766467817725369","error":""},"_links":{"self":[{"href":"https:\/\/www.europesays.com\/fr\/wp-json\/wp\/v2\/posts\/213197","targetHints":{"allow":["GET"]}}],"collection":[{"href":"https:\/\/www.europesays.com\/fr\/wp-json\/wp\/v2\/posts"}],"about":[{"href":"https:\/\/www.europesays.com\/fr\/wp-json\/wp\/v2\/types\/post"}],"author":[{"embeddable":true,"href":"https:\/\/www.europesays.com\/fr\/wp-json\/wp\/v2\/users\/2"}],"replies":[{"embeddable":true,"href":"https:\/\/www.europesays.com\/fr\/wp-json\/wp\/v2\/comments?post=213197"}],"version-history":[{"count":0,"href":"https:\/\/www.europesays.com\/fr\/wp-json\/wp\/v2\/posts\/213197\/revisions"}],"wp:featuredmedia":[{"embeddable":true,"href":"https:\/\/www.europesays.com\/fr\/wp-json\/wp\/v2\/media\/213198"}],"wp:attachment":[{"href":"https:\/\/www.europesays.com\/fr\/wp-json\/wp\/v2\/media?parent=213197"}],"wp:term":[{"taxonomy":"category","embeddable":true,"href":"https:\/\/www.europesays.com\/fr\/wp-json\/wp\/v2\/categories?post=213197"},{"taxonomy":"post_tag","embeddable":true,"href":"https:\/\/www.europesays.com\/fr\/wp-json\/wp\/v2\/tags?post=213197"}],"curies":[{"name":"wp","href":"https:\/\/api.w.org\/{rel}","templated":true}]}}