{"id":213203,"date":"2025-06-29T11:43:10","date_gmt":"2025-06-29T11:43:10","guid":{"rendered":"https:\/\/www.europesays.com\/fr\/213203\/"},"modified":"2025-06-29T11:43:10","modified_gmt":"2025-06-29T11:43:10","slug":"la-voiture-finit-sa-course-encastree-dans-un-pylone-electrique","status":"publish","type":"post","link":"https:\/\/www.europesays.com\/fr\/213203\/","title":{"rendered":"la voiture finit sa course encastr\u00e9e dans un pyl\u00f4ne \u00e9lectrique"},"content":{"rendered":"<p>            Par<br \/>\n        <strong><br \/>\n            <a href=\"https:\/\/actu.fr\/auteur\/marie-lamarque\" title=\"Consulter tous les articles de Marie Lamarque\" rel=\"nofollow noopener\" target=\"_blank\">Marie Lamarque<\/a><br \/>\n        <\/strong><\/p>\n<p>        Publi\u00e9 le<\/p>\n<p>            29 juin 2025 \u00e0 11h32        <\/p>\n<p>La voiture \u00e9tait \u00ab\u00a0violemment encastr\u00e9e autour d\u2019un pyl\u00f4ne \u00e9lectrique\u00a0\u00bb, explique le Service d\u00e9partemental d\u2019incendie et de secours (SDIS) de la Haute-Garonne. <strong>Un grave accident<\/strong> est survenu dans la nuit du samedi 28 au dimanche 29 juin 2025 <strong>\u00e0 Pibrac<\/strong>, sur la route de Mondonville, \u00e0 l\u2019ouest de <a href=\"https:\/\/actu.fr\/toulouse\/\" rel=\"nofollow noopener\" target=\"_blank\">Toulouse<\/a>.<\/p>\n<p>    <a href=\"https:\/\/www.google.com\/maps\/embed?pb=!1m18!1m12!1m3!1d2887.595742427433!2d1.279900874944999!3d43.63577225355975!2m3!1f0!2f0!3f0!3m2!1i1024!2i768!4f13.1!3m3!1m2!1s0x12aeadfa2d37b9ad%3A0x8b06a941a1943baf!2sRte%20de%20Mondonville%2C%2031820%20Pibrac!5e0!3m2!1sfr!2sfr!4v1751188573262!5m2!1sfr!2sfr\" title=\"Ouvrie le lien\" rel=\"nofollow noopener\" target=\"_blank\">Cliquez ici pour visualiser le contenu<\/a><\/p>\n<p>Le conducteur \u00ab\u00a0polytraumatis\u00e9\u00a0\u00bb<\/p>\n<p class=\" wall-content\">Le conducteur, <strong>un homme \u00e2g\u00e9 de 20 ans<\/strong>, a \u00e9t\u00e9 pris en charge par les secours aux alentours de 2h30 du matin. \u00ab\u00a0Il \u00e9tait conscient, mais polytraumatis\u00e9\u00a0\u00bb, explique le SDIS.<\/p>\n<p class=\" wall-content\">Il a \u00e9t\u00e9 <strong>d\u00e9sincarc\u00e9r\u00e9 <\/strong>avant de recevoir les premiers soins, puis transport\u00e9 en urgence vers un centre hospitalier.<\/p>\n<p>Les \u00e9quipes d\u2019Enedis sur place<\/p>\n<p class=\" wall-content\">Sur place, les pompiers \u00e9taient accompagn\u00e9s des \u00e9quipes techniques d\u2019Enedis \u00ab\u00a0afin de s\u00e9curiser l\u2019infrastructure touch\u00e9e\u00a0\u00bb.\u00a0<\/p>\n<p>Vid\u00e9os : en ce moment sur Actu<\/p>\n<p class=\" wall-content\">Suivez toute l\u2019actualit\u00e9 de vos villes et m\u00e9dias favoris en vous inscrivant \u00e0 <a href=\"https:\/\/moncompte.actu.fr\" title=\"D\u00e9couvez Mon Actu\" rel=\"nofollow noopener\" data-trk=\"{&quot;cta&quot;:{&quot;action&quot;:&quot;https:\\\/\\\/moncompte.actu.fr&quot;,&quot;category&quot;:&quot;mon compte&quot;,&quot;from&quot;:&quot;article footer&quot;,&quot;name&quot;:&quot;Mon actu&quot;,&quot;type&quot;:&quot;cta&quot;}}\" target=\"_blank\">Mon Actu<\/a>.<\/p>\n","protected":false},"excerpt":{"rendered":"Par Marie Lamarque Publi\u00e9 le 29 juin 2025 \u00e0 11h32 La voiture \u00e9tait \u00ab\u00a0violemment encastr\u00e9e autour d\u2019un pyl\u00f4ne&hellip;\n","protected":false},"author":2,"featured_media":213204,"comment_status":"","ping_status":"","sticky":false,"template":"","format":"standard","meta":{"footnotes":""},"categories":[2816],"tags":[119,1111,11,1777,674,118,1011,27,12,2680,25,2312],"class_list":{"0":"post-213203","1":"post","2":"type-post","3":"status-publish","4":"format-standard","5":"has-post-thumbnail","7":"category-toulouse","8":"tag-accident","9":"tag-actu","10":"tag-actualites","11":"tag-eu","12":"tag-europe","13":"tag-faits-divers","14":"tag-fr","15":"tag-france","16":"tag-news","17":"tag-occitanie","18":"tag-republique-francaise","19":"tag-toulouse"},"share_on_mastodon":{"url":"https:\/\/pubeurope.com\/@fr\/114766479913576410","error":""},"_links":{"self":[{"href":"https:\/\/www.europesays.com\/fr\/wp-json\/wp\/v2\/posts\/213203","targetHints":{"allow":["GET"]}}],"collection":[{"href":"https:\/\/www.europesays.com\/fr\/wp-json\/wp\/v2\/posts"}],"about":[{"href":"https:\/\/www.europesays.com\/fr\/wp-json\/wp\/v2\/types\/post"}],"author":[{"embeddable":true,"href":"https:\/\/www.europesays.com\/fr\/wp-json\/wp\/v2\/users\/2"}],"replies":[{"embeddable":true,"href":"https:\/\/www.europesays.com\/fr\/wp-json\/wp\/v2\/comments?post=213203"}],"version-history":[{"count":0,"href":"https:\/\/www.europesays.com\/fr\/wp-json\/wp\/v2\/posts\/213203\/revisions"}],"wp:featuredmedia":[{"embeddable":true,"href":"https:\/\/www.europesays.com\/fr\/wp-json\/wp\/v2\/media\/213204"}],"wp:attachment":[{"href":"https:\/\/www.europesays.com\/fr\/wp-json\/wp\/v2\/media?parent=213203"}],"wp:term":[{"taxonomy":"category","embeddable":true,"href":"https:\/\/www.europesays.com\/fr\/wp-json\/wp\/v2\/categories?post=213203"},{"taxonomy":"post_tag","embeddable":true,"href":"https:\/\/www.europesays.com\/fr\/wp-json\/wp\/v2\/tags?post=213203"}],"curies":[{"name":"wp","href":"https:\/\/api.w.org\/{rel}","templated":true}]}}