{"id":213207,"date":"2025-06-29T11:45:51","date_gmt":"2025-06-29T11:45:51","guid":{"rendered":"https:\/\/www.europesays.com\/fr\/213207\/"},"modified":"2025-06-29T11:45:51","modified_gmt":"2025-06-29T11:45:51","slug":"olivier-giroud-la-tentation-de-lille-pour-un-retour-surprise-en-ligue-1","status":"publish","type":"post","link":"https:\/\/www.europesays.com\/fr\/213207\/","title":{"rendered":"Olivier Giroud, la tentation de Lille pour un retour surprise en Ligue 1"},"content":{"rendered":"<p>        <img decoding=\"async\" loading=\"lazy\" src=\"https:\/\/www.europesays.com\/fr\/wp-content\/uploads\/2025\/06\/77e38b5_1716527949392-000-34me2ta.jpg\"  width=\"728\" height=\"409\" alt=\"Olivier Giroud, ici en mars 2024\u00a0avec le maillot de l\u2019\u00e9quipe de France, est en discussion avec Lille pour faire son retour en Ligue 1. \"\/>  <\/p>\n<p>FRANCK FIFE \/ AFP<\/p>\n<p>Olivier Giroud, ici en mars 2024\u00a0avec le maillot de l\u2019\u00e9quipe de France, est en discussion avec Lille pour faire son retour en Ligue 1. <\/p>\n<p class=\"asset asset-text\">MERCATO &#8211; Samuel Umtiti, Djibril Sidib\u00e9, Steven NZonzi, Lucas Hernandez, <a href=\"https:\/\/www.huffingtonpost.fr\/sport\/article\/espagne-france-ousmane-dembele-deja-ballon-d-or-ces-joueurs-peuvent-lui-barrer-la-route_250848.html\" target=\"_blank\" rel=\"noopener\">Ousmane Demb\u00e9l\u00e9<\/a>, Corentin Tolisso, Benjamin Mendy, bient\u00f4t <a href=\"https:\/\/www.huffingtonpost.fr\/sport\/article\/paul-pogba-rejoindra-monaco-apres-sa-suspension-pour-dopage_251668.html\" target=\"_blank\" rel=\"noopener\">Paul Pogba<\/a> et maintenant <a href=\"https:\/\/www.huffingtonpost.fr\/sport\/article\/france-croatie-les-bleus-ont-eu-un-message-pour-olivier-giroud-avant-l-hommage-prevu-dimanche-soir_247811.html\" target=\"_blank\" rel=\"noopener\">Olivier Giroud<\/a>\u00a0? Les champions du monde 2018 se sentiraient-ils bien au bercail\u00a0?<\/p>\n<p class=\"asset asset-text\">Alors qu\u2019on le pensait <a href=\"https:\/\/www.huffingtonpost.fr\/sport\/article\/olivier-giroud-officialise-son-depart-de-l-ac-milan-pour-aller-terminer-sa-carriere-aux-etats-unis_233859.html\" target=\"_blank\" rel=\"noopener\">en pr\u00e9-retraite du c\u00f4t\u00e9 de Los Angeles<\/a>, l\u2019attaquant de 38 piges pourrait bien revenir en Europe et en Ligue 1, du c\u00f4t\u00e9 de Lille plus exactement. Une possible arriv\u00e9e dans le Nord au coup marketing ind\u00e9niable mais \u00e0 l\u2019apport sportif potentiellement limit\u00e9.<\/p>\n<p class=\"asset asset-text\">Un peu moins d\u2019un an apr\u00e8s son d\u00e9part pour une aventure plut\u00f4t sexy sur le papier, le pli n\u2019a pas pris. Sous contrat jusqu\u2019\u00e0 la fin de l\u2019ann\u00e9e civile, et avec un salaire annuel estim\u00e9 \u00e0 trois millions d\u2019euros en Californie, il reste \u00e9videmment des barri\u00e8res \u00e0 faire tomber pour l\u2019arriv\u00e9e du bomber du c\u00f4t\u00e9 de Pierre Mauroy, tout autant que les doutes sur son niveau actuel devront \u00eatre confront\u00e9s \u00e0 l\u2019\u00e9preuve du terrain.<\/p>\n<p> La lecture de ce contenu est susceptible d\u2019entra\u00eener un d\u00e9p\u00f4t de cookies de la part de l\u2019op\u00e9rateur tiers qui l\u2019h\u00e9berge. Compte-tenu des choix que vous avez exprim\u00e9s en mati\u00e8re de d\u00e9p\u00f4t de cookies, nous avons bloqu\u00e9 l\u2019affichage de ce contenu. Si vous souhaitez y acc\u00e9der, vous devez accepter la cat\u00e9gorie de cookies \u201cContenus tiers\u201d en cliquant sur le bouton ci-dessous. <\/p>\n<p> Lire la Vid\u00e9o        <\/p>\n<p class=\"asset asset-text\">Avec une cote au beau fixe dans l\u2019Hexagone, Giroud peut s\u2019offrir une belle tourn\u00e9e d\u2019adieu dans les stades fran\u00e7ais, lui qui a quitt\u00e9 la Ligue 1 il y a maintenant treize ans, sur un titre de champion de France avec Montpellier. Homme fort d\u2019un titre surprise, le Savoyard avait vu sa popularit\u00e9 exploser aupr\u00e8s de ses compatriotes, d\u00e9j\u00e0.<\/p>\n<p>                     Le Giroud de la fortune    <\/p>\n<p class=\"asset asset-text\">Depuis, il a accumul\u00e9 137 capes avec l\u2019\u00e9quipe de France, en est devenu son meilleur buteur (57 r\u00e9alisations), et, bien \u00e9videmment, a d\u00e9croch\u00e9 la Coupe du monde 2018. Avec son image de gendre id\u00e9al, il donnerait d\u2019office un capital sympathie au LOSC et se verrait presque certainement ovationn\u00e9 \u00e0 chaque apparition ou entr\u00e9e en jeu, pour service rendu a minima. Les derni\u00e8res rumeurs l\u2019annoncent en tout cas motiv\u00e9 \u00e0 l\u2019heure de se lancer dans un nouveau (ultime\u00a0?) challenge.<\/p>\n<p class=\"asset asset-text\">Peut-\u00eatre que les fans fran\u00e7ais emboiteront le pas des fans d\u2019Arsenal en lui consacrant des chants ou en reprenant Vegedream, mais il sera \u00e0 n\u2019en point douter une bonne raison de se d\u00e9placer au stade pour voir \u00e9voluer les Dogues. Les revenus billetteries pourraient le remercier, au m\u00eame titre que les ventes de <a href=\"https:\/\/www.huffingtonpost.fr\/sport\/article\/psg-avec-ou-sans-etoile-le-champion-d-europe-devoile-son-nouveau-maillot_251229.html\" target=\"_blank\" rel=\"noopener\">maillots<\/a>.<\/p>\n<p> La lecture de ce contenu est susceptible d\u2019entra\u00eener un d\u00e9p\u00f4t de cookies de la part de l\u2019op\u00e9rateur tiers qui l\u2019h\u00e9berge. Compte-tenu des choix que vous avez exprim\u00e9s en mati\u00e8re de d\u00e9p\u00f4t de cookies, nous avons bloqu\u00e9 l\u2019affichage de ce contenu. Si vous souhaitez y acc\u00e9der, vous devez accepter la cat\u00e9gorie de cookies \u201cContenus tiers\u201d en cliquant sur le bouton ci-dessous. <\/p>\n<p> Lire la Vid\u00e9o              <\/p>\n","protected":false},"excerpt":{"rendered":"FRANCK FIFE \/ AFP Olivier Giroud, ici en mars 2024\u00a0avec le maillot de l\u2019\u00e9quipe de France, est en&hellip;\n","protected":false},"author":2,"featured_media":213208,"comment_status":"","ping_status":"","sticky":false,"template":"","format":"standard","meta":{"footnotes":""},"categories":[2815],"tags":[1111,11,1777,674,63,1011,27,811,1307,12,5959,25,35302,517],"class_list":{"0":"post-213207","1":"post","2":"type-post","3":"status-publish","4":"format-standard","5":"has-post-thumbnail","7":"category-lille","8":"tag-actu","9":"tag-actualites","10":"tag-eu","11":"tag-europe","12":"tag-football","13":"tag-fr","14":"tag-france","15":"tag-hauts-de-france","16":"tag-lille","17":"tag-news","18":"tag-olivier-giroud","19":"tag-republique-francaise","20":"tag-so-foot","21":"tag-sport"},"share_on_mastodon":{"url":"https:\/\/pubeurope.com\/@fr\/114766491449114200","error":""},"_links":{"self":[{"href":"https:\/\/www.europesays.com\/fr\/wp-json\/wp\/v2\/posts\/213207","targetHints":{"allow":["GET"]}}],"collection":[{"href":"https:\/\/www.europesays.com\/fr\/wp-json\/wp\/v2\/posts"}],"about":[{"href":"https:\/\/www.europesays.com\/fr\/wp-json\/wp\/v2\/types\/post"}],"author":[{"embeddable":true,"href":"https:\/\/www.europesays.com\/fr\/wp-json\/wp\/v2\/users\/2"}],"replies":[{"embeddable":true,"href":"https:\/\/www.europesays.com\/fr\/wp-json\/wp\/v2\/comments?post=213207"}],"version-history":[{"count":0,"href":"https:\/\/www.europesays.com\/fr\/wp-json\/wp\/v2\/posts\/213207\/revisions"}],"wp:featuredmedia":[{"embeddable":true,"href":"https:\/\/www.europesays.com\/fr\/wp-json\/wp\/v2\/media\/213208"}],"wp:attachment":[{"href":"https:\/\/www.europesays.com\/fr\/wp-json\/wp\/v2\/media?parent=213207"}],"wp:term":[{"taxonomy":"category","embeddable":true,"href":"https:\/\/www.europesays.com\/fr\/wp-json\/wp\/v2\/categories?post=213207"},{"taxonomy":"post_tag","embeddable":true,"href":"https:\/\/www.europesays.com\/fr\/wp-json\/wp\/v2\/tags?post=213207"}],"curies":[{"name":"wp","href":"https:\/\/api.w.org\/{rel}","templated":true}]}}