{"id":21321,"date":"2025-04-13T04:11:21","date_gmt":"2025-04-13T04:11:21","guid":{"rendered":"https:\/\/www.europesays.com\/fr\/21321\/"},"modified":"2025-04-13T04:11:21","modified_gmt":"2025-04-13T04:11:21","slug":"daniel-cohn-bendit-le-travail-de-lallemagne-sur-son-passe-nest-pas-une-assurance-vie","status":"publish","type":"post","link":"https:\/\/www.europesays.com\/fr\/21321\/","title":{"rendered":"Daniel Cohn-Bendit: \u00abLe travail de l\u2019Allemagne sur son pass\u00e9 n\u2019est pas une assurance vie\u00bb"},"content":{"rendered":"<p>              <a tabindex=\"-1\" title=\"St\u00e9phane Bussard\" href=\"https:\/\/www.letemps.ch\/profil\/stephane-bussard\" target=\"_blank\" rel=\"noopener\"><\/p>\n<p>                    <img decoding=\"async\" src=\"https:\/\/www.europesays.com\/fr\/wp-content\/uploads\/2025\/04\/1744517481_511_small.jpeg\" class=\"lazy\" alt=\"\"\/><\/p>\n<p><\/a>        <\/p>\n<p>    Publi\u00e9 le 14 f\u00e9vrier 2025 \u00e0 20:22. \/ Modifi\u00e9 le 17 f\u00e9vrier 2025 \u00e0 10:47.<\/p>\n<p> 9 min. de lecture<\/p>\n<p class=\"article__abstract-call-to-action\" data-ariato=\"TrackableElement\" data-trackable-element-type=\"article_abstract_cta\" data-trackable-element-location=\"article_header\" data-trackable-element-id=\"485454\">\n          <a data-event=\"click-&gt;clicked\" href=\"https:\/\/www.letemps.ch\/abonnements\" target=\"_blank\" rel=\"noopener\">Abonnez-vous<\/a> pour acc\u00e9der au r\u00e9sum\u00e9 en 20 secondes.\n        <\/p>\n<p>Daniel Cohn-Bendit a pendant deux d\u00e9cennies \u00e9t\u00e9 un fer de lance de l\u2019\u00e9cologie au Parlement europ\u00e9en, tant\u00f4t pour Les Verts allemands, tant\u00f4t pour leurs homologues fran\u00e7ais. Il vit aujourd\u2019hui encore \u00e0 Francfort. Il a toujours d\u00e9fendu une Europe forte, qu\u2019il trouve souvent faible. Avec l\u2019ex-premier ministre belge Guy Verhofstadt, il publiait en 2012 un ouvrage pour sortir les Europ\u00e9ens de leur passivit\u00e9: Debout l\u2019Europe! Manifeste pour une r\u00e9volution postnationale en Europe.<\/p>\n<p>Cet ancien leader de Mai 68 \u00e0 Paris a mis de l\u2019eau dans son vin. Ancr\u00e9 dans deux cultures, celle de la France et celle de l\u2019Allemagne, il reste aujourd\u2019hui un observateur privil\u00e9gi\u00e9 de la politique allemande. Dans l\u2019optique des l\u00e9gislatives du 23\u00a0f\u00e9vrier, il analyse les changements auxquels la soci\u00e9t\u00e9 allemande a \u00e9t\u00e9 confront\u00e9e depuis l\u2019invasion russe de l\u2019Ukraine en f\u00e9vrier 2022. Il \u00e9tait de passage \u00e0 Paris. Le Temps l\u2019a rencontr\u00e9.<\/p>\n","protected":false},"excerpt":{"rendered":"Publi\u00e9 le 14 f\u00e9vrier 2025 \u00e0 20:22. \/ Modifi\u00e9 le 17 f\u00e9vrier 2025 \u00e0 10:47. 9 min. de&hellip;\n","protected":false},"author":2,"featured_media":21322,"comment_status":"","ping_status":"","sticky":false,"template":"","format":"standard","meta":{"footnotes":""},"categories":[1587],"tags":[11,672,1804,1805,1803,7997,1777,674,1801,12,301,1802],"class_list":{"0":"post-21321","1":"post","2":"type-post","3":"status-publish","4":"format-standard","5":"has-post-thumbnail","7":"category-allemagne","8":"tag-actualites","9":"tag-allemagne","10":"tag-bundesrepublik-deutschland","11":"tag-de","12":"tag-deutschland","13":"tag-elections-allemandes-2025","14":"tag-eu","15":"tag-europe","16":"tag-germany","17":"tag-news","18":"tag-premium","19":"tag-republique-federale-dallemagne"},"share_on_mastodon":{"url":"https:\/\/pubeurope.com\/@fr\/114328704341944402","error":""},"_links":{"self":[{"href":"https:\/\/www.europesays.com\/fr\/wp-json\/wp\/v2\/posts\/21321","targetHints":{"allow":["GET"]}}],"collection":[{"href":"https:\/\/www.europesays.com\/fr\/wp-json\/wp\/v2\/posts"}],"about":[{"href":"https:\/\/www.europesays.com\/fr\/wp-json\/wp\/v2\/types\/post"}],"author":[{"embeddable":true,"href":"https:\/\/www.europesays.com\/fr\/wp-json\/wp\/v2\/users\/2"}],"replies":[{"embeddable":true,"href":"https:\/\/www.europesays.com\/fr\/wp-json\/wp\/v2\/comments?post=21321"}],"version-history":[{"count":0,"href":"https:\/\/www.europesays.com\/fr\/wp-json\/wp\/v2\/posts\/21321\/revisions"}],"wp:featuredmedia":[{"embeddable":true,"href":"https:\/\/www.europesays.com\/fr\/wp-json\/wp\/v2\/media\/21322"}],"wp:attachment":[{"href":"https:\/\/www.europesays.com\/fr\/wp-json\/wp\/v2\/media?parent=21321"}],"wp:term":[{"taxonomy":"category","embeddable":true,"href":"https:\/\/www.europesays.com\/fr\/wp-json\/wp\/v2\/categories?post=21321"},{"taxonomy":"post_tag","embeddable":true,"href":"https:\/\/www.europesays.com\/fr\/wp-json\/wp\/v2\/tags?post=21321"}],"curies":[{"name":"wp","href":"https:\/\/api.w.org\/{rel}","templated":true}]}}