{"id":213213,"date":"2025-06-29T11:48:15","date_gmt":"2025-06-29T11:48:15","guid":{"rendered":"https:\/\/www.europesays.com\/fr\/213213\/"},"modified":"2025-06-29T11:48:15","modified_gmt":"2025-06-29T11:48:15","slug":"lyon-les-moustiques-se-font-plus-rares-mais-une-hausse-est-possible-voici-pourquoi","status":"publish","type":"post","link":"https:\/\/www.europesays.com\/fr\/213213\/","title":{"rendered":"Lyon. Les moustiques se font plus rares mais \u00ab\u00a0une hausse est possible\u00a0\u00bb, voici pourquoi"},"content":{"rendered":"<p>            Par<br \/>\n        <strong><br \/>\n            <a href=\"https:\/\/actu.fr\/auteur\/julien-damboise\" title=\"Consulter tous les articles de Julien Damboise\" target=\"_blank\" rel=\"noopener\">Julien Damboise<\/a><br \/>\n        <\/strong><\/p>\n<p>        Publi\u00e9 le<\/p>\n<p>            29 juin 2025 \u00e0 8h24        <\/p>\n<p>Des habitants de <a href=\"https:\/\/actu.fr\/auvergne-rhone-alpes\/lyon_69123\" target=\"_blank\" rel=\"noopener\">Lyon<\/a> constatent, depuis quelques semaines, que le nombre de\u00a0<a href=\"https:\/\/actu.fr\/tag\/moustique-tigre\" target=\"_blank\" rel=\"noopener\">moustiques<\/a> a <strong>baiss\u00e9<\/strong>. Une sensation r\u00e9sultant de plusieurs facteurs, selon des experts, apr\u00e8s une ann\u00e9e 2024 marqu\u00e9e par une augmentation de ces insectes volants, et notamment les moustiques tigres. Voici pourquoi vous \u00eates s\u00fbrement <strong>moins piqu\u00e9s<\/strong> ces derniers temps.<\/p>\n<p>Une ann\u00e9e noire en 2024<\/p>\n<p class=\" wall-content\">Il y a un peu plus d\u2019un an, l\u2019Agence r\u00e9gionale de Sant\u00e9 (ARS) en Auvergne-Rh\u00f4ne-Alpes <a href=\"https:\/\/actu.fr\/tag\/moustique-tigre\" target=\"_blank\" rel=\"noopener\">a<\/a><a href=\"https:\/\/actu.fr\/auvergne-rhone-alpes\/lyon_69123\/lyon-le-moustique-tigre-toujours-plus-envahissant-les-endroits-qu-il-adore_61023449.html\" target=\"_blank\" rel=\"noopener\">vait lanc\u00e9 une alerte<\/a> concernant les moustiques tigres. La R\u00e9gion enregistrait d\u00e9sormais<strong> 1 070 communes colonis\u00e9es<\/strong>, soit 261 nouvelles communes de plus l\u2019ann\u00e9e derni\u00e8re, en 2023. Selon nos informations, 11 de plus ont \u00e9t\u00e9 comptabilis\u00e9es en 2025 rien que dans le Rh\u00f4ne.<\/p>\n<p class=\" wall-content\">Lyon intra-muros est pour rappel \u00ab colonis\u00e9e depuis de longues ann\u00e9es maintenant \u00bb, selon Val\u00e9rie Formysin, ing\u00e9nieur en sant\u00e9-environnement \u00e0 la d\u00e9l\u00e9gation du Rh\u00f4ne et de la M\u00e9tropole de Lyon de l\u2019<a href=\"https:\/\/actu.fr\/auvergne-rhone-alpes\/lyon_69123\/exclusif-polluants-eternels-nous-etendons-les-controles-la-prefete-du-rhone-frappe-fort_62525367.html\" target=\"_blank\" rel=\"noopener\">ARS Auvergne-Rh\u00f4ne-Alpes<\/a>.<\/p>\n<p class=\" wall-content\">Pour freiner la progression de l\u2019insecte, des op\u00e9rations de <strong>d\u00e9moustication<\/strong> sont r\u00e9guli\u00e8rement men\u00e9es. Il y en avait eu 74 en Auvergne-Rh\u00f4ne-Alpes, dont au moins 23 dans le Rh\u00f4ne en 2024.<\/p>\n<p>Des records d\u2019arboviroses<\/p>\n<p class=\" wall-content\">Une ann\u00e9e durant laquelle les cas d\u2019arboviroses avaient \u00e9t\u00e9 record dans la r\u00e9gion avec 274 cas import\u00e9s (dengue, chikungunya, zika, chikungunya\u2026)<\/p>\n<p class=\" wall-content\">Deux cas de <strong>dengue autochtones\u00a0<\/strong>(personnes qui ont contract\u00e9 la maladie sur le territoire m\u00e9tropolitain) ont aussi \u00e9t\u00e9 identifi\u00e9s dans le d\u00e9partement de la Dr\u00f4me. Il s\u2019agit du troisi\u00e8me foyer de cas recens\u00e9 dans la r\u00e9gion apr\u00e8s celui de Caluire-et-Cuire dans le Rh\u00f4ne en 2019.<\/p>\n<p class=\" wall-content\">En comparaison, depuis d\u00e9but 2025, <strong>121 cas de chikungunya<\/strong>, 75 cas de dengue, mais aucun\u00a0cas de zika ont \u00e9t\u00e9 enregistr\u00e9s dans la r\u00e9gion.<\/p>\n<p>Des Lyonnais moins piqu\u00e9s ?<\/p>\n<p class=\" wall-content\">Un certain nombre de Lyonnais, constatent cette ann\u00e9e que les moustiques seraient moins nombreux en 2025. Quelques messages ont m\u00eame \u00e9t\u00e9 post\u00e9s sur les r\u00e9seaux sociaux sur ce sujet.<\/p>\n<p class=\" wall-content\">\n<p class=\" wall-content\">Contact\u00e9e par actu Lyon, l\u2019ARS Auvergne Rh\u00f4ne-Alpes \u00ab\u00a0constate globalement moins de moustiques qu\u2019en 2024\u00a0\u00bb.<\/p>\n<p class=\" wall-content\">Un bilan qui est aussi remont\u00e9 \u00e0 Christophe Bellet, entomologiste en charge de l\u2019Entente Interd\u00e9partementale pour la d\u00e9moustication en Auvergne Rh\u00f4ne-Alpes : \u00ab\u00a0Nous faisons le constat indirect, beaucoup de personnes disent qu\u2019il y a moins de moustiques cette ann\u00e9e. Mais il faut se m\u00e9fier, c\u2019est <strong>tr\u00e8s subjectif<\/strong>, d\u2019autant que le pic de la pr\u00e9sence du moustique tigre est entre mi-ao\u00fbt et mi-septembre.\u00a0\u00bb<\/p>\n<p>Des diff\u00e9rences entre les territoires<\/p>\n<p class=\" wall-content\">Selon les experts, tout va d\u00e9pendre du territoire sur lequel l\u2019on se penche, puisque la probl\u00e9matique est <strong>ultra-localis\u00e9e<\/strong>.\u00a0<\/p>\n<p class=\" wall-content\">\u00ab\u00a0\u00c0 <a href=\"https:\/\/actu.fr\/auvergne-rhone-alpes\/miribel_01249\" target=\"_blank\" rel=\"noopener\">Miribel-Jonage<\/a>, d\u2019autres esp\u00e8ces ont prolif\u00e9r\u00e9, il y a eu des conditions favorables au d\u00e9veloppement d\u2019autres esp\u00e8ces. Nous avons mis en place des actions de r\u00e9gulation. Alors que dans le Val de Sa\u00f4ne, il y en a beaucoup moins cette ann\u00e9e\u00a0\u00bb, d\u00e9taille Christophe Bellet.<\/p>\n<p class=\" wall-content\">Une explication est apport\u00e9e face \u00e0 ce constat : les<strong> fortes chaleurs<\/strong>.<\/p>\n<p>La m\u00e9t\u00e9o a jou\u00e9<\/p>\n<p class=\" wall-content\">Les journ\u00e9es torrides et notamment les <a href=\"https:\/\/actu.fr\/tag\/canicule\" target=\"_blank\" rel=\"noopener\">canicules<\/a> ont vraisemblablement jou\u00e9 sur la non-prolif\u00e9ration du moustique en 2025 \u00e0 Lyon.<\/p>\n<blockquote class=\"ac-article-quote wall-content\">\n<p>C&rsquo;est toujours compliqu\u00e9 de savoir pr\u00e9cis\u00e9ment ces donn\u00e9es, mais il est s\u00fbr que la chaleur va limiter les fluctuations dans les r\u00e9serves d&rsquo;eau, comme les coupelles des pots de fleurs. \u00c0 l&rsquo;inverse, des pr\u00e9cipitations fr\u00e9quentes peuvent augmenter le nombre de sp\u00e9cimens. Et comme \u00e7a fiat une dizaine de jours qu&rsquo;il n&rsquo;y a pas eu de vraies pluies, \u00e7a joue.<\/p>\n<p>    <strong>Christophe Bellet<\/strong><br \/>\n        Directeur de l\u2019Entente Interd\u00e9partementale pour la d\u00e9moustication en Auvergne Rh\u00f4ne-Alpes    <\/p><\/blockquote>\n<p class=\" wall-content\">Mais pour l\u2019ARS Auvergne Rh\u00f4ne-Alpes, \u00ab\u00a0une <strong>hausse \u00e0 venir est possible<\/strong> avec le changement m\u00e9t\u00e9orologique\u00a0\u00bb. \u00c0 voir ce que r\u00e9servent les pr\u00e9visions ces prochaines semaines, donc.<\/p>\n<p class=\" wall-content\">Pour \u00e9viter que les cas n\u2019augmentent encore ces prochaines ann\u00e9es, l\u2019ARS compte toujours sur les particuliers, et a ainsi \u00e9tabli une liste de <strong>gestes \u00e0 r\u00e9aliser<\/strong> pour stopper la multiplication.<\/p>\n<p class=\" wall-content\">Et parmi les conseils, l\u2019un est essentiel : \u00ab\u00a0Ranger, vider et couvrir les objets contenant de l\u2019eau\u00a0\u00bb. R\u00e9serves d\u2019eau pluviales, les jouets dans le jardin, ou encore les soucoupes, pots de fleurs et les coffrets techniques. Il y a \u00e9norm\u00e9ment de possibilit\u00e9s.<\/p>\n<p class=\" wall-content\">Suivez toute l\u2019actualit\u00e9 de vos villes et m\u00e9dias favoris en vous inscrivant \u00e0 <a href=\"https:\/\/moncompte.actu.fr\" title=\"D\u00e9couvez Mon Actu\" rel=\"nofollow noopener\" data-trk=\"{&quot;cta&quot;:{&quot;action&quot;:&quot;https:\\\/\\\/moncompte.actu.fr&quot;,&quot;category&quot;:&quot;mon compte&quot;,&quot;from&quot;:&quot;article footer&quot;,&quot;name&quot;:&quot;Mon actu&quot;,&quot;type&quot;:&quot;cta&quot;}}\" target=\"_blank\">Mon Actu<\/a>.<\/p>\n","protected":false},"excerpt":{"rendered":"Par Julien Damboise Publi\u00e9 le 29 juin 2025 \u00e0 8h24 Des habitants de Lyon constatent, depuis quelques semaines,&hellip;\n","protected":false},"author":2,"featured_media":213214,"comment_status":"","ping_status":"","sticky":false,"template":"","format":"standard","meta":{"footnotes":""},"categories":[1889],"tags":[1111,11,2430,1130,1777,674,1011,27,2428,2856,12,52,25,71],"class_list":{"0":"post-213213","1":"post","2":"type-post","3":"status-publish","4":"format-standard","5":"has-post-thumbnail","7":"category-lyon","8":"tag-actu","9":"tag-actualites","10":"tag-auvergne-rhone-alpes","11":"tag-biodiversite","12":"tag-eu","13":"tag-europe","14":"tag-fr","15":"tag-france","16":"tag-lyon","17":"tag-moustique-tigre","18":"tag-news","19":"tag-planete","20":"tag-republique-francaise","21":"tag-sante"},"share_on_mastodon":{"url":"https:\/\/pubeurope.com\/@fr\/114766499285905748","error":""},"_links":{"self":[{"href":"https:\/\/www.europesays.com\/fr\/wp-json\/wp\/v2\/posts\/213213","targetHints":{"allow":["GET"]}}],"collection":[{"href":"https:\/\/www.europesays.com\/fr\/wp-json\/wp\/v2\/posts"}],"about":[{"href":"https:\/\/www.europesays.com\/fr\/wp-json\/wp\/v2\/types\/post"}],"author":[{"embeddable":true,"href":"https:\/\/www.europesays.com\/fr\/wp-json\/wp\/v2\/users\/2"}],"replies":[{"embeddable":true,"href":"https:\/\/www.europesays.com\/fr\/wp-json\/wp\/v2\/comments?post=213213"}],"version-history":[{"count":0,"href":"https:\/\/www.europesays.com\/fr\/wp-json\/wp\/v2\/posts\/213213\/revisions"}],"wp:featuredmedia":[{"embeddable":true,"href":"https:\/\/www.europesays.com\/fr\/wp-json\/wp\/v2\/media\/213214"}],"wp:attachment":[{"href":"https:\/\/www.europesays.com\/fr\/wp-json\/wp\/v2\/media?parent=213213"}],"wp:term":[{"taxonomy":"category","embeddable":true,"href":"https:\/\/www.europesays.com\/fr\/wp-json\/wp\/v2\/categories?post=213213"},{"taxonomy":"post_tag","embeddable":true,"href":"https:\/\/www.europesays.com\/fr\/wp-json\/wp\/v2\/tags?post=213213"}],"curies":[{"name":"wp","href":"https:\/\/api.w.org\/{rel}","templated":true}]}}