{"id":213225,"date":"2025-06-29T11:55:17","date_gmt":"2025-06-29T11:55:17","guid":{"rendered":"https:\/\/www.europesays.com\/fr\/213225\/"},"modified":"2025-06-29T11:55:17","modified_gmt":"2025-06-29T11:55:17","slug":"paris-quand-la-mode-devient-narration-avec-lgn-kidsuper-et-sean-suen-2","status":"publish","type":"post","link":"https:\/\/www.europesays.com\/fr\/213225\/","title":{"rendered":"Paris: quand la mode devient narration avec LGN, KidSuper et Sean Suen"},"content":{"rendered":"<p class=\"article-content col-md-8 offset-md-1\">\n                                Par ces temps de crise, o\u00f9 plusieurs jeunes marques, et moins jeunes, ont d\u00fb renoncer \u00e0 un d\u00e9fil\u00e9 co\u00fbteux, de nouveaux terrains d\u2019expression se font jour \u00e0 travers des formats de pr\u00e9sentations insolites, mettant au centre le storytelling, v\u00e9hicule toujours plus important pour promouvoir une collection. Comme l\u2019ont d\u00e9montr\u00e9 plusieurs griffes sur les podiums masculins, samedi, \u00e0 Paris. A l\u2019instar du film d\u2019animation propos\u00e9 par <a class=\"fnwAddLinks\" href=\"https:\/\/fr.fashionnetwork.com\/tags-lgn\" title=\"LGN\" target=\"_blank\" rel=\"noopener\">LGN<\/a> <a class=\"fnwAddLinks\" href=\"https:\/\/fr.fashionnetwork.com\/tags-louis-gabriel-nouchi\" title=\"Louis-Gabriel Nouchi\" target=\"_blank\" rel=\"noopener\">Louis-Gabriel Nouchi<\/a>, de la fable th\u00e9\u00e2trale de KidSuper ou de la po\u00e9sie susurr\u00e9e de <a class=\"fnwAddLinks\" href=\"https:\/\/fr.fashionnetwork.com\/tags-sean-suen\" title=\"Sean Suen\" target=\"_blank\" rel=\"noopener\">Sean Suen<\/a>.<\/p>\n<p><img decoding=\"async\" class=\"news-image\" style=\"width:100%;\" src=\"https:\/\/www.europesays.com\/fr\/wp-content\/uploads\/2025\/06\/b609.jpg\" alt=\"Une image du film d'nimation de LGN Louis-Gabriel Nouchi\" loading=\"lazy\"\/>Une image du film d&rsquo;nimation de LGN Louis-Gabriel Nouchi &#8211; ph DM<\/p>\n<p class=\"col-md-8 offset-md-1 article-content--texte\">\u00a0<br \/>LGN Louis-Gabriel Nouchi a pris tout le monde de court, organisant en lieu et place du traditionnel d\u00e9fil\u00e9 une projection dans la petite salle de cin\u00e9ma du Silencio, club select d\u2019avant-garde de la rue Montmartre, fond\u00e9 et pens\u00e9 par le mythique r\u00e9alisateur David Lynch. \u00ab\u00a0J\u2019avais l\u2019habitude de venir ici tr\u00e8s jeune. C\u2019est un vrai fashion cin\u00e9ma\u00a0\u00bb, glisse le cr\u00e9ateur, en accueillant ses invit\u00e9s avec pop-corn et champagne dans les salons vo\u00fbt\u00e9s et r\u00e9trofuturistes du night-club.<br \/>\u00a0<br \/>Apr\u00e8s une ann\u00e9e 2024 intense, avec entre autres la cr\u00e9ation de tenues de la c\u00e9r\u00e9monie d\u2019ouverture des Jeux paralympiques, Louis-Gabriel Nouchi aspirait \u00e0 une pr\u00e9sentation plus intime et moins stressante qu\u2019un d\u00e9fil\u00e9. Fan de mangas et passionn\u00e9 par le dessin, il a toujours r\u00eav\u00e9 de r\u00e9aliser un film d\u2019animation. Une fois sa collection dessin\u00e9e, il se lance dans le bain en contactant le studio de production Wizz.<\/p>\n<p class=\"col-md-8 offset-md-1 article-content--texte\">R\u00e9sultat: un court-m\u00e9trage d\u2019anticipation nous plongeant en deux minutes et demie dans l\u2019univers de la marque en suivant des robots humano\u00efdes, qui \u00e9prouvent des sentiments\u2026 \u00e0 coup de grosses gouttes de sueur sur leurs corps m\u00e9talliques. Du tailoring pour hommes d\u2019affaires \u00e0 des mises plus sensuelles et sexy, toute la versatilit\u00e9 de LGN se trouve dans ce concentr\u00e9 d\u2019images.<br \/>\u00a0<br \/>Pour cette collection consacr\u00e9e au printemps-\u00e9t\u00e9 2026, le styliste part comme toujours d\u2019un livre. Il s\u2019agit cette fois de \u00ab\u00a0Blade Runner\u00a0\u00bb de Philip K. Dick, dont Ridley Scott a fait un film culte, et Louis-Gabriel Nouchi ce film d\u2019animation intitul\u00e9 \u00ab\u00a0The Replicant\u00a0\u00bb. \u00ab\u00a0Apr\u00e8s ma derni\u00e8re collection inspir\u00e9e de 1984 de George Orwell, je reste dans la dystopie, interrogeant nos liens entre la r\u00e9alit\u00e9, les r\u00e9seaux sociaux, l\u2019IA, etc. \u00ab\u00a0, nous explique-t-il.<\/p>\n<p>Le designer se focalise sur son maxi manteau embl\u00e9matique \u00e0 la structure marqu\u00e9e et aux \u00e9paules exag\u00e9r\u00e9es. Il s\u2019en sert de base pour y couper \u00ab\u00a0de mani\u00e8re presque m\u00e9canique\u00a0\u00bb toutes les autres pi\u00e8ces de la collection, telles vestes, chemises, t-shirts, pantalons, micro-shorts. Au total 30 looks, r\u00e9duits \u00e0 quelques silhouettes cl\u00e9s dans le film, d\u00e9clin\u00e9s dans les couleurs de la marque, noir, blanc et beige, tout en jouant sur les superpositions de tissus transparents, de textures tactiles (latex, nylon, coton sec, cuir peint \u00e0 la main, voiles noirs) et de volumes.<\/p>\n<p>Pour rappel, \u00e0 Milan, le designer Luca Magliano a opt\u00e9 pour le m\u00eame type de d\u00e9marche en r\u00e9alisant le court-m\u00e9trage \u00ab\u00a0Maglianic\u00a0\u00bb qu&rsquo;il a d\u00e9voil\u00e9 lors d&rsquo;une projection dans une salle de cin\u00e9ma.<br \/>\u00a0<br class=\"clear\"\/><\/p>\n<p><a class=\"btn btn-dark\" target=\"_blank\" href=\"https:\/\/fr.fashionnetwork.com\/galeries\/photos\/Kidsuper-Studios,72348.html\" rel=\"noopener\">Voir le d\u00e9fil\u00e9<\/a><img decoding=\"async\" class=\"news-image\" style=\"width:100%;max-width:645px;\" src=\"https:\/\/www.europesays.com\/fr\/wp-content\/uploads\/2025\/06\/846f.jpg\" alt=\"Kidsuper Studios, printemps-\u00e9t\u00e9 2026\" loading=\"lazy\"\/>Kidsuper Studios, printemps-\u00e9t\u00e9 2026 &#8211; \u00a9Launchmetrics\/spotlight<\/p>\n<p class=\"col-md-8 offset-md-1 article-content--texte\">Changement de registre chez KidSuper. Le styliste Colm Dillane a organis\u00e9 au mus\u00e9e des Arts d\u00e9coratifs l\u2019un de ces shows spectacles \u00e0 grand impact, dont il a le secret, s\u2019inspirant librement de la fable du \u00ab\u00a0Petit Prince\u00a0\u00bb d&rsquo;Antoine de Saint-Exup\u00e9ry, dont il redessine \u00e0 sa mani\u00e8re la reconnaissable silhouette sur certains de ses mod\u00e8les, comme dans ce blouson en cuir, o\u00f9 le blondinet flotte au milieu de la lune et des \u00e9toiles. Un personnage qui a le vent en poupe cette saison, puisqu&rsquo;il a inspir\u00e9 aussi 3.Paradis.<br \/>\u00a0<br \/>Le spectacle, \u00e9galement d\u00e9clin\u00e9 dans un livre offert aux invit\u00e9s, s\u2019intitule \u2018The boy who jumped the moon\u00a0\u00bb (le gar\u00e7on qui sauta dans la lune). Une sorte de parabole de la trajectoire du designer, artiste peintre, musicien et producteur new-yorkais, parvenu \u00e0 r\u00e9alis\u00e9 ses r\u00eaves d\u2019enfants, transformant en une dizaine d\u2019ann\u00e9es son petit label de t-shirts s\u00e9rigraphi\u00e9s en une maison de mode reconnue, qui d\u00e9file \u00e0 Paris. Il ne manque aucun ingr\u00e9dient. Pas m\u00eame la r\u00e9f\u00e9rence \u00e0 sa passion pour le football avec le joueur Mario Balotelli, qui joue les mannequins en cl\u00f4ture du d\u00e9fil\u00e9.<br \/>\u00a0<br \/>A l\u2019entr\u00e9e du mus\u00e9e tr\u00f4ne la Mercedes-Benz CLA customis\u00e9e par Colm Dillane, troisi\u00e8me talent invit\u00e9 par le constructeur automobile allemand dans le cadre de son programme collaboratif \u00ab\u00a0Class of Creators\u00a0\u00bb, qui a \u00e9quip\u00e9 la voiture, recouverte d\u2019un patchwork de bouts de m\u00e9tal, de gros ballons pour s&rsquo;envoler et atteindre la lune. Le projet s&rsquo;accompagne d\u2019une capsule compos\u00e9e de vestes, chemises, pantalons, trench, chapeaux, sacs et valise, d\u00e9voil\u00e9e durant le show.<br \/>\u00a0<br \/>Sur la sc\u00e8ne, trois livres g\u00e9ants, dont les pages sont tourn\u00e9es au fur et \u00e0 mesure du r\u00e9cit et d\u2019o\u00f9 sortent les mannequins rev\u00eatus des cr\u00e9ations de Colm Dillane. Costumes, blousons, chemisettes, pantalons amples\u2026 Chaque habit ressemble \u00e0 lui seul \u00e0 une petite \u0153uvre d\u2019art, d\u00e9cor\u00e9 des dessins et gouaches \u00e0 la fois po\u00e9tiques et ludiques du styliste am\u00e9ricain, toujours avec sa touche de na\u00efvet\u00e9 enfantine.<\/p>\n<p>Parfois les v\u00eatements sont juste orn\u00e9s d\u2019une \u00e9criture gribouill\u00e9e par des dessins de fils entrem\u00eal\u00e9s. Un bermuda est m\u00eame confectionn\u00e9 dans les pages d\u2019un cahier d\u2019\u00e9colier. Ne manque pas non plus la tenue du peintre, en complet et tablier pleine de t\u00e2ches de peinture multicolore.<\/p>\n<p><a class=\"btn btn-dark\" target=\"_blank\" href=\"https:\/\/fr.fashionnetwork.com\/galeries\/photos\/Ziggy-Chen,72342.html\" rel=\"noopener\">Voir le d\u00e9fil\u00e9<\/a><img decoding=\"async\" class=\"news-image\" style=\"width:100%;\" src=\"https:\/\/www.europesays.com\/fr\/wp-content\/uploads\/2025\/06\/a894.jpg\" alt=\"Ziggy Chen, printemps-\u00e9t\u00e9 2026\" loading=\"lazy\"\/>Ziggy Chen, printemps-\u00e9t\u00e9 2026 &#8211; \u00a9Launchmetrics\/spotlight<\/p>\n<p class=\"col-md-8 offset-md-1 article-content--texte\">C\u2019est une mode lente que propose Ziggy Chen, en opposition \u00e0 la fast fashion, avec des v\u00eatements qui semblent us\u00e9s, comme patin\u00e9s par le temps, r\u00e9alis\u00e9s dans des fibres naturelles, en totale harmonie avec la nature. La palette s\u2019inspire de la terre avec des tonalit\u00e9s d\u2019abord brunes et cendr\u00e9es, puis plus claires comme le sable, presque fan\u00e9es ou d\u00e9teintes par le soleil.<br \/>\u00a0<br \/>Pour cr\u00e9er sa collection de l\u2019\u00e9t\u00e9 prochain, le designer chinois Cheng Xiang, qui a fond\u00e9 sa maison en 2012, s\u2019est inspir\u00e9 de la pluie l\u00e9g\u00e8re et persistante du Jiangnan, r\u00e9gion proche de Shanghai d\u2019o\u00f9 il est originaire. Les v\u00eatements sont notamment soumis \u00e0 des traitements et proc\u00e9d\u00e9s de teinture particuliers, rappelant l\u2019effet des murs suintant d\u2019eau. Certains imprim\u00e9s dessinent aussi de myst\u00e9rieuses cartes g\u00e9ographiques.<br \/>\u00a0<br \/>Le vestiaire est d\u2019une grande l\u00e9g\u00e8ret\u00e9, compos\u00e9 de pi\u00e8ces se superposant en multi-strates impalpables, avec des\u00a0tricots, des gilets se d\u00e9boutonnant aux \u00e9paules, des vestes poids plume, des pantalons fluides, des maxi sarongs, et m\u00eame des tabliers, tous taill\u00e9s dans du chanvre, du lin, des cotons et des soies froiss\u00e9es.<br \/>\u00a0<br \/>Un syst\u00e8me de coulisses et de rubans permet de resserrer les amples pantalons \u00e0 la taille et aux chevilles ou de les arrimer \u00e0 un tricot ou t-shirt, tandis que des lacets aident \u00e0 froncer et remonter les manches. Des sacs en toile de jute se portent avec une bandouli\u00e8re en corde. Les mannequins semblent flotter dans l\u2019air chaud se fondant dans le paysage.<br \/>\u00a0\n                            <\/p>\n<p>\n                                Tous droits de reproduction et de repr\u00e9sentation r\u00e9serv\u00e9s.<br \/>\u00a9 2025 FashionNetwork.com\n                            <\/p>\n","protected":false},"excerpt":{"rendered":"Par ces temps de crise, o\u00f9 plusieurs jeunes marques, et moins jeunes, ont d\u00fb renoncer \u00e0 un d\u00e9fil\u00e9&hellip;\n","protected":false},"author":2,"featured_media":213224,"comment_status":"","ping_status":"","sticky":false,"template":"","format":"standard","meta":{"footnotes":""},"categories":[1888],"tags":[11,2424,537,2423,1777,674,1011,27,35304,35303,2425,985,12,2298,626,2426,2427,25,2421,34570,2422],"class_list":{"0":"post-213225","1":"post","2":"type-post","3":"status-publish","4":"format-standard","5":"has-post-thumbnail","7":"category-paris","8":"tag-actualites","9":"tag-beaute","10":"tag-contact","11":"tag-cosmetiques","12":"tag-eu","13":"tag-europe","14":"tag-fr","15":"tag-france","16":"tag-lgn","17":"tag-louis-gabriel-nouchi","18":"tag-luxe","19":"tag-mode","20":"tag-news","21":"tag-parfum","22":"tag-paris","23":"tag-professionnel","24":"tag-professionnels","25":"tag-republique-francaise","26":"tag-reseau","27":"tag-sean-suen","28":"tag-textile"},"share_on_mastodon":{"url":"https:\/\/pubeurope.com\/@fr\/114766526966987196","error":""},"_links":{"self":[{"href":"https:\/\/www.europesays.com\/fr\/wp-json\/wp\/v2\/posts\/213225","targetHints":{"allow":["GET"]}}],"collection":[{"href":"https:\/\/www.europesays.com\/fr\/wp-json\/wp\/v2\/posts"}],"about":[{"href":"https:\/\/www.europesays.com\/fr\/wp-json\/wp\/v2\/types\/post"}],"author":[{"embeddable":true,"href":"https:\/\/www.europesays.com\/fr\/wp-json\/wp\/v2\/users\/2"}],"replies":[{"embeddable":true,"href":"https:\/\/www.europesays.com\/fr\/wp-json\/wp\/v2\/comments?post=213225"}],"version-history":[{"count":0,"href":"https:\/\/www.europesays.com\/fr\/wp-json\/wp\/v2\/posts\/213225\/revisions"}],"wp:featuredmedia":[{"embeddable":true,"href":"https:\/\/www.europesays.com\/fr\/wp-json\/wp\/v2\/media\/213224"}],"wp:attachment":[{"href":"https:\/\/www.europesays.com\/fr\/wp-json\/wp\/v2\/media?parent=213225"}],"wp:term":[{"taxonomy":"category","embeddable":true,"href":"https:\/\/www.europesays.com\/fr\/wp-json\/wp\/v2\/categories?post=213225"},{"taxonomy":"post_tag","embeddable":true,"href":"https:\/\/www.europesays.com\/fr\/wp-json\/wp\/v2\/tags?post=213225"}],"curies":[{"name":"wp","href":"https:\/\/api.w.org\/{rel}","templated":true}]}}