{"id":213226,"date":"2025-06-29T11:56:10","date_gmt":"2025-06-29T11:56:10","guid":{"rendered":"https:\/\/www.europesays.com\/fr\/213226\/"},"modified":"2025-06-29T11:56:10","modified_gmt":"2025-06-29T11:56:10","slug":"des-archeologues-russes-mettent-au-jour-un-sceau-ducal-appartenant-a-ivan-iii","status":"publish","type":"post","link":"https:\/\/www.europesays.com\/fr\/213226\/","title":{"rendered":"Des arch\u00e9ologues russes mettent au jour un sceau ducal appartenant \u00e0 Ivan III"},"content":{"rendered":"<p>L\u2019artefact a \u00e9t\u00e9 retrouv\u00e9 dans l\u2019\u00e9glise de l\u2019Ic\u00f4ne Petrovska\u00efa de la M\u00e8re de Dieu \u00e0 Moscou. Dat\u00e9 au XVIe si\u00e8cle, il serait le plus pr\u00e9cieux objet jamais d\u00e9couvert sur le site.<\/p>\n<p class=\"fig-paragraph\">Un artefact historique et unique en son genre. Des arch\u00e9ologues menant des fouilles dans l\u2019\u00e9glise de l\u2019Ic\u00f4ne Petrovska\u00efa de la M\u00e8re de Dieu \u00e0\u00a0<a href=\"http:\/\/www.lefigaro.fr\/international\/dossier\/notre-dame-reconstructions-fenice-pekin-moscou-saint-sepulcre\" data-fig-type=\"Topic\" data-gtm-custom-categorie=\"navigation\" data-gtm-custom-action=\"crossclick\" data-gtm-custom-label=\"Contextuel\" data-gtm-event=\"customEventSPE\" data-fig-domain=\"LEFIGARO\" target=\"_blank\" rel=\"noopener\">Moscou<\/a>\u00a0ont d\u00e9couvert au d\u00e9but du mois de juin un sceau en plomb datant de l\u2019\u00e9poque d\u2019Ivan III Le Grand,\u00a0<a href=\"https:\/\/arkeonews.net\/archaeologists-discover-ivan-iiis-seal-in-moscow-the-first-grand-ducal-and-final-lead-seal-ever-found\/\" target=\"_blank\" rel=\"nofollow noopener\" data-gtm-custom-categorie=\"navigation\" data-gtm-custom-action=\"crossclick\" data-gtm-custom-label=\"Contextuel\" data-gtm-event=\"customEventSPE\">rapporte Arkeonews<\/a> . Cette mise au jour a \u00e9t\u00e9 annonc\u00e9e par le maire de la capitale russe\u00a0<a href=\"http:\/\/www.lefigaro.fr\/international\/le-maire-de-moscou-serguei-sobianine-reelu-sans-surprise-20230911\" data-fig-type=\"NewsFlash\" data-gtm-custom-categorie=\"navigation\" data-gtm-custom-action=\"crossclick\" data-gtm-custom-label=\"Contextuel\" data-gtm-event=\"customEventSPE\" data-fig-domain=\"LEFIGARO\" target=\"_blank\" rel=\"noopener\">Sergue\u00ef Sobianine<\/a>\u00a0et constitue le premier exemple connu de sceau en plomb, plus tard remplac\u00e9 par des mod\u00e8les de cire.<\/p>\n<p class=\"fig-paragraph\">Ivan III a r\u00e9gn\u00e9 en tant que Grand Prince de Vladimir et de Moscou entre 1462 et 1505. Ce dernier est consid\u00e9r\u00e9 par les Russes comme le premier tsar du pays et \u00ab\u00a0le rassembleur des terres\u00a0\u00bb. Il a \u00e9t\u00e9 l\u2019un des principaux artisans de la formation de la Russie telle que nous la connaissons aujourd\u2019hui apr\u00e8s avoir mis un terme \u00e0 la domination de l\u2019<a href=\"http:\/\/www.lefigaro.fr\/international\/les-propagandistes-de-poutine-font-la-promotion-de-l-expansionnisme-territorial-nous-sommes-les-heritiers-de-l-empire-mongol-20220617\" data-fig-type=\"Article\" data-gtm-custom-categorie=\"navigation\" data-gtm-custom-action=\"crossclick\" data-gtm-custom-label=\"Contextuel\" data-gtm-event=\"customEventSPE\" data-fig-domain=\"LEFIGARO\" target=\"_blank\" rel=\"noopener\">empire mongol<\/a>. Une inscription mentionnant Ivan III figure sur le verso du sceau en plomb retrouv\u00e9 \u00e0 Moscou\u00a0:\u00a0\u00ab\u00a0Sceau du Prince Ivan Vasilievich le Grand.\u00a0\u00bb L\u2019image de Saint-Georges le Victorieux, symbole des armoiries russes, est \u00e9galement grav\u00e9e sur l\u2019une des faces de l\u2019objet.<\/p>\n<p>Fondements de l\u2019autocratie russe<\/p>\n<p class=\"fig-paragraph\">Selon Arkeonews, ce sceau serait le plus pr\u00e9cieux des 3000 artefacts trouv\u00e9s sur le site ces derni\u00e8res ann\u00e9es. Il a \u00e9t\u00e9 d\u00e9couvert dans une couche culturelle datant de la premi\u00e8re moiti\u00e9 du XVIe si\u00e8cle. \u00c0 cette \u00e9poque, Ivan III Le Grand ordonna la construction du\u00a0<a href=\"http:\/\/www.lefigaro.fr\/musique\/il-se-fiche-du-ridicule-le-naufrage-de-francis-lalanne-qui-chante-les-louanges-du-kremlin-20250622\" data-fig-type=\"Article\" data-gtm-custom-categorie=\"navigation\" data-gtm-custom-action=\"crossclick\" data-gtm-custom-label=\"Contextuel\" data-gtm-event=\"customEventSPE\" data-fig-domain=\"LEFIGARO\" target=\"_blank\" rel=\"noopener\">Kremlin<\/a>\u00a0de Moscou. Il b\u00e2tit aussi la cath\u00e9drale de l\u2019Assomption (ou de la Dormition), c\u0153ur religieux et politique de l\u2019\u00c9tat russe. C\u2019est \u00e0 cette p\u00e9riode que le Grand Prince de Vladimir et de Moscou a instaur\u00e9 les bases de l\u2019autocratie, le<strong> r\u00e9gime politique dans lequel le tsar dirige de mani\u00e8re absolue ( pr\u00e9parant ainsi le terrain pour le r\u00e9gime tsariste centralis\u00e9 qui allait dominer la Russie pendant des si\u00e8cles.).<\/strong> Ce mod\u00e8le a perdur\u00e9 jusqu\u2019au r\u00e8gne de\u00a0<a href=\"http:\/\/www.lefigaro.fr\/arts-expositions\/un-triptyque-ayant-appartenu-au-tsar-nicolas-ii-offert-au-musee-du-louvre-20250411\" data-fig-type=\"NewsFlash\" data-gtm-custom-categorie=\"navigation\" data-gtm-custom-action=\"crossclick\" data-gtm-custom-label=\"Contextuel\" data-gtm-event=\"customEventSPE\" data-fig-domain=\"LEFIGARO\" target=\"_blank\" rel=\"noopener\">Nicolas II<\/a>, avant qu\u2019il ne soit assassin\u00e9 en 1918.<\/p>\n<p class=\"fig-body-link\">\n            \u00c0 lire aussi<br \/>\n        <a class=\"fig-body-link__link\" href=\"http:\/\/www.lefigaro.fr\/culture\/patrimoine\/a-istanbul-sainte-sophie-va-devoiler-ses-souterrains-byzantins-au-grand-public-20250119\" data-fig-type=\"Article\" data-gtm-custom-categorie=\"navigation\" data-gtm-custom-action=\"crossclick\" data-gtm-custom-label=\"Contextuel\" data-gtm-event=\"customEventSPE\" data-fig-domain=\"LEFIGARO\" target=\"_blank\" rel=\"noopener\">\u00c0 Istanbul, Sainte-Sophie va d\u00e9voiler ses souterrains byzantins au grand public<br \/>\n    <\/a>\n<\/p>\n<p class=\"fig-paragraph\">Cette d\u00e9couverte permettra aux historiens et aux arch\u00e9ologues d\u2019avoir un t\u00e9moin silencieux de l\u2019\u00e9poque de la formation de l\u2019\u00c9tat russe. Le sceau en plomb aurait d\u00e9j\u00e0 fait l\u2019objet d\u2019une restauration. Il sera transf\u00e9r\u00e9 au Fonds mus\u00e9al de la F\u00e9d\u00e9ration de Russie o\u00f9 il sera conserv\u00e9 et expos\u00e9 au public.<\/p>\n","protected":false},"excerpt":{"rendered":"L\u2019artefact a \u00e9t\u00e9 retrouv\u00e9 dans l\u2019\u00e9glise de l\u2019Ic\u00f4ne Petrovska\u00efa de la M\u00e8re de Dieu \u00e0 Moscou. Dat\u00e9 au&hellip;\n","protected":false},"author":2,"featured_media":213227,"comment_status":"","ping_status":"","sticky":false,"template":"","format":"standard","meta":{"footnotes":""},"categories":[1591],"tags":[11,14818,17458,1887,13493,13834,1916,12,2551,1885,1886,132,17459],"class_list":{"0":"post-213226","1":"post","2":"type-post","3":"status-publish","4":"format-standard","5":"has-post-thumbnail","7":"category-russie","8":"tag-actualites","9":"tag-chateaux","10":"tag-conservation","11":"tag-federation-de-russie","12":"tag-fouilles-archeologiques","13":"tag-monuments-historiques","14":"tag-moscou","15":"tag-news","16":"tag-patrimoine","17":"tag-russia","18":"tag-russian-federation","19":"tag-russie","20":"tag-trophee-dassault"},"share_on_mastodon":{"url":"https:\/\/pubeurope.com\/@fr\/114766530783301645","error":""},"_links":{"self":[{"href":"https:\/\/www.europesays.com\/fr\/wp-json\/wp\/v2\/posts\/213226","targetHints":{"allow":["GET"]}}],"collection":[{"href":"https:\/\/www.europesays.com\/fr\/wp-json\/wp\/v2\/posts"}],"about":[{"href":"https:\/\/www.europesays.com\/fr\/wp-json\/wp\/v2\/types\/post"}],"author":[{"embeddable":true,"href":"https:\/\/www.europesays.com\/fr\/wp-json\/wp\/v2\/users\/2"}],"replies":[{"embeddable":true,"href":"https:\/\/www.europesays.com\/fr\/wp-json\/wp\/v2\/comments?post=213226"}],"version-history":[{"count":0,"href":"https:\/\/www.europesays.com\/fr\/wp-json\/wp\/v2\/posts\/213226\/revisions"}],"wp:featuredmedia":[{"embeddable":true,"href":"https:\/\/www.europesays.com\/fr\/wp-json\/wp\/v2\/media\/213227"}],"wp:attachment":[{"href":"https:\/\/www.europesays.com\/fr\/wp-json\/wp\/v2\/media?parent=213226"}],"wp:term":[{"taxonomy":"category","embeddable":true,"href":"https:\/\/www.europesays.com\/fr\/wp-json\/wp\/v2\/categories?post=213226"},{"taxonomy":"post_tag","embeddable":true,"href":"https:\/\/www.europesays.com\/fr\/wp-json\/wp\/v2\/tags?post=213226"}],"curies":[{"name":"wp","href":"https:\/\/api.w.org\/{rel}","templated":true}]}}