{"id":213228,"date":"2025-06-29T11:57:11","date_gmt":"2025-06-29T11:57:11","guid":{"rendered":"https:\/\/www.europesays.com\/fr\/213228\/"},"modified":"2025-06-29T11:57:11","modified_gmt":"2025-06-29T11:57:11","slug":"plusieurs-blesses-en-ukraine-dans-lattaque-russe-aerienne-la-plus-massive-depuis-le-debut-de-la-guerre","status":"publish","type":"post","link":"https:\/\/www.europesays.com\/fr\/213228\/","title":{"rendered":"plusieurs bless\u00e9s en Ukraine dans l&rsquo;attaque russe a\u00e9rienne \u00ab\u00a0la plus massive\u00a0\u00bb depuis le d\u00e9but de la guerre"},"content":{"rendered":"<p><img decoding=\"async\" class=\"caas-img caas-lazy has-preview\" src=\"https:\/\/www.europesays.com\/fr\/wp-content\/uploads\/2025\/06\/7a0da9edaf5d6c2e6b017bbe0278da4a.jpeg\"\/><\/p>\n<p>Au moins sept personnes ont \u00e9t\u00e9 bless\u00e9es dans la nuit de samedi 28 \u00e0 dimanche 29 juin dans de nouvelles frappes russes visant plusieurs r\u00e9gions d&rsquo;Ukraine, ont rapport\u00e9 les autorit\u00e9s ukrainiennes.<\/p>\n<p>Il s&rsquo;agit de \u00ab\u00a0la frappe a\u00e9rienne la plus massive\u00a0\u00bb sur le pays depuis le d\u00e9but de l&rsquo;invasion russe en f\u00e9vrier 2022, a d\u00e9clar\u00e9 \u00e0 l&rsquo;<a data-i13n=\"cpos:1;pos:1\" href=\"https:\/\/apnews.com\/article\/russia-ukraine-war-biggest-aerial-attack-9fda235a9345d506cf6c796ddfa80e33?taid=6860e628c9d3720001eca937&amp;utm_campaign=TrueAnthem&amp;utm_medium=AP&amp;utm_source=Twitter\" rel=\"nofollow noopener\" target=\"_blank\" data-ylk=\"slk:Associated Press;cpos:1;pos:1;elm:context_link;itc:0;sec:content-canvas\" class=\"link \">Associated Press<\/a> Yuriy Ihnat, responsable des communications de l&rsquo;arm\u00e9e de l&rsquo;air ukrainienne. Au total, la Russie a tir\u00e9 477 drones explosifs et 60 missiles de plusieurs types, soit 537 engins.<\/p>\n<p>L&rsquo;arm\u00e9e de l&rsquo;air ukrainienne assure en avoir neutralis\u00e9 respectivement 475 et 39et a \u00e9voqu\u00e9 \u00ab\u00a0six impacts\u00a0\u00bb de frappes russes.<\/p>\n<p>\u00ab\u00a0L&rsquo;Ukraine doit renforcer sa d\u00e9fense a\u00e9rienne\u00a0\u00bb<\/p>\n<p>Le pr\u00e9sident russe Vladimir \u00ab\u00a0Poutine a d\u00e9cid\u00e9 depuis longtemps de poursuivre la guerre, malgr\u00e9 les appels \u00e0 la paix lanc\u00e9s par la communaut\u00e9 internationale\u00a0\u00bb, a d\u00e9plor\u00e9 le pr\u00e9sident ukrainien Volodymyr Zelensky.<\/p>\n<p>\u00ab\u00a0L&rsquo;Ukraine doit renforcer sa d\u00e9fense a\u00e9rienne, qui est le meilleur moyen de prot\u00e9ger des vies\u00a0\u00bb, a-t-il ajout\u00e9, se disant une nouvelle fois \u00ab\u00a0pr\u00eat \u00e0 acheter\u00a0\u00bb des syst\u00e8mes am\u00e9ricains, comme les Patriots.<\/p>\n<p>Donald Trump, qui s&rsquo;est rapproch\u00e9 de la Russie depuis f\u00e9vrier, n&rsquo;a, pour le moment, <a data-i13n=\"cpos:2;pos:1\" href=\"https:\/\/www.bfmtv.com\/international\/donald-trump-a-compare-l-ukraine-et-la-russie-a-deux-enfants-qui-se-battent-dans-un-parc_VN-202506050725.html\" rel=\"nofollow noopener\" target=\"_blank\" data-ylk=\"slk:pas r\u00e9pondu favorablement \u00e0 cette demande de Kiev;cpos:2;pos:1;elm:context_link;itc:0;sec:content-canvas\" class=\"link \">pas r\u00e9pondu favorablement \u00e0 cette demande de Kiev<\/a>.<\/p>\n<p>Au total, six personnes ont \u00e9t\u00e9 bless\u00e9es, dont un enfant, dans la r\u00e9gion de Tcherkassy, a indiqu\u00e9 sur Telegram la police ukrainienne.<\/p>\n<p>Dans la r\u00e9gion d&rsquo;Ivano-Frankivsk, dans l&rsquo;ouest du pays, tr\u00e8s loin du front, une femme a, elle aussi, \u00e9t\u00e9 bless\u00e9e et \u00ab\u00a0emmen\u00e9e \u00e0 l&rsquo;h\u00f4pital\u00a0\u00bb, selon la responsable r\u00e9gionale, Svitlana Onychtchouk.<\/p>\n<p>Outre ces civils, un pilote de F-16 a \u00e9t\u00e9 tu\u00e9 dans la nuit lorsque son avion a \u00e9t\u00e9 \u00ab\u00a0endommag\u00e9\u00a0\u00bb dans les airs, \u00ab\u00a0sans qu&rsquo;il n&rsquo;ait le temps de s&rsquo;\u00e9jecter\u00a0\u00bb, d&rsquo;apr\u00e8s un r\u00e9cit de l&rsquo;arm\u00e9e de l&rsquo;air. Il avait d\u00e9truit \u00ab\u00a0sept cibles a\u00e9riennes\u00a0\u00bb tir\u00e9es par la Russie dans la nuit, a pr\u00e9cis\u00e9 Volodymyr Zelensky, dans un hommage s\u00e9par\u00e9.<\/p>\n<p>Dans la matin\u00e9e, apr\u00e8s cette s\u00e9rie de tirs russes nocturnes, un homme de 60 ans a \u00e9t\u00e9 tu\u00e9 dans une attaque de drone russe sur son v\u00e9hicule, dans la r\u00e9gion de Kharkiv, selon les autorit\u00e9s r\u00e9gionales, au moment o\u00f9 l&rsquo;arm\u00e9e russe est \u00e0 l&rsquo;offensive dans cette zone du front.<\/p>\n<p>L&rsquo;arm\u00e9e russe, de son c\u00f4t\u00e9, a affirm\u00e9 avoir intercept\u00e9 trois drones ukrainiens dans la nuit de samedi \u00e0 dimanche.<\/p>\n<p><a data-i13n=\"cpos:3;pos:1\" href=\"https:\/\/www.bfmtv.com\/international\/europe\/ukraine\/477-drones-et-60-missiles-plusieurs-blesses-en-ukraine-dans-l-attaque-russe-aerienne-la-plus-massive-depuis-le-debut-de-la-guerre_AD-202506290175.html#xtor=AL-68\" rel=\"nofollow noopener\" target=\"_blank\" data-ylk=\"slk:Article original publi\u00e9 sur BFMTV.com;cpos:3;pos:1;elm:context_link;itc:0;sec:content-canvas\" class=\"link \">Article original publi\u00e9 sur BFMTV.com<\/a><\/p>\n","protected":false},"excerpt":{"rendered":"Au moins sept personnes ont \u00e9t\u00e9 bless\u00e9es dans la nuit de samedi 28 \u00e0 dimanche 29 juin dans&hellip;\n","protected":false},"author":2,"featured_media":213229,"comment_status":"","ping_status":"","sticky":false,"template":"","format":"standard","meta":{"footnotes":""},"categories":[1590],"tags":[11,15470,1777,674,2794,12,220],"class_list":{"0":"post-213228","1":"post","2":"type-post","3":"status-publish","4":"format-standard","5":"has-post-thumbnail","7":"category-ukraine","8":"tag-actualites","9":"tag-defense-aerienne","10":"tag-eu","11":"tag-europe","12":"tag-la-region","13":"tag-news","14":"tag-ukraine"},"share_on_mastodon":{"url":"https:\/\/pubeurope.com\/@fr\/114766534702439520","error":""},"_links":{"self":[{"href":"https:\/\/www.europesays.com\/fr\/wp-json\/wp\/v2\/posts\/213228","targetHints":{"allow":["GET"]}}],"collection":[{"href":"https:\/\/www.europesays.com\/fr\/wp-json\/wp\/v2\/posts"}],"about":[{"href":"https:\/\/www.europesays.com\/fr\/wp-json\/wp\/v2\/types\/post"}],"author":[{"embeddable":true,"href":"https:\/\/www.europesays.com\/fr\/wp-json\/wp\/v2\/users\/2"}],"replies":[{"embeddable":true,"href":"https:\/\/www.europesays.com\/fr\/wp-json\/wp\/v2\/comments?post=213228"}],"version-history":[{"count":0,"href":"https:\/\/www.europesays.com\/fr\/wp-json\/wp\/v2\/posts\/213228\/revisions"}],"wp:featuredmedia":[{"embeddable":true,"href":"https:\/\/www.europesays.com\/fr\/wp-json\/wp\/v2\/media\/213229"}],"wp:attachment":[{"href":"https:\/\/www.europesays.com\/fr\/wp-json\/wp\/v2\/media?parent=213228"}],"wp:term":[{"taxonomy":"category","embeddable":true,"href":"https:\/\/www.europesays.com\/fr\/wp-json\/wp\/v2\/categories?post=213228"},{"taxonomy":"post_tag","embeddable":true,"href":"https:\/\/www.europesays.com\/fr\/wp-json\/wp\/v2\/tags?post=213228"}],"curies":[{"name":"wp","href":"https:\/\/api.w.org\/{rel}","templated":true}]}}