{"id":21323,"date":"2025-04-13T04:12:10","date_gmt":"2025-04-13T04:12:10","guid":{"rendered":"https:\/\/www.europesays.com\/fr\/21323\/"},"modified":"2025-04-13T04:12:10","modified_gmt":"2025-04-13T04:12:10","slug":"karen-aslanyan-armenie-vice-champion-du-championnat-deurope-de-lutte-greco-romaine-nouvelles-darmenie-en-ligne","status":"publish","type":"post","link":"https:\/\/www.europesays.com\/fr\/21323\/","title":{"rendered":"Karen Aslanyan (Arm\u00e9nie), vice-champion du Championnat d&rsquo;Europe de lutte gr\u00e9co-romaine &#8211; Nouvelles d&rsquo;Arm\u00e9nie en Ligne"},"content":{"rendered":"<p>Karen Aslanyan (Arm\u00e9nie), participant aux Jeux olympiques de Tokyo (2020), m\u00e9daill\u00e9 de bronze mondiale et triple m\u00e9daille de bronze aux Championnats d\u2019Europe, a perdu en finale des championnats d\u2019Europe de lutte gr\u00e9co-romaine des 63 kg \u00e0 Bratislava (Slovaquie) et a remport\u00e9 le titre de vice-championne d\u2019Europe 2025.<\/p>\n<p>Lors de la finale de la cat\u00e9gorie des 63 kg aux Championnats d\u2019Europe Karen Aslanyan a perdu en finale 2-7 contre le Turc Kerem Kamal, m\u00e9daill\u00e9 d\u2019or, d\u2019argent et de bronze europ\u00e9en.<\/p>\n<p>L\u2019Arm\u00e9nien, vice-champion d\u2019Europe, avait remport\u00e9 ses deux combats avant la finale. En quart de finale d\u2019ouverture, il a battu le Polonais Mayrbek Salimov 8-0 en seulement 30 secondes, et en demi-finale, il a battu l\u2019Ukrainien Andrey Semenchuk 8-0.<\/p>\n<p>\u00a0<\/p>\n<p>Krikor Amirzayan<\/p>\n","protected":false},"excerpt":{"rendered":"Karen Aslanyan (Arm\u00e9nie), participant aux Jeux olympiques de Tokyo (2020), m\u00e9daill\u00e9 de bronze mondiale et triple m\u00e9daille de&hellip;\n","protected":false},"author":2,"featured_media":21324,"comment_status":"","ping_status":"","sticky":false,"template":"","format":"standard","meta":{"footnotes":""},"categories":[1586],"tags":[11,5950,1777,674,1011,27,7998,12,25],"class_list":{"0":"post-21323","1":"post","2":"type-post","3":"status-publish","4":"format-standard","5":"has-post-thumbnail","7":"category-europe","8":"tag-actualites","9":"tag-armenie","10":"tag-eu","11":"tag-europe","12":"tag-fr","13":"tag-france","14":"tag-lutte","15":"tag-news","16":"tag-republique-francaise"},"share_on_mastodon":{"url":"https:\/\/pubeurope.com\/@fr\/114328708275796144","error":""},"_links":{"self":[{"href":"https:\/\/www.europesays.com\/fr\/wp-json\/wp\/v2\/posts\/21323","targetHints":{"allow":["GET"]}}],"collection":[{"href":"https:\/\/www.europesays.com\/fr\/wp-json\/wp\/v2\/posts"}],"about":[{"href":"https:\/\/www.europesays.com\/fr\/wp-json\/wp\/v2\/types\/post"}],"author":[{"embeddable":true,"href":"https:\/\/www.europesays.com\/fr\/wp-json\/wp\/v2\/users\/2"}],"replies":[{"embeddable":true,"href":"https:\/\/www.europesays.com\/fr\/wp-json\/wp\/v2\/comments?post=21323"}],"version-history":[{"count":0,"href":"https:\/\/www.europesays.com\/fr\/wp-json\/wp\/v2\/posts\/21323\/revisions"}],"wp:featuredmedia":[{"embeddable":true,"href":"https:\/\/www.europesays.com\/fr\/wp-json\/wp\/v2\/media\/21324"}],"wp:attachment":[{"href":"https:\/\/www.europesays.com\/fr\/wp-json\/wp\/v2\/media?parent=21323"}],"wp:term":[{"taxonomy":"category","embeddable":true,"href":"https:\/\/www.europesays.com\/fr\/wp-json\/wp\/v2\/categories?post=21323"},{"taxonomy":"post_tag","embeddable":true,"href":"https:\/\/www.europesays.com\/fr\/wp-json\/wp\/v2\/tags?post=21323"}],"curies":[{"name":"wp","href":"https:\/\/api.w.org\/{rel}","templated":true}]}}