{"id":213232,"date":"2025-06-29T11:59:36","date_gmt":"2025-06-29T11:59:36","guid":{"rendered":"https:\/\/www.europesays.com\/fr\/213232\/"},"modified":"2025-06-29T11:59:36","modified_gmt":"2025-06-29T11:59:36","slug":"le-gouvernement-condamne-des-propos-anti-israel-de-rappeurs-au-festival-de-glastonbury","status":"publish","type":"post","link":"https:\/\/www.europesays.com\/fr\/213232\/","title":{"rendered":"le gouvernement condamne des propos anti-isra\u00ebl de rappeurs au festival de Glastonbury"},"content":{"rendered":"<p>Le gouvernement britannique a demand\u00e9, dimanche 29 juin, des explications \u00e0 la BBC pour avoir diffus\u00e9 les concerts de deux groupes de rap, dont Kneecap, au festival de Glastonbury, critiqu\u00e9s pour certains de leurs propos anti-isra\u00e9liens et pour des insultes contre le Premier ministre, Keir Starmer.<\/p>\n<p>Samedi apr\u00e8s-midi, ils \u00e9taient 30 000 \u00e0 s&rsquo;\u00eatre mass\u00e9s, sous un soleil de plomb, devant la sc\u00e8ne West Holts pour assister \u00e0 la prestation du trio qui aura dur\u00e9 pr\u00e8s d&rsquo;une heure. Keffieh palestinien autour du cou, Kneecap a men\u00e9 des chants condamnant Isra\u00ebl et insultant le Premier Ministre Keir Starmer apr\u00e8s que celui-ci a jug\u00e9 leur pr\u00e9sence au festival \u00ab inappropri\u00e9e \u00bb, rapporte notre correspondante \u00e0 Londres, <strong>Sara Menai<\/strong>.<\/p>\n<p>Il n&rsquo;\u00e9tait pas le seul. Au Royaume-Uni, depuis plusieurs semaines, un certain nombre de responsables politiques et une trentaine de dirigeants de l&rsquo;industrie musicale avaient demand\u00e9 aux organisateurs de Glastonbury de d\u00e9programmer le groupe apr\u00e8s l\u2019inculpation le mois dernier de l&rsquo;un des chanteurs, <a href=\"https:\/\/www.rfi.fr\/fr\/europe\/20250502-royaume-uni-les-rappeurs-nord-irlandais-de-kneecap-vis\u00e9s-par-une-enqu\u00eate-de-la-police-antiterroriste\" rel=\"nofollow noopener\" target=\"_blank\" data-ylk=\"slk:Liam O&#039;Hanna pour avoir exhib\u00e9 un drapeau du Hezbollah lors d&#039;un concert.;elm:context_link;itc:0;sec:content-canvas\" class=\"link \"><strong>Liam O&rsquo;Hanna pour avoir exhib\u00e9 un drapeau du Hezbollah lors d&rsquo;un concert.<\/strong><\/a><\/p>\n<p>Les performances des deux groupes ont suscit\u00e9 de vives critiques. L&rsquo;ambassade d&rsquo;Isra\u00ebl a notamment d\u00e9nonc\u00e9 sur X \u00ab la rh\u00e9torique de haine et incendiaire \u00bb exprim\u00e9e durant le festival. \u00ab Il y a lieu de s&rsquo;inqui\u00e9ter s\u00e9rieusement de la normalisation d&rsquo;un langage extr\u00e9miste et de glorification de la violence \u00bb, a-t-elle ajout\u00e9.<\/p>\n<p><a href=\"https:\/\/www.rfi.fr\/fr\/europe\/20250629-royaume-uni-le-gouvernement-condamne-des-propos-anti-isra%C3%ABl-de-rappeurs-au-festival-de-glastonbury\" rel=\"nofollow noopener\" target=\"_blank\" data-ylk=\"slk:Lire la suite sur RFI;elm:context_link;itc:0;sec:content-canvas\" class=\"link \">Lire la suite sur RFI<\/a><\/p>\n","protected":false},"excerpt":{"rendered":"Le gouvernement britannique a demand\u00e9, dimanche 29 juin, des explications \u00e0 la BBC pour avoir diffus\u00e9 les concerts&hellip;\n","protected":false},"author":2,"featured_media":213233,"comment_status":"","ping_status":"","sticky":false,"template":"","format":"standard","meta":{"footnotes":""},"categories":[1588],"tags":[11,1777,674,35305,2580,2581,35306,12,473,1853,35307,1851,1850,1852],"class_list":{"0":"post-213232","1":"post","2":"type-post","3":"status-publish","4":"format-standard","5":"has-post-thumbnail","7":"category-royaume-uni","8":"tag-actualites","9":"tag-eu","10":"tag-europe","11":"tag-festival-de-glastonbury","12":"tag-gouvernement-britannique","13":"tag-keir-starmer","14":"tag-kneecap","15":"tag-news","16":"tag-royaume-uni","17":"tag-royaume-uni-de-grande-bretagne-et-dirlande-du-nord","18":"tag-sara-menai","19":"tag-uk","20":"tag-united-kingdom","21":"tag-united-kingdom-of-great-britain-and-northern-ireland"},"share_on_mastodon":{"url":"https:\/\/pubeurope.com\/@fr\/114766542586219153","error":""},"_links":{"self":[{"href":"https:\/\/www.europesays.com\/fr\/wp-json\/wp\/v2\/posts\/213232","targetHints":{"allow":["GET"]}}],"collection":[{"href":"https:\/\/www.europesays.com\/fr\/wp-json\/wp\/v2\/posts"}],"about":[{"href":"https:\/\/www.europesays.com\/fr\/wp-json\/wp\/v2\/types\/post"}],"author":[{"embeddable":true,"href":"https:\/\/www.europesays.com\/fr\/wp-json\/wp\/v2\/users\/2"}],"replies":[{"embeddable":true,"href":"https:\/\/www.europesays.com\/fr\/wp-json\/wp\/v2\/comments?post=213232"}],"version-history":[{"count":0,"href":"https:\/\/www.europesays.com\/fr\/wp-json\/wp\/v2\/posts\/213232\/revisions"}],"wp:featuredmedia":[{"embeddable":true,"href":"https:\/\/www.europesays.com\/fr\/wp-json\/wp\/v2\/media\/213233"}],"wp:attachment":[{"href":"https:\/\/www.europesays.com\/fr\/wp-json\/wp\/v2\/media?parent=213232"}],"wp:term":[{"taxonomy":"category","embeddable":true,"href":"https:\/\/www.europesays.com\/fr\/wp-json\/wp\/v2\/categories?post=213232"},{"taxonomy":"post_tag","embeddable":true,"href":"https:\/\/www.europesays.com\/fr\/wp-json\/wp\/v2\/tags?post=213232"}],"curies":[{"name":"wp","href":"https:\/\/api.w.org\/{rel}","templated":true}]}}