{"id":213236,"date":"2025-06-29T12:01:11","date_gmt":"2025-06-29T12:01:11","guid":{"rendered":"https:\/\/www.europesays.com\/fr\/213236\/"},"modified":"2025-06-29T12:01:11","modified_gmt":"2025-06-29T12:01:11","slug":"que-peuvent-esperer-les-epargnants-francais","status":"publish","type":"post","link":"https:\/\/www.europesays.com\/fr\/213236\/","title":{"rendered":"que peuvent esp\u00e9rer les \u00e9pargnants fran\u00e7ais\u2009?"},"content":{"rendered":"<p>L&rsquo;heure de l&rsquo;Europe a-t-elle sonn\u00e9 ? Les investisseurs internationaux ont retrouv\u00e9 le chemin du Vieux Continent. Et sept pays de l&rsquo;Union europ\u00e9enne, dont la France, \u00adl&rsquo;Allemagne et l&rsquo;Espagne, ont lanc\u00e9 le label \u00ab\u202fFinance Europe\u202f\u00bb. Objectif\u2009 : orienter <a href=\"https:\/\/www.latribune.fr\/opinions\/tribunes\/comment-le-surplus-de-l-epargne-des-menages-a-contribue-au-quoi-qu-il-en-coute-893163.html\" target=\"_blank\" rel=\"noopener\">l&rsquo;\u00e9pargne des m\u00e9nages<\/a> vers les entreprises europ\u00e9ennes. Cette initiative marque une nouvelle \u00e9tape vers une meilleure int\u00e9gration des march\u00e9s financiers du continent. Parall\u00e8lement, un projet de label europ\u00e9en pour <a href=\"https:\/\/www.latribune.fr\/entreprises-finance\/industrie\/aeronautique-defense\/financement-de-la-defense-un-placement-de-500-euros-sera-propose-aux-francais-1021018.html\" target=\"_blank\" rel=\"noopener\">l&rsquo;investissement dans la d\u00e9fense<\/a> a \u00e9t\u00e9 discut\u00e9, mais sans succ\u00e8s&#8230; pour le moment. La France, prenant les devants, a d\u00e9cid\u00e9 de lancer un fonds national sp\u00e9cifique, baptis\u00e9 \u00ab\u202fBPIfrance D\u00e9fense\u202f\u00bb, attendu courant 2025.<\/p>\n<p>Ces projets illustrent une volont\u00e9 de faire \u00e9merger une \u00e9pargne \u00e0 l&rsquo;\u00e9chelle europ\u00e9enne. Mais cette ambition se heurte depuis longtemps \u00e0 une r\u00e9alit\u00e9 complexe : l&rsquo;impossibilit\u00e9 d&rsquo;<a href=\"https:\/\/www.latribune.fr\/actualites\/economie\/union-europeenne\/20101130trib000577749\/les-entrepreneurs-europeens-pour-une-harmonisation-de-la-fiscalite.html\" target=\"_blank\" rel=\"noopener\">harmoniser fiscalit\u00e9 et r\u00e9glementation entre les pays membres<\/a>. En l&rsquo;absence de solutions concr\u00e8tes, des escroqueries se sont multipli\u00e9es, comme le faux \u00ab\u202flivret d&rsquo;\u00e9pargne europ\u00e9en\u202f\u00bb promettant un taux all\u00e9chant de plus de 7\u202f%. Derri\u00e8re cette fa\u00e7ade s\u00e9duisante, une arnaque, diffus\u00e9e massivement sur les r\u00e9seaux sociaux, qui a pi\u00e9g\u00e9 de nombreux \u00e9pargnants fran\u00e7ais.<\/p>\n<p>Ces derniers n&rsquo;ont en r\u00e9alit\u00e9 pas grand-chose \u00e0 gagner d&rsquo;une harmonisation des placements europ\u00e9ens, car le syst\u00e8me d&rsquo;\u00e9pargne fran\u00e7ais est d\u00e9j\u00e0 le plus complet d&rsquo;Europe. <a href=\"https:\/\/www.latribune.fr\/economie\/france\/le-livret-a-vaut-il-encore-le-coup-1028058.html\" target=\"_blank\" rel=\"noopener\">Le livret\u202fA<\/a>, souvent critiqu\u00e9 pour son rendement, est pourtant une exception nationale\u2009: liquidit\u00e9 totale, exon\u00e9ration d&rsquo;imp\u00f4ts et de pr\u00e9l\u00e8vements sociaux, capital garanti. La Belgique est le seul autre pays \u00e0 proposer un produit r\u00e9glement\u00e9 comparable, quoique moins avantageux : le compte d&rsquo;\u00e9pargne de cat\u00e9gorie A. Ailleurs, les m\u00e9nages doivent se contenter de livrets faiblement r\u00e9mun\u00e9r\u00e9s ou de comptes \u00e0 terme souvent bloqu\u00e9s&#8230; et fiscalis\u00e9s.<\/p>\n<p>Autre singularit\u00e9 fran\u00e7aise : <a href=\"https:\/\/www.latribune.fr\/partenaires\/votre-argent-avec-finance-heros\/assurance-vie-taux-de-rendement-et-selection-2024-996633.html\" target=\"_blank\" rel=\"noopener\">l&rsquo;assurance-\u00advie<\/a>. C&rsquo;est le placement pr\u00e9f\u00e9r\u00e9 des Fran\u00e7ais, et pour cause. Elle allie libert\u00e9 de versement et de retrait, choix entre supports s\u00e9curis\u00e9s ou dynamiques, fiscalit\u00e9 all\u00e9g\u00e9e apr\u00e8s huit ans. En Allemagne, la Lebensversicherung est bloqu\u00e9e au minimum douze ans, et le fonds garanti n&rsquo;est accessible que sur les contrats monosupports, et non les multisupports. Le seguro de vida ahorro espagnol ou les assurances de branche\u202f21 et 23 belges autorisent les retraits, mais n&rsquo;offrent ni fonds en euros ni avantage fiscal \u00e9quivalent \u00e0 celui du mod\u00e8le fran\u00e7ais.<\/p>\n<p>M\u00eame constat pour le plan d&rsquo;\u00e9pargne retraite, cr\u00e9\u00e9 en 2019 et directement inspir\u00e9 de l&rsquo;assurance-vie, avec en plus une d\u00e9duction fiscale \u00e0 l&rsquo;entr\u00e9e contre un blocage jusqu&rsquo;\u00e0 la retraite. En Allemagne ou en Italie, les produits comparables sont moins souples : sortie uniquement en rente, plafond fiscal r\u00e9duit, choix de supports plus restreint. En Espagne et en Belgique, les r\u00e8gles de sortie sont aussi plus contraignantes et les incitations fiscales moins g\u00e9n\u00e9reuses.<\/p>\n<p>Enfin, alors que les Fran\u00e7ais ne sont pas r\u00e9put\u00e9s pour leurs investissements en Bourse, ils ont pourtant avec le PEA une enveloppe attractive et avec peu d&rsquo;\u00e9quivalents au niveau europ\u00e9en. L&rsquo;Allemagne manque d&rsquo;incitation fiscale, la Belgique d&rsquo;un cadre sp\u00e9cifique, tandis qu&rsquo;en Italie ou en Espagne les produits existants sont fortement encadr\u00e9s. L&rsquo;\u00e9pargne et les incitations fiscales \u00e0 l&rsquo;\u00e9pargne\u2009: voil\u00e0 des sujets sur lesquels la France pourrait servir de mod\u00e8le pour l&rsquo;Europe\u2009 !<\/p>\n","protected":false},"excerpt":{"rendered":"L&rsquo;heure de l&rsquo;Europe a-t-elle sonn\u00e9 ? Les investisseurs internationaux ont retrouv\u00e9 le chemin du Vieux Continent. Et sept&hellip;\n","protected":false},"author":2,"featured_media":213237,"comment_status":"","ping_status":"","sticky":false,"template":"","format":"standard","meta":{"footnotes":""},"categories":[1586],"tags":[17,11,35310,35309,1777,674,11201,1011,27,151,12,10936,2553,746,25,35308],"class_list":{"0":"post-213236","1":"post","2":"type-post","3":"status-publish","4":"format-standard","5":"has-post-thumbnail","7":"category-europe","8":"tag-17","9":"tag-actualites","10":"tag-epargnants","11":"tag-esperer","12":"tag-eu","13":"tag-europe","14":"tag-europeens","15":"tag-fr","16":"tag-france","17":"tag-les","18":"tag-news","19":"tag-peuvent","20":"tag-placements","21":"tag-que","22":"tag-republique-francaise","23":"tag-vos-finances"},"share_on_mastodon":{"url":"https:\/\/pubeurope.com\/@fr\/114766550410822071","error":""},"_links":{"self":[{"href":"https:\/\/www.europesays.com\/fr\/wp-json\/wp\/v2\/posts\/213236","targetHints":{"allow":["GET"]}}],"collection":[{"href":"https:\/\/www.europesays.com\/fr\/wp-json\/wp\/v2\/posts"}],"about":[{"href":"https:\/\/www.europesays.com\/fr\/wp-json\/wp\/v2\/types\/post"}],"author":[{"embeddable":true,"href":"https:\/\/www.europesays.com\/fr\/wp-json\/wp\/v2\/users\/2"}],"replies":[{"embeddable":true,"href":"https:\/\/www.europesays.com\/fr\/wp-json\/wp\/v2\/comments?post=213236"}],"version-history":[{"count":0,"href":"https:\/\/www.europesays.com\/fr\/wp-json\/wp\/v2\/posts\/213236\/revisions"}],"wp:featuredmedia":[{"embeddable":true,"href":"https:\/\/www.europesays.com\/fr\/wp-json\/wp\/v2\/media\/213237"}],"wp:attachment":[{"href":"https:\/\/www.europesays.com\/fr\/wp-json\/wp\/v2\/media?parent=213236"}],"wp:term":[{"taxonomy":"category","embeddable":true,"href":"https:\/\/www.europesays.com\/fr\/wp-json\/wp\/v2\/categories?post=213236"},{"taxonomy":"post_tag","embeddable":true,"href":"https:\/\/www.europesays.com\/fr\/wp-json\/wp\/v2\/tags?post=213236"}],"curies":[{"name":"wp","href":"https:\/\/api.w.org\/{rel}","templated":true}]}}