{"id":213240,"date":"2025-06-29T12:03:10","date_gmt":"2025-06-29T12:03:10","guid":{"rendered":"https:\/\/www.europesays.com\/fr\/213240\/"},"modified":"2025-06-29T12:03:10","modified_gmt":"2025-06-29T12:03:10","slug":"le-gouvernement-britannique-condamne-les-propos-anti-israel-de-rappeurs-au-festival-de-glastonbury","status":"publish","type":"post","link":"https:\/\/www.europesays.com\/fr\/213240\/","title":{"rendered":"le gouvernement britannique condamne les propos anti-Isra\u00ebl de rappeurs au festival de Glastonbury"},"content":{"rendered":"<p>Samedi, sur la sc\u00e8ne du c\u00e9l\u00e8bre festival de rap de Glastonbury, le duo de chanteurs Bob Vylan a appel\u00e9 la foule \u00e0 scander \u00abMort, mort aux IDF\u00bb, les forces de d\u00e9fense isra\u00e9liennes.<\/p>\n<p class=\"fig-paragraph\">Le gouvernement britannique a demand\u00e9 ce dimanche des explications \u00e0 la BBC pour avoir diffus\u00e9 les concerts de deux groupes de rap, dont Kneecap, au festival de Glastonbury, critiqu\u00e9s pour certains de leurs propos anti-isra\u00e9liens et pour des insultes contre\u00a0<a href=\"http:\/\/www.lefigaro.fr\/international\/sous-pression-sur-l-immigration-keir-starmer-promet-de-reprendre-le-controle-des-frontieres-britanniques-20250512\" data-fig-type=\"Article\" data-gtm-custom-categorie=\"navigation\" data-gtm-custom-action=\"crossclick\" data-gtm-custom-label=\"Contextuel\" data-gtm-event=\"customEventSPE\" data-fig-domain=\"LEFIGARO\" target=\"_blank\" rel=\"noopener\">le premier ministre Keir Starmer<\/a>.<\/p>\n<p class=\"fig-paragraph\">La police locale a indiqu\u00e9 sur X qu&rsquo;elle examinait notamment les images du concert du duo de rap punk Bob Vylan \u00abpour d\u00e9terminer si des infractions ont pu \u00eatre commises n\u00e9cessitant l&rsquo;ouverture d&rsquo;une enqu\u00eate criminelle\u00bb. Samedi, sur la sc\u00e8ne du c\u00e9l\u00e8bre festival, les rappeurs ont appel\u00e9 la foule \u00e0 scander \u00abMort, mort aux IDF\u00bb, les forces de d\u00e9fense isra\u00e9liennes. Leur concert \u00e9tait retransmis en direct par la BBC sur sa plateforme d\u00e9di\u00e9e au festival.<\/p>\n<p class=\"fig-paragraph\">Peu apr\u00e8s, le groupe Kneecap, dont l&rsquo;un des trois membres, Liam O&rsquo;Hanna, a \u00e9t\u00e9 inculp\u00e9 d&rsquo;\u00abinfraction terroriste\u00bb pour avoir arbor\u00e9 en concert un drapeau du Hezbollah, a notamment appel\u00e9 la foule \u00e0 scander des insultes visant Keir Starmer. \u00abC&rsquo;\u00e9tait affreux, pour \u00eatre honn\u00eate, et je pense que la BBC et Glastonbury doivent expliquer comment nous avons pu assister \u00e0 un tel spectacle sur nos \u00e9crans\u00bb, a d\u00e9clar\u00e9 ce dimanche le ministre de la Sant\u00e9 Wes Streeting sur Sky News.<\/p>\n<p>Refus de retransmettre en direct<\/p>\n<p class=\"fig-paragraph\">Un porte-parole du minist\u00e8re de la Culture a indiqu\u00e9 que la ministre, Lisa Nandy avait parl\u00e9 au directeur g\u00e9n\u00e9ral de la BBC au sujet du concert de Bob Vylan. De son c\u00f4t\u00e9, le groupe audiovisuel public a reconnu que certains propos tenus par le duo \u00e9taient \u00abprofond\u00e9ment offensants\u00bb et que leur concert ne serait pas accessible \u00e0 la demande sur ses plateformes. La veille, la BBC avait d\u00e9cid\u00e9 de ne pas retransmettre en direct le concert de Kneecap, mais indiqu\u00e9 qu&rsquo;il serait probablement disponible \u00e0 la demande par la suite.<\/p>\n<p class=\"fig-paragraph\">Les performances des deux groupes ont suscit\u00e9 de vives critiques. L&rsquo;ambassade d&rsquo;Isra\u00ebl a notamment d\u00e9nonc\u00e9 sur X \u00abla rh\u00e9torique de haine et incendiaire\u00bb exprim\u00e9e durant le festival. \u00abIl y a lieu de s&rsquo;inqui\u00e9ter s\u00e9rieusement de la normalisation d&rsquo;un langage extr\u00e9miste et de glorification de la violence\u00bb, a-t-elle ajout\u00e9.<\/p>\n<p class=\"fig-paragraph\">Interrog\u00e9 sur cette r\u00e9action, le ministre Wes Streeting a appel\u00e9 l&rsquo;ambassade \u00e0 \u00abbalayer devant sa porte\u00bb et \u00e0 \u00abprendre davantage au s\u00e9rieux la violence de ses propres citoyens contre les Palestiniens\u00bb. Avant la prestation de Kneecap, le Premier ministre travailliste Keir Starmer avait estim\u00e9 qu&rsquo;il n&rsquo;\u00e9tait pas \u00abappropri\u00e9\u00bb que le groupe se produise au festival, mais les organisateurs avaient maintenu leur pr\u00e9sence.<\/p>\n","protected":false},"excerpt":{"rendered":"Samedi, sur la sc\u00e8ne du c\u00e9l\u00e8bre festival de rap de Glastonbury, le duo de chanteurs Bob Vylan a&hellip;\n","protected":false},"author":2,"featured_media":213241,"comment_status":"","ping_status":"","sticky":false,"template":"","format":"standard","meta":{"footnotes":""},"categories":[2],"tags":[259,11,260,1011,27,14,261,12,262,25],"class_list":{"0":"post-213240","1":"post","2":"type-post","3":"status-publish","4":"format-standard","5":"has-post-thumbnail","7":"category-actualites","8":"tag-actualite-internationale","9":"tag-actualites","10":"tag-affaires-etrangeres","11":"tag-fr","12":"tag-france","13":"tag-international","14":"tag-ministere-des-affaires-etrangeres","15":"tag-news","16":"tag-politique-etrangere","17":"tag-republique-francaise"},"share_on_mastodon":{"url":"https:\/\/pubeurope.com\/@fr\/114766558294493533","error":""},"_links":{"self":[{"href":"https:\/\/www.europesays.com\/fr\/wp-json\/wp\/v2\/posts\/213240","targetHints":{"allow":["GET"]}}],"collection":[{"href":"https:\/\/www.europesays.com\/fr\/wp-json\/wp\/v2\/posts"}],"about":[{"href":"https:\/\/www.europesays.com\/fr\/wp-json\/wp\/v2\/types\/post"}],"author":[{"embeddable":true,"href":"https:\/\/www.europesays.com\/fr\/wp-json\/wp\/v2\/users\/2"}],"replies":[{"embeddable":true,"href":"https:\/\/www.europesays.com\/fr\/wp-json\/wp\/v2\/comments?post=213240"}],"version-history":[{"count":0,"href":"https:\/\/www.europesays.com\/fr\/wp-json\/wp\/v2\/posts\/213240\/revisions"}],"wp:featuredmedia":[{"embeddable":true,"href":"https:\/\/www.europesays.com\/fr\/wp-json\/wp\/v2\/media\/213241"}],"wp:attachment":[{"href":"https:\/\/www.europesays.com\/fr\/wp-json\/wp\/v2\/media?parent=213240"}],"wp:term":[{"taxonomy":"category","embeddable":true,"href":"https:\/\/www.europesays.com\/fr\/wp-json\/wp\/v2\/categories?post=213240"},{"taxonomy":"post_tag","embeddable":true,"href":"https:\/\/www.europesays.com\/fr\/wp-json\/wp\/v2\/tags?post=213240"}],"curies":[{"name":"wp","href":"https:\/\/api.w.org\/{rel}","templated":true}]}}