{"id":213246,"date":"2025-06-29T12:06:11","date_gmt":"2025-06-29T12:06:11","guid":{"rendered":"https:\/\/www.europesays.com\/fr\/213246\/"},"modified":"2025-06-29T12:06:11","modified_gmt":"2025-06-29T12:06:11","slug":"italian-open-couvra-leader-saddier-second","status":"publish","type":"post","link":"https:\/\/www.europesays.com\/fr\/213246\/","title":{"rendered":"Italian Open : Couvra leader, Saddier second"},"content":{"rendered":"<p>Mais ses principaux rivaux pour le titre sont tout pr\u00e8s, et le premier d&rsquo;entre eux est un autre Fran\u00e7ais ! <strong>Adrien Saddier<\/strong>, qui n&rsquo;a pas encore gagn\u00e9 \u00e0 ce niveau, aura demain une occasion en or puisqu&rsquo;il partira en derni\u00e8re partie avec un score total de -10, ayant lui aussi jou\u00e9 le parcours de l&rsquo;<strong>Argentario Golf Club<\/strong> en 67 (-3). L&rsquo;Espagnol <strong>Eugenio Chacarra<\/strong>, avec le m\u00eame total que Saddier, sera le troisi\u00e8me larron de cette derni\u00e8re partie made in Italy !<\/p>\n<p>Mais <strong>Cl\u00e9ment Sordet<\/strong>, auteur d&rsquo;une sensationnelle carte de 62 (-8), nouveau record du trac\u00e9, pourrait avoir son mot \u00e0 dire dans l&rsquo;explication finale : remont\u00e9 en 6e position \u00e0 -8, il ne compte en effet que trois longueurs de retard sur Couvra.<\/p>\n","protected":false},"excerpt":{"rendered":"Mais ses principaux rivaux pour le titre sont tout pr\u00e8s, et le premier d&rsquo;entre eux est un autre&hellip;\n","protected":false},"author":2,"featured_media":213247,"comment_status":"","ping_status":"","sticky":false,"template":"","format":"standard","meta":{"footnotes":""},"categories":[1418],"tags":[1011,27,1472,60],"class_list":{"0":"post-213246","1":"post","2":"type-post","3":"status-publish","4":"format-standard","5":"has-post-thumbnail","7":"category-golf","8":"tag-fr","9":"tag-france","10":"tag-golf","11":"tag-sports"},"share_on_mastodon":{"url":"https:\/\/pubeurope.com\/@fr\/114766570019121797","error":""},"_links":{"self":[{"href":"https:\/\/www.europesays.com\/fr\/wp-json\/wp\/v2\/posts\/213246","targetHints":{"allow":["GET"]}}],"collection":[{"href":"https:\/\/www.europesays.com\/fr\/wp-json\/wp\/v2\/posts"}],"about":[{"href":"https:\/\/www.europesays.com\/fr\/wp-json\/wp\/v2\/types\/post"}],"author":[{"embeddable":true,"href":"https:\/\/www.europesays.com\/fr\/wp-json\/wp\/v2\/users\/2"}],"replies":[{"embeddable":true,"href":"https:\/\/www.europesays.com\/fr\/wp-json\/wp\/v2\/comments?post=213246"}],"version-history":[{"count":0,"href":"https:\/\/www.europesays.com\/fr\/wp-json\/wp\/v2\/posts\/213246\/revisions"}],"wp:featuredmedia":[{"embeddable":true,"href":"https:\/\/www.europesays.com\/fr\/wp-json\/wp\/v2\/media\/213247"}],"wp:attachment":[{"href":"https:\/\/www.europesays.com\/fr\/wp-json\/wp\/v2\/media?parent=213246"}],"wp:term":[{"taxonomy":"category","embeddable":true,"href":"https:\/\/www.europesays.com\/fr\/wp-json\/wp\/v2\/categories?post=213246"},{"taxonomy":"post_tag","embeddable":true,"href":"https:\/\/www.europesays.com\/fr\/wp-json\/wp\/v2\/tags?post=213246"}],"curies":[{"name":"wp","href":"https:\/\/api.w.org\/{rel}","templated":true}]}}