{"id":213248,"date":"2025-06-29T12:08:09","date_gmt":"2025-06-29T12:08:09","guid":{"rendered":"https:\/\/www.europesays.com\/fr\/213248\/"},"modified":"2025-06-29T12:08:09","modified_gmt":"2025-06-29T12:08:09","slug":"un-bordelais-incertain-pour-rejoindre-le-groupe-france-en-nouvelle-zelande","status":"publish","type":"post","link":"https:\/\/www.europesays.com\/fr\/213248\/","title":{"rendered":"Un Bordelais incertain pour rejoindre le groupe France en Nouvelle-Z\u00e9lande !"},"content":{"rendered":"<p>\u00c0 peine le temps de dig\u00e9rer une finale de Top 14 haletante que trois joueurs de l\u2019Union Bordeaux-B\u00e8gles prennent d\u00e9j\u00e0 la direction de l\u2019h\u00e9misph\u00e8re sud. Le centre Nicolas Depoortere, le troisi\u00e8me ligne Marko Gazzotti et le polyvalent Pierre Bochaton (deuxi\u00e8me ou troisi\u00e8me ligne) s\u2019appr\u00eatent \u00e0 rejoindre le XV de France en Nouvelle-Z\u00e9lande pour la suite de la tourn\u00e9e estivale.<\/p>\n<p><strong>Un feu vert du club<\/strong><\/p>\n<p>Malgr\u00e9 l\u2019amertume de la d\u00e9faite face \u00e0 Toulouse (39-33 apr\u00e8s prolongation), le staff girondin a accept\u00e9 de lib\u00e9rer ses internationaux pour participer aux deuxi\u00e8me et troisi\u00e8me tests contre les All Blacks, programm\u00e9s les 13 et 20 juillet. \u00ab\u00a0Leur manager Yannick Bru a donn\u00e9 son accord\u00a0\u00bb, a confirm\u00e9 <a href=\"https:\/\/www.sudouest.fr\/sport\/rugby\/xv-de-france-feu-vert-pour-les-bordelais-depoortere-gazzotti-et-bochaton-25042750.php\" rel=\"nofollow noopener\" target=\"_blank\">Sud-Ouest<\/a>, ce dimanche.<\/p>\n<p><strong>Un doute persiste pour Gazzotti<\/strong><\/p>\n<p>Avant de pouvoir monter dans l\u2019avion, Marko Gazzotti devra toutefois passer avec succ\u00e8s un protocole commotion.<\/p>\n<p>Le jeune flanker, particuli\u00e8rement en vue cette saison, reste soumis \u00e0 une validation m\u00e9dicale pr\u00e9alable comme l\u2019explique le journal r\u00e9gional.<\/p>\n<p>Il demeure donc incertain, du moins pour le moment.<\/p>\n<p><strong>Renforts en approche chez les Bleus<\/strong><\/p>\n<p>D\u00e9j\u00e0 sur place \u00e0 Auckland depuis jeudi, le groupe France se pr\u00e9pare avec 37 joueurs sous la direction de Fabien Galthi\u00e9. Et il ne sera pas seul \u00e0 accueillir des renforts : deux Toulousains sont \u00e9galement attendus pour renforcer l\u2019effectif tricolore, le centre Pierre-Louis Barassi et le deuxi\u00e8me ligne Joshua Brennan, eux aussi mobilis\u00e9s apr\u00e8s le sacre du Stade Toulousain.<\/p>\n<p>\u00c0 trois semaines du dernier test, la dynamique s\u2019acc\u00e9l\u00e8re chez les Bleus, d\u00e9termin\u00e9s \u00e0 hausser le ton face aux N\u00e9o-Z\u00e9landais.<\/p>\n","protected":false},"excerpt":{"rendered":"\u00c0 peine le temps de dig\u00e9rer une finale de Top 14 haletante que trois joueurs de l\u2019Union Bordeaux-B\u00e8gles&hellip;\n","protected":false},"author":2,"featured_media":213249,"comment_status":"","ping_status":"","sticky":false,"template":"","format":"standard","meta":{"footnotes":""},"categories":[1416],"tags":[1011,27,479,1468,60],"class_list":{"0":"post-213248","1":"post","2":"type-post","3":"status-publish","4":"format-standard","5":"has-post-thumbnail","7":"category-rugby","8":"tag-fr","9":"tag-france","10":"tag-rugby","11":"tag-rugby-football","12":"tag-sports"},"share_on_mastodon":{"url":"https:\/\/pubeurope.com\/@fr\/114766577982170439","error":""},"_links":{"self":[{"href":"https:\/\/www.europesays.com\/fr\/wp-json\/wp\/v2\/posts\/213248","targetHints":{"allow":["GET"]}}],"collection":[{"href":"https:\/\/www.europesays.com\/fr\/wp-json\/wp\/v2\/posts"}],"about":[{"href":"https:\/\/www.europesays.com\/fr\/wp-json\/wp\/v2\/types\/post"}],"author":[{"embeddable":true,"href":"https:\/\/www.europesays.com\/fr\/wp-json\/wp\/v2\/users\/2"}],"replies":[{"embeddable":true,"href":"https:\/\/www.europesays.com\/fr\/wp-json\/wp\/v2\/comments?post=213248"}],"version-history":[{"count":0,"href":"https:\/\/www.europesays.com\/fr\/wp-json\/wp\/v2\/posts\/213248\/revisions"}],"wp:featuredmedia":[{"embeddable":true,"href":"https:\/\/www.europesays.com\/fr\/wp-json\/wp\/v2\/media\/213249"}],"wp:attachment":[{"href":"https:\/\/www.europesays.com\/fr\/wp-json\/wp\/v2\/media?parent=213248"}],"wp:term":[{"taxonomy":"category","embeddable":true,"href":"https:\/\/www.europesays.com\/fr\/wp-json\/wp\/v2\/categories?post=213248"},{"taxonomy":"post_tag","embeddable":true,"href":"https:\/\/www.europesays.com\/fr\/wp-json\/wp\/v2\/tags?post=213248"}],"curies":[{"name":"wp","href":"https:\/\/api.w.org\/{rel}","templated":true}]}}