{"id":213250,"date":"2025-06-29T12:09:09","date_gmt":"2025-06-29T12:09:09","guid":{"rendered":"https:\/\/www.europesays.com\/fr\/213250\/"},"modified":"2025-06-29T12:09:09","modified_gmt":"2025-06-29T12:09:09","slug":"wimbledon-djokovic-a-sabalenka-apres-setre-entraine-avec-elle-est-ce-que-je-peux-etre-honnete-avec-toi-il-te-manque-de-lintensite-sur-le-court-tu-es-un-peu-molle-mets-de-lenergie","status":"publish","type":"post","link":"https:\/\/www.europesays.com\/fr\/213250\/","title":{"rendered":"Wimbledon > Djokovic \u00e0 Sabalenka, apr\u00e8s s&rsquo;\u00eatre entra\u00een\u00e9 avec elle : \u00ab\u00a0Est-ce que je peux \u00eatre honn\u00eate avec toi ? Il te manque de l&rsquo;intensit\u00e9 sur le court. Tu es un peu molle, mets de l&rsquo;\u00e9nergie\u00a0\u00bb"},"content":{"rendered":"<p><a href=\"https:\/\/www.welovetennis.fr\/wimbledon\/apres-sinner-sabalenka-soffre-djokovic-a-lentrainement-donne-moi-mon-argent-tu-as-du-liquide\" data-wpel-link=\"internal\" target=\"_blank\" rel=\"noopener\">Novak Djokovic et Aryna Sabalenka ont partag\u00e9 un entra\u00ee\u00adne\u00adment cette semaine \u00e0 Wimbledon<\/a>. L\u2019occasion pour les deux stars d\u2019\u00e9changer quelques balles\u2026 et quelques plai\u00adsan\u00adte\u00adries. En conf\u00e9\u00adrence de presse, ils se sont retrouv\u00e9s pour un d\u00e9brief savou\u00adreux de leur s\u00e9ance devant les journalistes.\u00a0<\/p>\n<blockquote class=\"twitter-tweet\">\n<p lang=\"en\" dir=\"ltr\">You\u2019ve seen them prac\u00adti\u00adcing toge\u00adther. Now, hear the debrief \ud83d\ude02<a href=\"https:\/\/twitter.com\/hashtag\/Wimbledon?src=hash&amp;ref_src=twsrc%5Etfw\" data-wpel-link=\"external\" target=\"_blank\" rel=\"nofollow external noopener\">#Wimbledon<\/a> | <a href=\"https:\/\/twitter.com\/SabalenkaA?ref_src=twsrc%5Etfw\" data-wpel-link=\"external\" target=\"_blank\" rel=\"nofollow external noopener\">@SabalenkaA<\/a> | <a href=\"https:\/\/twitter.com\/DjokerNole?ref_src=twsrc%5Etfw\" data-wpel-link=\"external\" target=\"_blank\" rel=\"nofollow external noopener\">@DjokerNole<\/a> <a href=\"https:\/\/t.co\/fB1jAs3KjL\" data-wpel-link=\"external\" target=\"_blank\" rel=\"nofollow external noopener\">pic.twitter.com\/fB1jAs3KjL<\/a><\/p>\n<p>\u2014 Wimbledon (@Wimbledon) <a href=\"https:\/\/twitter.com\/Wimbledon\/status\/1938969385810682248?ref_src=twsrc%5Etfw\" data-wpel-link=\"external\" target=\"_blank\" rel=\"nofollow external noopener\">June 28,\u00a02025<\/a><\/p><\/blockquote>\n<p>Sabalenka\u00a0: <strong>\u00ab\u202fQu\u2019est\u2010ce que tu as pens\u00e9 de notre s\u00e9ance d\u2019en\u00adtra\u00ee\u00adne\u00adment\u202f? Comment vois\u2010tu mon niveau\u202f?\u00a0\u00bb<\/strong><\/p>\n<p>Djokovic\u00a0: <strong>\u00ab\u202fEst\u2010ce que je peux \u00eatre honn\u00eate avec toi\u202f? Je pense que tu as du poten\u00adtiel, tu es une joueuse tr\u00e8s talen\u00adtueuse, de belles frappes, une bonne tech\u00adnique, mais il te manque de l\u2019in\u00adten\u00adsit\u00e9 sur le court. Tu es un peu molle, mets de l\u2019\u00e9nergie (rires).\u202f\u00bb<\/strong><\/p>\n<p>Sabalenka\u00a0: <strong>\u00ab\u202fCe gars \u00e9tait mon joueur pr\u00e9f\u00e9r\u00e9. Mais plus main\u00adte\u00adnant\u202f! (rires)\u202f\u00bb<\/strong><\/p>\n<p class=\"post-published-date\" style=\"color: silver; font-size: 75%; text-align: left;\">Publi\u00e9 le dimanche 29 juin 2025 \u00e0 11:55<\/p>\n<p><script async src=\"https:\/\/platform.twitter.com\/widgets.js\" charset=\"utf-8\"><\/script><\/p>\n","protected":false},"excerpt":{"rendered":"Novak Djokovic et Aryna Sabalenka ont partag\u00e9 un entra\u00ee\u00adne\u00adment cette semaine \u00e0 Wimbledon. L\u2019occasion pour les deux stars&hellip;\n","protected":false},"author":2,"featured_media":180379,"comment_status":"","ping_status":"","sticky":false,"template":"","format":"standard","meta":{"footnotes":""},"categories":[1415],"tags":[7615,105,1011,27,60,1467],"class_list":{"0":"post-213250","1":"post","2":"type-post","3":"status-publish","4":"format-standard","5":"has-post-thumbnail","7":"category-tennis","8":"tag-aryna-sabalenka","9":"tag-djokovic","10":"tag-fr","11":"tag-france","12":"tag-sports","13":"tag-tennis"},"share_on_mastodon":{"url":"https:\/\/pubeurope.com\/@fr\/114766581781018433","error":""},"_links":{"self":[{"href":"https:\/\/www.europesays.com\/fr\/wp-json\/wp\/v2\/posts\/213250","targetHints":{"allow":["GET"]}}],"collection":[{"href":"https:\/\/www.europesays.com\/fr\/wp-json\/wp\/v2\/posts"}],"about":[{"href":"https:\/\/www.europesays.com\/fr\/wp-json\/wp\/v2\/types\/post"}],"author":[{"embeddable":true,"href":"https:\/\/www.europesays.com\/fr\/wp-json\/wp\/v2\/users\/2"}],"replies":[{"embeddable":true,"href":"https:\/\/www.europesays.com\/fr\/wp-json\/wp\/v2\/comments?post=213250"}],"version-history":[{"count":0,"href":"https:\/\/www.europesays.com\/fr\/wp-json\/wp\/v2\/posts\/213250\/revisions"}],"wp:featuredmedia":[{"embeddable":true,"href":"https:\/\/www.europesays.com\/fr\/wp-json\/wp\/v2\/media\/180379"}],"wp:attachment":[{"href":"https:\/\/www.europesays.com\/fr\/wp-json\/wp\/v2\/media?parent=213250"}],"wp:term":[{"taxonomy":"category","embeddable":true,"href":"https:\/\/www.europesays.com\/fr\/wp-json\/wp\/v2\/categories?post=213250"},{"taxonomy":"post_tag","embeddable":true,"href":"https:\/\/www.europesays.com\/fr\/wp-json\/wp\/v2\/tags?post=213250"}],"curies":[{"name":"wp","href":"https:\/\/api.w.org\/{rel}","templated":true}]}}