{"id":213261,"date":"2025-06-29T12:16:09","date_gmt":"2025-06-29T12:16:09","guid":{"rendered":"https:\/\/www.europesays.com\/fr\/213261\/"},"modified":"2025-06-29T12:16:09","modified_gmt":"2025-06-29T12:16:09","slug":"demarrage-en-fanfare-pour-lexposition-cezanne-au-musee-granet-daix-en-provence","status":"publish","type":"post","link":"https:\/\/www.europesays.com\/fr\/213261\/","title":{"rendered":"D\u00e9marrage en fanfare pour l&rsquo;exposition Cezanne au mus\u00e9e Granet d&rsquo;Aix-en-Provence"},"content":{"rendered":"<p>Ils voulaient faire partie des premiers \u00e0 p\u00e9n\u00e9trer dans le <a href=\"https:\/\/www.laprovence.com\/article\/culture-loisirs\/20161412529351\/les-premieres-oeuvres-de-la-grande-exposition-cezanne-a-aix-ont-ete-accrochees-au-musee-granet\" target=\"_blank\" rel=\"noopener\">mus\u00e9e Granet<\/a>. Et voir cette <a href=\"https:\/\/www.laprovence.com\/article\/culture-loisirs\/8700769568828714\/des-collections-prestigieuses-a-aix-cezanne-sera-bien-star-de-lete-au-musee-granet\" target=\"_blank\" rel=\"noopener\">exposition Cezanne<\/a>, dont ils entendent parler depuis des mois. Christine, venue de Rousset avec sa s\u0153ur, sa fille et une de ses copines, a r\u00e9serv\u00e9 les tickets d\u00e8s l&rsquo;ouverture de la billetterie, en d\u00e9cembre dernier.<\/p>\n<p>\u00ab\u00a0C&rsquo;est un cadeau qu&rsquo;on s&rsquo;est fait en famille. Cezanne, on le conna\u00eet plus ou moins, on a voulu le d\u00e9couvrir dans son intimit\u00e9, et on a pris un package pour le premier week-end\u00a0\u00bb, raconte-t-elle.<\/p>\n<p>Ce \u00ab\u00a0package\u00a0\u00bb, c&rsquo;est la visite coupl\u00e9e exposition \u00e0 Granet, bastide du Jas de Bouffan, et Atelier des Lauves. Les deux lieux de vie de Cezanne \u00e0 Aix rouvrent aussi ce week-end, apr\u00e8s une profonde r\u00e9novation et des <a href=\"https:\/\/www.laprovence.com\/article\/culture-loisirs\/25248371027123\/on-ouvre-une-nouvelle-ere-de-sa-presence-a-aix-de-la-bastide-a-son-atelier-paul-cezanne-enfin-chez-lui\" target=\"_blank\" rel=\"noopener\">d\u00e9couvertes surprenantes<\/a>, du c\u00f4t\u00e9 de la bastide.<\/p>\n<p>Fabuleux pour Aix<\/p>\n<p>D&rsquo;autres ont \u00e9galement pris l&rsquo;offre compl\u00e8te, comme Nathalie et sa fille. Pour l&rsquo;expo, \u00ab\u00a0on habite juste \u00e0 c\u00f4t\u00e9, on a voulu \u00eatre dans les premi\u00e8res, pour pouvoir en parler \u00e0 tout le monde, explique la maman. Cezanne n&rsquo;est pas mon peintre pr\u00e9f\u00e9r\u00e9, mais on voulait participer \u00e0 cet \u00e9v\u00e9nement aixois\u00a0!\u00a0\u00bb<\/p>\n","protected":false},"excerpt":{"rendered":"Ils voulaient faire partie des premiers \u00e0 p\u00e9n\u00e9trer dans le mus\u00e9e Granet. Et voir cette exposition Cezanne, dont&hellip;\n","protected":false},"author":2,"featured_media":213262,"comment_status":"","ping_status":"","sticky":false,"template":"","format":"standard","meta":{"footnotes":""},"categories":[1358],"tags":[17,1348,1384,1385,5649,251,35311,1386,58,59,8259,1011,27,35312,28519,3048,471],"class_list":{"0":"post-213261","1":"post","2":"type-post","3":"status-publish","4":"format-standard","5":"has-post-thumbnail","7":"category-arts-et-design","8":"tag-17","9":"tag-arts","10":"tag-arts-and-design","11":"tag-arts-et-design","12":"tag-cezanne","13":"tag-culture","14":"tag-demarrage","15":"tag-design","16":"tag-divertissement","17":"tag-entertainment","18":"tag-fanfare","19":"tag-fr","20":"tag-france","21":"tag-granet","22":"tag-lexposition","23":"tag-musee","24":"tag-pour"},"share_on_mastodon":{"url":"https:\/\/pubeurope.com\/@fr\/114766609349845986","error":""},"_links":{"self":[{"href":"https:\/\/www.europesays.com\/fr\/wp-json\/wp\/v2\/posts\/213261","targetHints":{"allow":["GET"]}}],"collection":[{"href":"https:\/\/www.europesays.com\/fr\/wp-json\/wp\/v2\/posts"}],"about":[{"href":"https:\/\/www.europesays.com\/fr\/wp-json\/wp\/v2\/types\/post"}],"author":[{"embeddable":true,"href":"https:\/\/www.europesays.com\/fr\/wp-json\/wp\/v2\/users\/2"}],"replies":[{"embeddable":true,"href":"https:\/\/www.europesays.com\/fr\/wp-json\/wp\/v2\/comments?post=213261"}],"version-history":[{"count":0,"href":"https:\/\/www.europesays.com\/fr\/wp-json\/wp\/v2\/posts\/213261\/revisions"}],"wp:featuredmedia":[{"embeddable":true,"href":"https:\/\/www.europesays.com\/fr\/wp-json\/wp\/v2\/media\/213262"}],"wp:attachment":[{"href":"https:\/\/www.europesays.com\/fr\/wp-json\/wp\/v2\/media?parent=213261"}],"wp:term":[{"taxonomy":"category","embeddable":true,"href":"https:\/\/www.europesays.com\/fr\/wp-json\/wp\/v2\/categories?post=213261"},{"taxonomy":"post_tag","embeddable":true,"href":"https:\/\/www.europesays.com\/fr\/wp-json\/wp\/v2\/tags?post=213261"}],"curies":[{"name":"wp","href":"https:\/\/api.w.org\/{rel}","templated":true}]}}