{"id":213265,"date":"2025-06-29T12:18:09","date_gmt":"2025-06-29T12:18:09","guid":{"rendered":"https:\/\/www.europesays.com\/fr\/213265\/"},"modified":"2025-06-29T12:18:09","modified_gmt":"2025-06-29T12:18:09","slug":"matthieu-delormeau-plus-menacant-que-jamais-lex-chroniqueur-de-tpmp-degoupille-en-soiree-avec-ses-amis","status":"publish","type":"post","link":"https:\/\/www.europesays.com\/fr\/213265\/","title":{"rendered":"Matthieu Delormeau : plus mena\u00e7ant que jamais, l\u2019ex-chroniqueur de TPMP d\u00e9goupille en soir\u00e9e avec ses amis"},"content":{"rendered":"<p>Depuis son retrait m\u00e9diatique et son d\u00e9part de Touche pas \u00e0<br \/>\nmon poste, Matthieu Delormeau ne passe pas pour autant<br \/>\ninaper\u00e7u. Tr\u00e8s actif sur les r\u00e9seaux sociaux, l\u2019ancien animateur de<br \/>\n<a href=\"https:\/\/www.closermag.fr\/people\/ayem-nour-amoureuse-elle-officialise-avec-son-nouveau-cheri-lors-de-lultime-soiree-de-nrj12-3523529\" rel=\"nofollow noopener\" target=\"_blank\"><br \/>\nNRJ12<\/a> encha\u00eene les prises de parole cash, souvent muscl\u00e9es.<br \/>\nEntre messages de mise en garde, r\u00e9ponses cinglantes \u00e0 ses<br \/>\nd\u00e9tracteurs et allusions \u00e0 sa vie personnelle, Delormeau cultive<br \/>\nune image provocatrice qui alimente r\u00e9guli\u00e8rement les d\u00e9bats en<br \/>\nligne.<\/p>\n<p>S\u2019il revendique le droit de se d\u00e9fendre face aux insultes et aux<br \/>\nattaques <strong>homophobes<\/strong>, ses sorties tr\u00e8s directes ne<br \/>\nlaissent personne indiff\u00e9rent. R\u00e9sultat : chaque post ou presque<br \/>\ndevient un mini-s\u00e9isme sur X, d\u00e9clenchant une vague de soutiens ou<br \/>\nd\u2019indignations.<\/p>\n<blockquote class=\"twitter-tweet\"><p><a class=\"twitter-link\" rel=\"noindex, nofollow noopener\" href=\"https:\/\/twitter.com\/Mdelormeau\/status\/1939062975932899523\" target=\"_blank\"><\/p><\/blockquote>\n<p>Matthieu Delormeau tr\u00e8s virulent sur X<\/p>\n<p data-start=\"0\" data-end=\"732\">Matthieu Delormeau ne cesse de<br \/>\nfaire parler de lui ces derniers jours. Tr\u00e8s actif sur X,<br \/>\nl\u2019ex-chroniqueur de <a href=\"https:\/\/www.closermag.fr\/tv_tele_realite\/tpmp\/kelly-vedovelli-ce-traitement-de-faveur-insense-que-lui-aurait-offert-cyril-hanouna-dans-tpmp-3528174\" rel=\"nofollow noopener\" target=\"_blank\"><br \/>\nTouche pas \u00e0 mon poste<\/a><br \/>\nencha\u00eene les messages virulents. Il s\u2019en prend frontalement \u00e0 ses<br \/>\nd\u00e9tracteurs. Dans l\u2019un de ses derniers posts, il \u00e9crit :<br \/>\n\u00ab\u00a0C\u2019est incroyable tous ceux qui<br \/>\nm\u2019insultent en me traitent de sale p\u00e9d\u00e9 disparaissent quand je leur<br \/>\ndemande <strong>leur adresse et un rendez-vous<\/strong> m\u00eame ce<br \/>\nsoir pour une petite conversation !\u00a0\u00bb<\/p>\n<p data-start=\"0\" data-end=\"732\">Il poursuit : \u00ab\u00a0C\u2019est dommage, on est pr\u00eats et on se<br \/>\nd\u00e9placent. Heureusement qu\u2019avec du r\u00e9seau et de l\u2019argent <strong>on<br \/>\nretrouve leur adresse<\/strong>. Voil\u00e0 maintenant je vais passer une<br \/>\nsoir\u00e9e tranquille avec mes amis. Mais si quelqu\u2019un veut tenter sa<br \/>\nchance m\u00eame ce soir. On arrive. Bonne soir\u00e9e\u00a0\u00bb. Un message au<br \/>\nton agressif qui n\u2019a pas manqu\u00e9 de faire r\u00e9agir les internautes,<br \/>\nentre indignation, incompr\u00e9hension et appels au calme.<\/p>\n<p>Ce n\u00a0\u00bbest<br \/>\npas la premi\u00e8re fois que l&rsquo;ex animateur fait le buzz<\/p>\n<p data-start=\"0\" data-end=\"484\">Le 23 juin, <a href=\"https:\/\/www.telestar.fr\/people\/matthieu-delormeau-apres-sa-garde-a-vue-il-prend-une-decision-radicale-et-recoit-une-volee-de-bois-vert-1728391\" rel=\"nofollow noopener\" target=\"_blank\"><br \/>\nMatthieu Delormeau<\/a> a de nouveau fait parler de lui en<br \/>\ns\u2019exprimant sans filtre sur les r\u00e9seaux sociaux. Sur X, l\u2019ancien<br \/>\nanimateur a \u00e9crit : \u00ab\u00a0Je<br \/>\nrencontre que des gens charmants. Pour ceux qui me traitent de p\u00e9d\u00e9<br \/>\nou qui tenteraient de m\u2019agresser ou un home jacking. Qu\u2019il sache<br \/>\nque j\u2019ai d\u00e9sormais un garde du corps \u00e0 plein temps. Et qu\u2019il a pour<br \/>\n<strong>consigne de ne pas donner d\u2019avertissement<\/strong>. Bonne<br \/>\nchance\u00a0\u00bb. Un message qui a aussit\u00f4t suscit\u00e9 de vives r\u00e9actions.<br \/>\nParmi les commentaires, certains internautes ont franchi la ligne<br \/>\nrouge.<\/p>\n<p data-start=\"0\" data-end=\"484\">Des accusations graves qui ont<br \/>\nimm\u00e9diatement fait r\u00e9agir Matthieu Delormeau, visiblement tr\u00e8s<br \/>\nremont\u00e9 : \u00ab\u00a0Vas-y, remets un<br \/>\ncommentaire comme celui-l\u00e0, et je te promets que je te<br \/>\nretrouve\u00a0\u00bb, a-t-il r\u00e9pondu avant d\u2019ajouter : \u00ab\u00a0Tu lui poseras la question \u00e0 <strong>mon<br \/>\ngarde du corps<\/strong>. J\u2019esp\u00e8re avoir \u00e9t\u00e9 clair puisque la<br \/>\npremi\u00e8re fois tu n\u2019as pas d\u00fb bien comprendre, tu dois pas savoir<br \/>\nlire, esp\u00e8ce de d\u00e9bile. Je ne laisserai plus personne me faire du<br \/>\nmal m\u00eame en commentaire\u00a0\u00bb.\u00a0<\/p>\n<p><script async src=\"https:\/\/platform.twitter.com\/widgets.js\" charset=\"utf-8\"><\/script><\/p>\n","protected":false},"excerpt":{"rendered":"Depuis son retrait m\u00e9diatique et son d\u00e9part de Touche pas \u00e0 mon poste, Matthieu Delormeau ne passe pas&hellip;\n","protected":false},"author":2,"featured_media":213266,"comment_status":"","ping_status":"","sticky":false,"template":"","format":"standard","meta":{"footnotes":""},"categories":[1356],"tags":[548,58,59,1011,27,7830,252,1364],"class_list":{"0":"post-213265","1":"post","2":"type-post","3":"status-publish","4":"format-standard","5":"has-post-thumbnail","7":"category-television","8":"tag-article-simple","9":"tag-divertissement","10":"tag-entertainment","11":"tag-fr","12":"tag-france","13":"tag-matthieu-delormeau","14":"tag-television","15":"tag-tv"},"share_on_mastodon":{"url":"https:\/\/pubeurope.com\/@fr\/114766617770430985","error":""},"_links":{"self":[{"href":"https:\/\/www.europesays.com\/fr\/wp-json\/wp\/v2\/posts\/213265","targetHints":{"allow":["GET"]}}],"collection":[{"href":"https:\/\/www.europesays.com\/fr\/wp-json\/wp\/v2\/posts"}],"about":[{"href":"https:\/\/www.europesays.com\/fr\/wp-json\/wp\/v2\/types\/post"}],"author":[{"embeddable":true,"href":"https:\/\/www.europesays.com\/fr\/wp-json\/wp\/v2\/users\/2"}],"replies":[{"embeddable":true,"href":"https:\/\/www.europesays.com\/fr\/wp-json\/wp\/v2\/comments?post=213265"}],"version-history":[{"count":0,"href":"https:\/\/www.europesays.com\/fr\/wp-json\/wp\/v2\/posts\/213265\/revisions"}],"wp:featuredmedia":[{"embeddable":true,"href":"https:\/\/www.europesays.com\/fr\/wp-json\/wp\/v2\/media\/213266"}],"wp:attachment":[{"href":"https:\/\/www.europesays.com\/fr\/wp-json\/wp\/v2\/media?parent=213265"}],"wp:term":[{"taxonomy":"category","embeddable":true,"href":"https:\/\/www.europesays.com\/fr\/wp-json\/wp\/v2\/categories?post=213265"},{"taxonomy":"post_tag","embeddable":true,"href":"https:\/\/www.europesays.com\/fr\/wp-json\/wp\/v2\/tags?post=213265"}],"curies":[{"name":"wp","href":"https:\/\/api.w.org\/{rel}","templated":true}]}}