{"id":213273,"date":"2025-06-29T12:23:09","date_gmt":"2025-06-29T12:23:09","guid":{"rendered":"https:\/\/www.europesays.com\/fr\/213273\/"},"modified":"2025-06-29T12:23:09","modified_gmt":"2025-06-29T12:23:09","slug":"je-propose-un-deal-a-france-televisions-samuel-etienne-conteste-larret-de-questions-pour-un-champion-en-semaine","status":"publish","type":"post","link":"https:\/\/www.europesays.com\/fr\/213273\/","title":{"rendered":"\u00ab\u00a0Je propose un deal \u00e0 France T\u00e9l\u00e9visions\u00a0\u00bb\u00a0: Samuel \u00c9tienne conteste l\u2019arr\u00eat de \u00ab\u00a0Questions pour un champion\u00a0\u00bb en semaine"},"content":{"rendered":"<p class=\"paragraph text_align_left lp-f-body-02\">Un clap de fin et des questions. Samedi, France T\u00e9l\u00e9visions a officialis\u00e9 <a href=\"https:\/\/www.leparisien.fr\/culture-loisirs\/tv\/questions-pour-un-champion-le-jeu-culte-de-france-3-arrete-sa-quotidienne-en-semaine-28-06-2025-5G4LB767F5CI5DQSVUTSHV4L4E.php\" target=\"_blank\" rel=\"noreferrer nofollow noopener\">l\u2019arr\u00eat de la diffusion quotidienne de son jeu \u00ab Questions pour un champion \u00bb<\/a>, apr\u00e8s 37 ans de programmation du lundi au vendredi. D\u00e8s la rentr\u00e9e prochaine, <a href=\"https:\/\/www.leparisien.fr\/week-end\/questions-pour-un-champion-comment-le-jeu-lance-en-1988-est-devenu-indemodable-25-11-2022-3CHR2YJ3HFDTJACFK2RMHIRSNQ.php\" target=\"_blank\" rel=\"noreferrer nofollow noopener\">le c\u00e9l\u00e8bre divertissement<\/a> ne sera plus propos\u00e9 que les samedis et dimanches. Une mesure prise, selon nos informations, en raison d\u2019une baisse d\u2019audience et dans un contexte de fortes \u00e9conomies.<\/p>\n<p class=\"paragraph text_align_left lp-f-body-02\">La d\u00e9cision a agac\u00e9 <a href=\"https:\/\/www.leparisien.fr\/culture-loisirs\/tv\/jai-pris-ma-liberte-samuel-etienne-annonce-ne-plus-etre-en-cdi-chez-france-televisions-18-04-2025-SRJ233N3EVCYNCJ2GFXPD4HOXY.php\" target=\"_blank\" rel=\"noreferrer nofollow noopener\">Samuel \u00c9tienne<\/a>, l\u2019animateur du jeu qui a succ\u00e9d\u00e9 \u00e0 <a href=\"https:\/\/www.leparisien.fr\/culture-loisirs\/tv\/julien-lepers-la-vie-sans-questions-pour-un-champion-les-gens-me-disent-que-je-leur-manque-29-10-2022-OWSI4OKJGBFPJHICWF5HRCVLRY.php\" target=\"_blank\" rel=\"noreferrer nofollow noopener\">Julien Lepers<\/a> en 2016. Sur X, il a, dans un premier temps, affirm\u00e9 ne pas savoir \u00ab de quoi sera fait l\u2019avenir \u00bb, tout en affirmant que \u00ab si le jeu est menac\u00e9, on ne pourra pas utiliser l\u2019argument des audiences. \u00bb<\/p>\n<blockquote class=\"twitter-tweet\">\n<p lang=\"fr\" dir=\"ltr\">Je lis des choses\u2026<br \/>Je ne sais pas de quoi sera fait l\u2019avenir de Questions pour un Champion.<br \/>Mais si le jeu est menac\u00e9, on ne pourra pas utiliser l\u2019argument des audiences <a href=\"https:\/\/t.co\/CBwzHnZm1h\" rel=\"nofollow\">https:\/\/t.co\/CBwzHnZm1h<\/a><\/p>\n<p>\u2014 Samuel Etienne (@SamuelEtienne) <a href=\"https:\/\/twitter.com\/SamuelEtienne\/status\/1938921320076714039?ref_src=twsrc%5Etfw\" rel=\"nofollow noopener\" target=\"_blank\">June 28, 2025<\/a><\/p><\/blockquote>\n<p class=\"paragraph text_align_left lp-f-body-02\">Puis ce dimanche, \u00e0 10 heures, le pr\u00e9sentateur de 54 ans a tenu \u00e0 s\u2019adresser \u00e0 ses abonn\u00e9s sur Twitch, promettant des r\u00e9ponses, tout en affirmant qu\u2019\u00ab il n\u2019y a aucune raison valable \u00bb \u00e0 cet arr\u00eat.<\/p>\n<p class=\"paragraph text_align_left lp-f-body-02\">Pendant une quarantaine de minutes, l\u2019homme a expos\u00e9 sa vision, en estimant que \u00ab France T\u00e9l\u00e9visions a pris cette mauvaise d\u00e9cision pour de mauvaises raisons \u00bb. \u00ab \u00c0 ce jour, cette d\u00e9cision d\u2019arr\u00eater la diffusion quotidienne de Questions pour un champion n\u2019a pas \u00e9t\u00e9 motiv\u00e9e. Aucune raison n\u2019a \u00e9t\u00e9 mise en avant par les d\u00e9cideurs \u00bb, a-t-il assur\u00e9. Pour lui, il n\u2019y a pas de baisse d\u2019audience. \u00ab Une fausse information \u00bb, a jur\u00e9 celui qui affirme que l\u2019\u00e9mission perdait des t\u00e9l\u00e9spectateurs \u00ab depuis 17 ans \u00bb avant son arriv\u00e9e.<\/p>\n<p class=\"paragraph text_align_left lp-f-body-02\">Puis de lister les diff\u00e9rentes hausses au fil des saisons\u2026 Jusqu\u2019\u00e0 une baisse en 2024. En cause, selon lui, une vague de rediffusions \u00ab pour des raisons financi\u00e8res \u00bb l\u2019\u00e9t\u00e9 dernier, mais aussi la m\u00e9forme de \u00ab Slam \u00bb, programm\u00e9 dans la case pr\u00e9c\u00e9dente dans la grille et r\u00e9cup\u00e9r\u00e9 par Th\u00e9o Curin depuis un an.<\/p>\n<p>\u00ab L\u2019audience n\u2019est pas une explication \u00bb<\/p>\n<p class=\"paragraph text_align_left lp-f-body-02\">\u00ab On a \u00e9t\u00e9 impact\u00e9s par la baisse d\u2019audience du jeu pr\u00e9c\u00e9dent, Slam, qui est plus forte que celle de notre jeu et qui affaiblit forc\u00e9ment Questions pour un champion \u00bb, juge Samuel \u00c9tienne, \u00e9voquant aussi la concurrence nouvelle de \u00ab La Roue de la fortune \u00bb sur M 6. \u00ab L\u2019audience n\u2019est donc pas une explication. D\u2019ailleurs, France T\u00e9l\u00e9visions n\u2019\u00e9voque pas cette raison. \u00c7a, c\u2019est important \u00bb, a-t-il rappel\u00e9.<\/p>\n<p class=\"paragraph text_align_left lp-f-body-02\">Quant au co\u00fbt de l\u2019\u00e9mission, il jure que cela \u00ab n\u2019est pas une raison \u00bb non plus. \u00ab Questions pour un champion est l\u2019un des programmes les moins chers de la grille de France 3. Par rapport aux autres jeux, la diff\u00e9rence est de quelques centaines d\u2019euros par num\u00e9ro. Je peux les mettre de ma poche s\u2019il le faut \u00bb, s\u2019est-il d\u00e9fendu.<\/p>\n<p class=\"paragraph text_align_left lp-f-body-02\">Ce l\u00e9ger surco\u00fbt se justifie par l\u2019emploi d\u2019une douzaine de personnes en CDI qui, \u00ab toute la journ\u00e9e, cherchent de nouvelles questions, les \u00e9crivent, les v\u00e9rifient \u00bb. \u00ab On est le seul jeu qui fonctionne comme cela en France \u00bb, s\u2019est-il f\u00e9licit\u00e9, assurant que le programme a \u00ab le meilleur ratio co\u00fbt-audiences \u00bb du bloc jeu de la Trois.<\/p>\n<p>\u00ab Je ne vais pas vous cacher que la tentation d\u2019arr\u00eater a \u00e9t\u00e9 forte \u00bb<\/p>\n<p class=\"paragraph text_align_left lp-f-body-02\">Pour justifier l\u2019arr\u00eat de la quotidienne apr\u00e8s 37 ans, Samuel \u00c9tienne confie avoir \u00ab eu au t\u00e9l\u00e9phone un haut responsable \u00bb de son groupe. \u00ab La personne ne me parle pas des audiences ni du co\u00fbt de l\u2019\u00e9mission mais qu\u2019il fallait trouver les \u00e9conomies parce qu\u2019il n\u2019y avait plus de sous. Et que le choix s\u2019\u00e9tait port\u00e9 sur Questions pour un champion parce que c\u2019\u00e9tait le jeu le plus ancien, et donc, pour eux, c\u2019\u00e9tait logique de le mettre de c\u00f4t\u00e9 m\u00eame s\u2019il cartonnait, et qu\u2019\u00e0 l\u2019origine ce n\u2019\u00e9tait pas un format fran\u00e7ais \u00bb, a-t-il rapport\u00e9, d\u00e9non\u00e7ant \u00ab des arguments l\u00e9gers \u00bb.<\/p>\n<p class=\"paragraph text_align_left lp-f-body-02\">Malgr\u00e9 sa col\u00e8re froide, l\u2019animateur a promis de ne pas abandonner ses t\u00e9l\u00e9spectateurs. \u00ab Je ne vais pas vous cacher que la tentation d\u2019arr\u00eater et de me consacrer \u00e0 de nouveaux projets a \u00e9t\u00e9 forte \u00bb, a n\u00e9anmoins ajout\u00e9 celui qui a r\u00e9cemment abandonn\u00e9 son CDI \u00e0 la r\u00e9daction du groupe audiovisuel public afin de ne plus \u00eatre limit\u00e9 dans ses activit\u00e9s annexes sur les r\u00e9seaux sociaux.<\/p>\n<p>Sa crainte de voir le jeu dispara\u00eetre<\/p>\n<p class=\"paragraph text_align_left lp-f-body-02\">S\u2019il a assur\u00e9 ne pas en vouloir \u00e0 sa direction, il n\u2019a pas cach\u00e9 sa crainte de voir \u00ab Questions pour un champion dispara\u00eetre \u00bb. \u00ab Peut-\u00eatre que dans un, deux, ou trois ans, on l\u2019arr\u00eatera totalement, comme on l\u2019a fait avec Des chiffres et des lettres \u00bb, a-t-il confi\u00e9, esp\u00e9rant \u00ab que la mobilisation des t\u00e9l\u00e9spectateurs va avoir assez de force pour que la direction de France T\u00e9l\u00e9visions reconsid\u00e8re sa d\u00e9cision \u00bb.<\/p>\n<p class=\"paragraph text_align_left lp-f-body-02\">Samuel \u00c9tienne assure monter au cr\u00e9neau pour les t\u00e9l\u00e9spectateurs. \u00ab Je n\u2019ai pas besoin de la t\u00e9l\u00e9vision pour vivre et faire vivre ma famille. Je le fais pour le jeu, son public, ses \u00e9quipes, a-t-il d\u00e9clar\u00e9, avant de soumettre l\u2019id\u00e9e de se sacrifier. Je propose un deal \u00e0 France T\u00e9l\u00e9visions : s\u2019ils souhaitent reprendre la diffusion quotidienne de Questions pour un champion en \u00e9change de ma t\u00eate, je l\u2019accepte avec grand plaisir. \u00bb R\u00e9ponse des dirigeants dans les prochaines heures\u2026<\/p>\n<p><script async src=\"https:\/\/platform.twitter.com\/widgets.js\" charset=\"utf-8\"><\/script><\/p>\n","protected":false},"excerpt":{"rendered":"Un clap de fin et des questions. Samedi, France T\u00e9l\u00e9visions a officialis\u00e9 l\u2019arr\u00eat de la diffusion quotidienne de&hellip;\n","protected":false},"author":2,"featured_media":213274,"comment_status":"","ping_status":"","sticky":false,"template":"","format":"standard","meta":{"footnotes":""},"categories":[8],"tags":[872,58,59,1011,27,2205],"class_list":{"0":"post-213273","1":"post","2":"type-post","3":"status-publish","4":"format-standard","5":"has-post-thumbnail","7":"category-divertissement","8":"tag-culture-et-loisirs","9":"tag-divertissement","10":"tag-entertainment","11":"tag-fr","12":"tag-france","13":"tag-television-medias"},"share_on_mastodon":{"url":"https:\/\/pubeurope.com\/@fr\/114766636969033890","error":""},"_links":{"self":[{"href":"https:\/\/www.europesays.com\/fr\/wp-json\/wp\/v2\/posts\/213273","targetHints":{"allow":["GET"]}}],"collection":[{"href":"https:\/\/www.europesays.com\/fr\/wp-json\/wp\/v2\/posts"}],"about":[{"href":"https:\/\/www.europesays.com\/fr\/wp-json\/wp\/v2\/types\/post"}],"author":[{"embeddable":true,"href":"https:\/\/www.europesays.com\/fr\/wp-json\/wp\/v2\/users\/2"}],"replies":[{"embeddable":true,"href":"https:\/\/www.europesays.com\/fr\/wp-json\/wp\/v2\/comments?post=213273"}],"version-history":[{"count":0,"href":"https:\/\/www.europesays.com\/fr\/wp-json\/wp\/v2\/posts\/213273\/revisions"}],"wp:featuredmedia":[{"embeddable":true,"href":"https:\/\/www.europesays.com\/fr\/wp-json\/wp\/v2\/media\/213274"}],"wp:attachment":[{"href":"https:\/\/www.europesays.com\/fr\/wp-json\/wp\/v2\/media?parent=213273"}],"wp:term":[{"taxonomy":"category","embeddable":true,"href":"https:\/\/www.europesays.com\/fr\/wp-json\/wp\/v2\/categories?post=213273"},{"taxonomy":"post_tag","embeddable":true,"href":"https:\/\/www.europesays.com\/fr\/wp-json\/wp\/v2\/tags?post=213273"}],"curies":[{"name":"wp","href":"https:\/\/api.w.org\/{rel}","templated":true}]}}