{"id":213282,"date":"2025-06-29T12:28:09","date_gmt":"2025-06-29T12:28:09","guid":{"rendered":"https:\/\/www.europesays.com\/fr\/213282\/"},"modified":"2025-06-29T12:28:09","modified_gmt":"2025-06-29T12:28:09","slug":"lancement-officiel-de-la-nouvelle-chaine-de-la-l1-ce-mardi","status":"publish","type":"post","link":"https:\/\/www.europesays.com\/fr\/213282\/","title":{"rendered":"Lancement officiel de la nouvelle cha\u00eene de la L1 ce mardi"},"content":{"rendered":"<p>Apr\u00e8s la rupture d\u00e9finitive des discussions avec Canal+, la<br \/>\nLigue de football professionnel (LFP) lancera officiellement mardi<br \/>\nsa plateforme 100 % Ligue 1.<\/p>\n<p>Alors que la <a href=\"https:\/\/canal-supporters.com\/quand-lunfp-sen-prend-violemment-a-la-fifa-sur-le-calendrier-dementiel-du-psg\/\" title=\"\" target=\"_blank\" rel=\"noopener\">saison du PSG n\u2019est pas officiellement termin\u00e9e,<\/a> la<br \/>\nprochaine se pr\u00e9pare d\u00e9j\u00e0\u2026 en tout cas en ce qui concerne la Ligue<br \/>\n1. <a href=\"https:\/\/www.lequipe.fr\/Medias\/Article\/Le-prix-de-l-abonnement-est-deja-prevu-le-plan-de-la-lfp-pour-la-chaine-de-la-ligue-1\/1573854\" title=\"\" target=\"_blank\" rel=\"noopener\">Comme le r\u00e9v\u00e8le L\u2019\u00c9quipe<\/a>, la LFP va lancer sa<br \/>\nnouvelle cha\u00eene ce mardi qui proposera 8 matchs sur 9 par journ\u00e9e,<br \/>\n\u00e0 partir de 14,99 \u20ac par mois.<\/p>\n<p>On rappelle que <strong>Maxime Saada<\/strong>, pr\u00e9sident du<br \/>\ndirectoire du groupe Canal+, <a href=\"https:\/\/www.lequipe.fr\/Medias\/Article\/Maxime-saada-constate-l-impossibilite-de-s-entendre-avec-lfp-media-canal-jette-l-eponge\/1573637\" title=\"\" target=\"_blank\" rel=\"noopener\">avait act\u00e9 la fin des discussions entre la cha\u00eene crypt\u00e9e<br \/>\net la LFP<\/a>, sans m\u00eame avoir rencontr\u00e9 <strong>Nicolas de<br \/>\nTavernost,<\/strong> le boss de LFP Media.<br \/>\n<strong>Canal+<\/strong> avait officialis\u00e9 son retrait du<br \/>\ndossier, pointant des d\u00e9saccords sur le prix de l\u2019abonnement. Le<br \/>\ngroupe n\u2019aurait jamais formul\u00e9 d\u2019offre concr\u00e8te, malgr\u00e9 une<br \/>\npromesse \u00e9crite. La LFP, de son c\u00f4t\u00e9, estime que Canal+ n\u2019avait<br \/>\njamais vraiment l\u2019intention de s\u2019engager, notamment en raison de<br \/>\nses lourds investissements sur les Coupes d\u2019Europe.<\/p>\n<p>Une plateforme \u00e0 14,99 \u20ac et plus<br \/>\nabordable pour les moins de 26 ans<\/p>\n<p>Priv\u00e9e de Canal+, et toujours sans nouvelles de<br \/>\nBeIN Sports, <strong>L\u2019\u00c9quipe explique que la LFP<br \/>\nlancera donc seule sa plateforme, qui diffusera 8 matchs sur 9<br \/>\ncette saison<\/strong>, avec l\u2019int\u00e9gralit\u00e9 du championnat pr\u00e9vue<br \/>\npour la saison suivante. N\u00e9anmoins, deux prestataires sont encore<br \/>\nen lice pour la production de la cha\u00eene. L\u2019offre de lancement sera<br \/>\n\u00e0 14,99 \u20ac par mois (et 9,99 \u20ac pour les moins de 26 ans). Ce qui est<br \/>\npresque trois fois moins que ce que proposait DAZN \u00e0 ses<br \/>\nd\u00e9buts.<\/p>\n<p>Ce projet in\u00e9dit pour un grand championnat europ\u00e9en, sera<br \/>\npr\u00e9sent\u00e9 ce mardi 1er juillet aux clubs de Ligue 1, qui esp\u00e9raient<br \/>\nencore un accord de derni\u00e8re minute avec Canal+, ce qui leur aurait<br \/>\noffert une forme de stabilit\u00e9. D\u00e9sormais, la LFP se lance seule<br \/>\ndans l\u2019aventure num\u00e9rique, avec l\u2019espoir que cette plateforme<br \/>\nimprovis\u00e9e dans l\u2019urgence saura s\u00e9duire les abonn\u00e9s et redorer<br \/>\nl\u2019image d\u2019un championnat malmen\u00e9 depuis 2020\u2026<\/p><\/p>\n","protected":false},"excerpt":{"rendered":"Apr\u00e8s la rupture d\u00e9finitive des discussions avec Canal+, la Ligue de football professionnel (LFP) lancera officiellement mardi sa&hellip;\n","protected":false},"author":2,"featured_media":213283,"comment_status":"","ping_status":"","sticky":false,"template":"","format":"standard","meta":{"footnotes":""},"categories":[2],"tags":[11,81,35313,1011,27,10856,2330,35314,12,91,92,93],"class_list":{"0":"post-213282","1":"post","2":"type-post","3":"status-publish","4":"format-standard","5":"has-post-thumbnail","7":"category-actualites","8":"tag-actualites","9":"tag-canal-supporters","10":"tag-droit-tv","11":"tag-fr","12":"tag-france","13":"tag-lequipe","14":"tag-lfp","15":"tag-lfp-media","16":"tag-news","17":"tag-paris-saint-germain","18":"tag-paris-sg","19":"tag-psg"},"share_on_mastodon":{"url":"https:\/\/pubeurope.com\/@fr\/114766656478253063","error":""},"_links":{"self":[{"href":"https:\/\/www.europesays.com\/fr\/wp-json\/wp\/v2\/posts\/213282","targetHints":{"allow":["GET"]}}],"collection":[{"href":"https:\/\/www.europesays.com\/fr\/wp-json\/wp\/v2\/posts"}],"about":[{"href":"https:\/\/www.europesays.com\/fr\/wp-json\/wp\/v2\/types\/post"}],"author":[{"embeddable":true,"href":"https:\/\/www.europesays.com\/fr\/wp-json\/wp\/v2\/users\/2"}],"replies":[{"embeddable":true,"href":"https:\/\/www.europesays.com\/fr\/wp-json\/wp\/v2\/comments?post=213282"}],"version-history":[{"count":0,"href":"https:\/\/www.europesays.com\/fr\/wp-json\/wp\/v2\/posts\/213282\/revisions"}],"wp:featuredmedia":[{"embeddable":true,"href":"https:\/\/www.europesays.com\/fr\/wp-json\/wp\/v2\/media\/213283"}],"wp:attachment":[{"href":"https:\/\/www.europesays.com\/fr\/wp-json\/wp\/v2\/media?parent=213282"}],"wp:term":[{"taxonomy":"category","embeddable":true,"href":"https:\/\/www.europesays.com\/fr\/wp-json\/wp\/v2\/categories?post=213282"},{"taxonomy":"post_tag","embeddable":true,"href":"https:\/\/www.europesays.com\/fr\/wp-json\/wp\/v2\/tags?post=213282"}],"curies":[{"name":"wp","href":"https:\/\/api.w.org\/{rel}","templated":true}]}}