{"id":213288,"date":"2025-06-29T12:36:10","date_gmt":"2025-06-29T12:36:10","guid":{"rendered":"https:\/\/www.europesays.com\/fr\/213288\/"},"modified":"2025-06-29T12:36:10","modified_gmt":"2025-06-29T12:36:10","slug":"le-chemin-est-encore-long-pour-le-rc-toulon","status":"publish","type":"post","link":"https:\/\/www.europesays.com\/fr\/213288\/","title":{"rendered":"Le chemin est encore long pour le RC Toulon"},"content":{"rendered":"\n<p>La d\u00e9ception de l\u2019\u00e9limination \u00e0 une marche du Stade de France face \u00e0 Bordeaux-B\u00e8gles dig\u00e9r\u00e9e, l\u2019heure est au bilan pour Pierre Mignoni, avant de prendre cinq semaines de vacances m\u00e9rit\u00e9es. Et le premier enseignement, p\u00e8re de tous les autres, r\u00e9sume bien l\u2019exercice \u00e9coul\u00e9\u00a0: \u00ab\u00a0C\u2019est un bilan en progr\u00e8s par rapport aux deux saisons pr\u00e9c\u00e9dentes. Il y a des choses tr\u00e8s positives, m\u00eame si, quand tu finis dans les trois premiers, tu as toujours l\u2019ambition d\u2019aller au bout. Ce ne sera pas pour nous cette ann\u00e9e malheureusement, on regardera la finale \u00e0 la t\u00e9l\u00e9\u00a0\u00bb, introduit sans d\u00e9tour l\u2019entra\u00eeneur toulonnais, en bon demi de m\u00eal\u00e9e qu\u2019il a \u00e9t\u00e9.<\/p>\n<p> \u00ab 2014, 2015, c\u2019est termin\u00e9\u00a0\u00bb\n              <\/p>\n<p>Un bilan qui peut \u00eatre lu \u00e0 travers le prisme du jeu, avec des satisfactions \u2013 meilleure \u00e9quipe en conqu\u00eate et sur les m\u00eal\u00e9es, huit bonus offensifs \u00e0 domicile, quatre bonus d\u00e9fensifs \u00e0 l\u2019ext\u00e9rieur (4e bilan), troisi\u00e8me attaque et deuxi\u00e8me d\u00e9fense en termes de points \u2013, mais aussi, des axes d\u2019am\u00e9lioration\u00a0: 9e\u00a0sur les plaquages r\u00e9ussis, une 7e\u00a0place sur la touche, une 10e\u00a0sur les franchissements, une 9e\u00a0sur les ballons port\u00e9s. \u00ab\u00a0Il y a des progr\u00e8s \u00e0 faire en termes d\u2019\u00e9quilibre, certainement car on tape beaucoup trop le ballon\u00a0\u00bb, analyse Pierre Mignoni.<\/p>\n<p>Alors, quelles raisons \u00e0 ce d\u00e9s\u00e9quilibre ? Pour le directeur du rugby du RCT, il peut s\u2019agir \u00ab\u00a0de patience. Parfois, on veut marquer trop vite, comme sur la demi. L\u2019essai qu\u2019on marque avant la pause, c\u2019est sur un coup, mais on ne peut pas faire \u00e7a tout le temps. Bordeaux a marqu\u00e9 apr\u00e8s plusieurs phases, et des fois, parce qu\u2019on n\u2019y arrive pas, on se met en difficult\u00e9. Des soutiens en retard, des ballons perdus, des 50\/50 inutiles&#8230; On doit \u00eatre plus froid, avoir la volont\u00e9 de garder le ballon\u00a0\u00bb.<\/p>\n<p>Mais aussi de personnalit\u00e9 et d\u2019exp\u00e9rience dans les grands rendez-vous, deux points sur lesquels son \u00e9quipe a encore engrang\u00e9 cette saison\u00a0: \u00ab\u00a0Il faut qu\u2019on soit plus pr\u00e9sents sur ces matches. C\u2019est ce qu\u2019on fait depuis deux ans, m\u00eame la premi\u00e8re ann\u00e9e avec le Challenge europ\u00e9en. Il y a eu les barrages l\u2019an dernier, le quart de finale de Champion\u2019s cup, notre barrage \u00e0 domicile, la demi-finale, \u00e7a cr\u00e9e de l\u2019exp\u00e9rience commune et, par exemple, notre barrage, on ne l\u2019a pas loup\u00e9. Par contre, je ne nous ai pas trouv\u00e9s assez pr\u00e9sents sur la demi-finale. \u00c7a montre les progr\u00e8s qu\u2019on a \u00e0 faire. Mais il y a eu aussi beaucoup de choses positives. C\u2019est bien d\u2019\u00eatre l\u00e0, pour le club, les supporters, la ville.\u00a0\u00bb<\/p>\n<p>Bien, \u00ab\u00a0mais on peut et doit faire mieux\u00a0\u00bb. Et sans les armes des ann\u00e9es d\u2019abondance\u00a0: \u00ab\u00a0L\u2019objectif est de redevenir un club tr\u00e8s attractif. 2014, 2015, c\u2019est termin\u00e9. On est en 2025, le club doit se construire diff\u00e9remment car le mod\u00e8le \u00e9conomique est en sursis. On doit travailler avec nos jeunes, notre recrutement, et s\u2019il y a des choses qu\u2019on ne peut pas faire, on ne peut pas les faire\u00a0\u00bb, pr\u00e9vient Pierre Mignoni. Intelligence et travail seront les ma\u00eetres mots, pour rattraper deux clubs de l\u2019ouest \u00ab\u00a0qui ont un peu d\u2019avance sur beaucoup de choses\u00a0\u00bb. Et pouvoir enfin \u00e9teindre la t\u00e9l\u00e9.<\/p>\n","protected":false},"excerpt":{"rendered":"La d\u00e9ception de l\u2019\u00e9limination \u00e0 une marche du Stade de France face \u00e0 Bordeaux-B\u00e8gles dig\u00e9r\u00e9e, l\u2019heure est au&hellip;\n","protected":false},"author":2,"featured_media":213289,"comment_status":"","ping_status":"","sticky":false,"template":"","format":"standard","meta":{"footnotes":""},"categories":[9619],"tags":[1111,11,834,1777,674,1011,27,12,882,25,2310],"class_list":{"0":"post-213288","1":"post","2":"type-post","3":"status-publish","4":"format-standard","5":"has-post-thumbnail","7":"category-toulon","8":"tag-actu","9":"tag-actualites","10":"tag-attaque","11":"tag-eu","12":"tag-europe","13":"tag-fr","14":"tag-france","15":"tag-news","16":"tag-provence-alpes-cote-dazur","17":"tag-republique-francaise","18":"tag-toulon"},"share_on_mastodon":{"url":"https:\/\/pubeurope.com\/@fr\/114766687996906208","error":""},"_links":{"self":[{"href":"https:\/\/www.europesays.com\/fr\/wp-json\/wp\/v2\/posts\/213288","targetHints":{"allow":["GET"]}}],"collection":[{"href":"https:\/\/www.europesays.com\/fr\/wp-json\/wp\/v2\/posts"}],"about":[{"href":"https:\/\/www.europesays.com\/fr\/wp-json\/wp\/v2\/types\/post"}],"author":[{"embeddable":true,"href":"https:\/\/www.europesays.com\/fr\/wp-json\/wp\/v2\/users\/2"}],"replies":[{"embeddable":true,"href":"https:\/\/www.europesays.com\/fr\/wp-json\/wp\/v2\/comments?post=213288"}],"version-history":[{"count":0,"href":"https:\/\/www.europesays.com\/fr\/wp-json\/wp\/v2\/posts\/213288\/revisions"}],"wp:featuredmedia":[{"embeddable":true,"href":"https:\/\/www.europesays.com\/fr\/wp-json\/wp\/v2\/media\/213289"}],"wp:attachment":[{"href":"https:\/\/www.europesays.com\/fr\/wp-json\/wp\/v2\/media?parent=213288"}],"wp:term":[{"taxonomy":"category","embeddable":true,"href":"https:\/\/www.europesays.com\/fr\/wp-json\/wp\/v2\/categories?post=213288"},{"taxonomy":"post_tag","embeddable":true,"href":"https:\/\/www.europesays.com\/fr\/wp-json\/wp\/v2\/tags?post=213288"}],"curies":[{"name":"wp","href":"https:\/\/api.w.org\/{rel}","templated":true}]}}