{"id":213294,"date":"2025-06-29T12:39:09","date_gmt":"2025-06-29T12:39:09","guid":{"rendered":"https:\/\/www.europesays.com\/fr\/213294\/"},"modified":"2025-06-29T12:39:09","modified_gmt":"2025-06-29T12:39:09","slug":"un-enfant-de-trois-ans-sauve-de-la-noyade-a-saint-martin-de-londres","status":"publish","type":"post","link":"https:\/\/www.europesays.com\/fr\/213294\/","title":{"rendered":"un enfant de trois ans sauv\u00e9 de la noyade \u00e0 Saint-Martin-de-Londres"},"content":{"rendered":"<p>            Par<br \/>\n        <strong><br \/>\n            <a href=\"https:\/\/actu.fr\/auteur\/jm-aubert\" title=\"Consulter tous les articles de Jean-Marc Aubert\" rel=\"nofollow noopener\" target=\"_blank\">Jean-Marc Aubert<\/a><br \/>\n        <\/strong><\/p>\n<p>        Publi\u00e9 le<\/p>\n<p>            29 juin 2025 \u00e0 14h21        <\/p>\n<p>Drame dans un lotissement de l\u2019H\u00e9rault : ce samedi soir, un<strong> enfant de trois ans<\/strong> est tomb\u00e9 dans une piscine priv\u00e9e, \u00e0 <strong>Saint-Martin-de-Londres<\/strong>, \u00e0 vingt-cinq kilom\u00e8tres au nord de Montpellier. Il est dans un \u00e9tat grave.<\/p>\n<p class=\" wall-content\">L\u2019alerte a \u00e9t\u00e9 donn\u00e9e vers 20h15, lorsque les personnes pr\u00e9sentes dans la villa ont constat\u00e9 qu\u2019un enfant \u00e2g\u00e9 de trois ans avait coul\u00e9 au fond de la piscine, dans un lotissement situ\u00e9 aux portes nord de Saint-Martin-de-Londres, \u00e0 proximit\u00e9 de la RD 986, la route de Ganges.<\/p>\n<p>    <a href=\"https:\/\/www.google.com\/maps\/embed?pb=!1m18!1m12!1m3!1d45130.46889297081!2d3.6703707612917946!3d43.79523003124614!2m3!1f0!2f0!3f0!3m2!1i1024!2i768!4f13.1!3m3!1m2!1s0x12b3ff24de54babf%3A0x4078821166abdf0!2s34380%20Saint-Martin-de-Londres!5e0!3m2!1sfr!2sfr!4v1751199497253!5m2!1sfr!2sfr\" title=\"Ouvrie le lien\" rel=\"nofollow noopener\" target=\"_blank\">Cliquez ici pour visualiser le contenu<\/a><\/p>\n<p class=\" wall-content\">Tandis qu\u2019il \u00e9tait hiss\u00e9 sur le bord du bassin et que les premiers gestes de secours \u00e9taient prodigu\u00e9s, car il se trouvait en arr\u00eat cardio-respiratoire, la cha\u00eene de secours intervenait rapidement avec les sapeurs-pompiers du <strong>Sdis 34<\/strong> et une \u00e9quipe m\u00e9dicale du <strong>Smur-Samu<\/strong>.<\/p>\n<p class=\" wall-content\">L\u2019enfant a pu \u00eatre r\u00e9anim\u00e9 et transport\u00e9 en urgence absolue au <strong>CHU de Montpellier.<\/strong> Les <strong>gendarmes<\/strong> de la compagnie de Lod\u00e8ve, notamment ceux de la communaut\u00e9 de brigades de Saint-Martin-de-Londres et de Saint-Mathieu-de-Tr\u00e9viers \u00e9taient \u00e9galement sur les lieux.<\/p>\n<p>Vid\u00e9os : en ce moment sur Actu<\/p>\n<p class=\" wall-content\">Suivez toute l\u2019actualit\u00e9 de vos villes et m\u00e9dias favoris en vous inscrivant \u00e0 <a href=\"https:\/\/moncompte.actu.fr\" title=\"D\u00e9couvez Mon Actu\" rel=\"nofollow noopener\" data-trk=\"{&quot;cta&quot;:{&quot;action&quot;:&quot;https:\\\/\\\/moncompte.actu.fr&quot;,&quot;category&quot;:&quot;mon compte&quot;,&quot;from&quot;:&quot;article footer&quot;,&quot;name&quot;:&quot;Mon actu&quot;,&quot;type&quot;:&quot;cta&quot;}}\" target=\"_blank\">Mon Actu<\/a>.<\/p>\n","protected":false},"excerpt":{"rendered":"Par Jean-Marc Aubert Publi\u00e9 le 29 juin 2025 \u00e0 14h21 Drame dans un lotissement de l\u2019H\u00e9rault : ce&hellip;\n","protected":false},"author":2,"featured_media":213295,"comment_status":"","ping_status":"","sticky":false,"template":"","format":"standard","meta":{"footnotes":""},"categories":[9599],"tags":[1111,11,1777,674,118,1011,27,3381,2208,12,2680,1311,25],"class_list":{"0":"post-213294","1":"post","2":"type-post","3":"status-publish","4":"format-standard","5":"has-post-thumbnail","7":"category-montpellier","8":"tag-actu","9":"tag-actualites","10":"tag-eu","11":"tag-europe","12":"tag-faits-divers","13":"tag-fr","14":"tag-france","15":"tag-gendarmerie","16":"tag-montpellier","17":"tag-news","18":"tag-occitanie","19":"tag-pompiers","20":"tag-republique-francaise"},"share_on_mastodon":{"url":"https:\/\/pubeurope.com\/@fr\/114766699906943585","error":""},"_links":{"self":[{"href":"https:\/\/www.europesays.com\/fr\/wp-json\/wp\/v2\/posts\/213294","targetHints":{"allow":["GET"]}}],"collection":[{"href":"https:\/\/www.europesays.com\/fr\/wp-json\/wp\/v2\/posts"}],"about":[{"href":"https:\/\/www.europesays.com\/fr\/wp-json\/wp\/v2\/types\/post"}],"author":[{"embeddable":true,"href":"https:\/\/www.europesays.com\/fr\/wp-json\/wp\/v2\/users\/2"}],"replies":[{"embeddable":true,"href":"https:\/\/www.europesays.com\/fr\/wp-json\/wp\/v2\/comments?post=213294"}],"version-history":[{"count":0,"href":"https:\/\/www.europesays.com\/fr\/wp-json\/wp\/v2\/posts\/213294\/revisions"}],"wp:featuredmedia":[{"embeddable":true,"href":"https:\/\/www.europesays.com\/fr\/wp-json\/wp\/v2\/media\/213295"}],"wp:attachment":[{"href":"https:\/\/www.europesays.com\/fr\/wp-json\/wp\/v2\/media?parent=213294"}],"wp:term":[{"taxonomy":"category","embeddable":true,"href":"https:\/\/www.europesays.com\/fr\/wp-json\/wp\/v2\/categories?post=213294"},{"taxonomy":"post_tag","embeddable":true,"href":"https:\/\/www.europesays.com\/fr\/wp-json\/wp\/v2\/tags?post=213294"}],"curies":[{"name":"wp","href":"https:\/\/api.w.org\/{rel}","templated":true}]}}