{"id":213309,"date":"2025-06-29T12:51:09","date_gmt":"2025-06-29T12:51:09","guid":{"rendered":"https:\/\/www.europesays.com\/fr\/213309\/"},"modified":"2025-06-29T12:51:09","modified_gmt":"2025-06-29T12:51:09","slug":"il-avait-tout-plaque-pour-la-bd-un-appel-pour-laider-2","status":"publish","type":"post","link":"https:\/\/www.europesays.com\/fr\/213309\/","title":{"rendered":"Il avait tout plaqu\u00e9 pour la BD\u00a0: un appel pour l\u2019aider"},"content":{"rendered":"<p><a href=\"https:\/\/nantes.maville.com\/actu\/actudet_-ce-nantais-stoppe-sa-carriere-dans-l-education-nationale-pour-creer-un-site-de-revente-de-bd-_52716-6174386_actu.Htm\" target=\"_blank\" rel=\"noopener\">Le Nantais Wilhem Van Dick avait d\u00e9missionn\u00e9 de l\u2019\u00c9ducation nationale \u00e0 l\u2019\u00e2ge de 52\u00a0ans pour lancer budule.fr<\/a>. Un site qu\u2019il a ouvert en septembre\u00a02023. Il s\u2019agit d\u2019une marketplace d\u00e9di\u00e9e \u00e0 l\u2019achat-vente de BD d\u2019occasion entre passionn\u00e9s.<\/p>\n<p>\u00a0La plateforme se d\u00e9veloppe tranquillement, mais trop lentement face \u00e0 l\u2019univers impitoyable du commerce en ligne sur le web\u00a0, d\u00e9plore-t-il. Et de poursuivre\u00a0: \u00a0Malgr\u00e9 plus de 4\u00a0000\u00a0connexions mensuelles, difficile de se faire une place face aux mastodontes du web, les Rakuten, Ebay, Amazon, Leboncoin et autres. Pour financer ma petite entreprise, j\u2019ai lanc\u00e9 une campagne de financement participatif sur Ulule le 13\u00a0juin\u00a0\u00bb.<\/p>\n<p>Seulement d\u00e9di\u00e9 \u00e0 la bande dessin\u00e9e<\/p>\n<p>La particularit\u00e9 de la marketplace de celui qui collectionne \u00e0 titre personnel plus de 4 000 albums\u00a0: \u00ab\u00a0Celle-ci est exclusivement d\u00e9di\u00e9e \u00e0 la BD, avec un moteur de recherche avanc\u00e9. Pas besoin de lire l\u2019ensemble de l\u2019annonce pour avoir toutes les infos, la recherche s\u2019effectue avec le nom d\u2019auteur, du titre, de l\u2019\u00e9diteur\u2026\u00a0<\/p>\n<p>Pour qui souhaite l\u2019aider \u00e0\u00a0financer budule.fr, la page Ulule est ouverte \u00e0 cette adresse\u00a0: <a href=\"https:\/\/fr.ulule.com\/budule-un-vinted-de-la-bd\/\" target=\"_blank\" rel=\"noopener\">https:\/\/fr.ulule.com\/budule-un-vinted-de-la-bd\/<\/a><\/p>\n<p>\u00a0<\/p>\n","protected":false},"excerpt":{"rendered":"Le Nantais Wilhem Van Dick avait d\u00e9missionn\u00e9 de l\u2019\u00c9ducation nationale \u00e0 l\u2019\u00e2ge de 52\u00a0ans pour lancer budule.fr. Un&hellip;\n","protected":false},"author":2,"featured_media":213194,"comment_status":"","ping_status":"","sticky":false,"template":"","format":"standard","meta":{"footnotes":""},"categories":[2818],"tags":[1111,11,4180,7431,9993,1777,674,1011,27,766,12,2636,17196,25],"class_list":{"0":"post-213309","1":"post","2":"type-post","3":"status-publish","4":"format-standard","5":"has-post-thumbnail","7":"category-nantes","8":"tag-actu","9":"tag-actualites","10":"tag-aider","11":"tag-appel","12":"tag-bd","13":"tag-eu","14":"tag-europe","15":"tag-fr","16":"tag-france","17":"tag-nantes","18":"tag-news","19":"tag-pays-de-la-loire","20":"tag-plaque","21":"tag-republique-francaise"},"share_on_mastodon":{"url":"https:\/\/pubeurope.com\/@fr\/114766746977167809","error":""},"_links":{"self":[{"href":"https:\/\/www.europesays.com\/fr\/wp-json\/wp\/v2\/posts\/213309","targetHints":{"allow":["GET"]}}],"collection":[{"href":"https:\/\/www.europesays.com\/fr\/wp-json\/wp\/v2\/posts"}],"about":[{"href":"https:\/\/www.europesays.com\/fr\/wp-json\/wp\/v2\/types\/post"}],"author":[{"embeddable":true,"href":"https:\/\/www.europesays.com\/fr\/wp-json\/wp\/v2\/users\/2"}],"replies":[{"embeddable":true,"href":"https:\/\/www.europesays.com\/fr\/wp-json\/wp\/v2\/comments?post=213309"}],"version-history":[{"count":0,"href":"https:\/\/www.europesays.com\/fr\/wp-json\/wp\/v2\/posts\/213309\/revisions"}],"wp:featuredmedia":[{"embeddable":true,"href":"https:\/\/www.europesays.com\/fr\/wp-json\/wp\/v2\/media\/213194"}],"wp:attachment":[{"href":"https:\/\/www.europesays.com\/fr\/wp-json\/wp\/v2\/media?parent=213309"}],"wp:term":[{"taxonomy":"category","embeddable":true,"href":"https:\/\/www.europesays.com\/fr\/wp-json\/wp\/v2\/categories?post=213309"},{"taxonomy":"post_tag","embeddable":true,"href":"https:\/\/www.europesays.com\/fr\/wp-json\/wp\/v2\/tags?post=213309"}],"curies":[{"name":"wp","href":"https:\/\/api.w.org\/{rel}","templated":true}]}}