{"id":213316,"date":"2025-06-29T12:55:09","date_gmt":"2025-06-29T12:55:09","guid":{"rendered":"https:\/\/www.europesays.com\/fr\/213316\/"},"modified":"2025-06-29T12:55:09","modified_gmt":"2025-06-29T12:55:09","slug":"ce-qui-va-etre-transporte","status":"publish","type":"post","link":"https:\/\/www.europesays.com\/fr\/213316\/","title":{"rendered":"ce qui va \u00eatre transport\u00e9"},"content":{"rendered":"<p>            Par<br \/>\n        <strong><br \/>\n            <a href=\"https:\/\/actu.fr\/auteur\/david-saint-sernin\" title=\"Consulter tous les articles de David Saint-Sernin\" rel=\"nofollow noopener\" target=\"_blank\">David Saint-Sernin<\/a><br \/>\n        <\/strong><\/p>\n<p>        Publi\u00e9 le<\/p>\n<p>            29 juin 2025 \u00e0 9h12        <\/p>\n<p>Si dans la nuit du 30 juin au mardi 1\u1d49\u02b3\u00a0juillet 2025, vous passez la t\u00eate par la fen\u00eatre et que vous voyez passer un \u00e9norme convoi, ne vous en \u00e9tonnez pas, c\u2019est bien <strong>un convoi exceptionnel<\/strong> <a href=\"https:\/\/actu.fr\/occitanie\/toulouse_31555\/toulouse-dans-ce-tout-nouveau-centre-airbus-protege-les-aeroports-et-avions-des-attaques-cyber_62829527.html\" rel=\"nofollow noopener\" target=\"_blank\">d\u2019Airbus<\/a> qui va traverser une partie de la Haute-Garonne cette nuit-l\u00e0.<\/p>\n<p>Un convoi exceptionnel d\u2019Airbus<\/p>\n<p class=\" wall-content\">\u00ab\u2009Ce ne sont pas des pi\u00e8ces d\u2019avion, mais du mat\u00e9riel logistique qui sera transport\u00e9. Le trajet du convoi a \u00e9t\u00e9 coordonn\u00e9 avec les autorit\u00e9s concern\u00e9es. Et c\u2019est bien un convoi exceptionnel, pas quelque chose de r\u00e9current\u2009\u00bb, explique Airbus \u00e0 Actu Toulouse.<\/p>\n<p class=\" wall-content\">La seule commune qui a communiqu\u00e9 l\u2019information \u00e0 ses administr\u00e9s est celle de<strong> L\u00e9vignac (Haute-Garonne)<\/strong> qui a pris un arr\u00eat\u00e9 pour<strong> interdire le stationnement<\/strong> sur le trac\u00e9 du convoi. Il faut dire que la travers\u00e9e de la commune est peu ais\u00e9e pour ce type de transports, <a href=\"https:\/\/actu.fr\/occitanie\/toulouse_31555\/convoi-exceptionnel-la380-arrive-a-toulouse-dans-la-nuit-du-21-au-22-mars_3653288.html\" rel=\"nofollow noopener\" target=\"_blank\">les convois li\u00e9s \u00e0 la production de l\u2019A 380<\/a>, il y a quelques ann\u00e9es, en t\u00e9moignaient.<\/p>\n<p>Le stationnement interdit au passage du convoi<\/p>\n<p class=\" wall-content\">\u00ab\u2009Un arr\u00eat\u00e9 municipal a \u00e9t\u00e9 pris afin d\u2019assurer la s\u00e9curit\u00e9 et la fluidit\u00e9 de la circulation. Les voies concern\u00e9es par l\u2019interdiction de stationnement sont la route de l\u2019Isle Jourdain, l\u2019avenue de la R\u00e9publique et l\u2019avenue de la Gare. Le stationnement sera strictement interdit des deux c\u00f4t\u00e9s de ces axes durant ces horaires. Tout v\u00e9hicule en infraction pourra \u00eatre mis en fourri\u00e8re\u2009\u00bb, d\u00e9taille la mairie de L\u00e9vignac.<\/p>\n<p class=\" wall-content\">Dans les rues cit\u00e9es, le stationnement sera interdit temporairement de minuit \u00e0 6h du matin, cette nuit-l\u00e0.<\/p>\n<p>Sur le trac\u00e9 de l\u2019A380\u2009?<\/p>\n<p class=\" wall-content\">Si Airbus n\u2019a pas souhait\u00e9 communiquer le trac\u00e9 du convoi \u00e0 Actu Toulouse, compte tenu de sa taille, il est probable qu\u2019il emprunte la route, d\u00e9volue, il y a quelques ann\u00e9es aux passages r\u00e9guliers des convois de l\u2019A 380. Cette fameuse N224, sp\u00e9cialement cr\u00e9\u00e9e pour les transports exceptionnels, et qui permet aux grands gabarits de traverser sans encombre les communes telles que <strong>L\u00e9vignac<\/strong>, <strong>Mondonville<\/strong> et <strong>Montaigut-sur-Save<\/strong> en Haute-Garonne.<\/p>\n<p>Vid\u00e9os : en ce moment sur ActuIl y a cinq ans, le dernier convoi de l\u2019A380<\/p>\n<p class=\" wall-content\">L\u2019ultime convoi de l\u2019A380 avait travers\u00e9 Gers et Haute-Garonne dans la nuit de mercredi 17 au\u00a0jeudi 18\u00a0juin 2020, avant d\u2019arriver \u00e0 Toulouse.<\/p>\n<p class=\" wall-content\">\u00c0 Gimont (Gers), et plus tard \u00e0 L\u00e9vignac (Haute-Garonne) vers minuit, les habitants s\u2019\u00e9taient spontan\u00e9ment mass\u00e9s dans les rues pour voir passer une derni\u00e8re fois le fleuron d\u2019Airbus.<\/p>\n<p class=\" wall-content\">Suivez toute l\u2019actualit\u00e9 de vos villes et m\u00e9dias favoris en vous inscrivant \u00e0 <a href=\"https:\/\/moncompte.actu.fr\" title=\"D\u00e9couvez Mon Actu\" rel=\"nofollow noopener\" data-trk=\"{&quot;cta&quot;:{&quot;action&quot;:&quot;https:\\\/\\\/moncompte.actu.fr&quot;,&quot;category&quot;:&quot;mon compte&quot;,&quot;from&quot;:&quot;article footer&quot;,&quot;name&quot;:&quot;Mon actu&quot;,&quot;type&quot;:&quot;cta&quot;}}\" target=\"_blank\">Mon Actu<\/a>.<\/p>\n","protected":false},"excerpt":{"rendered":"Par David Saint-Sernin Publi\u00e9 le 29 juin 2025 \u00e0 9h12 Si dans la nuit du 30 juin au&hellip;\n","protected":false},"author":2,"featured_media":213317,"comment_status":"","ping_status":"","sticky":false,"template":"","format":"standard","meta":{"footnotes":""},"categories":[2816],"tags":[1111,11,36,1777,674,1011,27,12,2680,25,104,2312],"class_list":{"0":"post-213316","1":"post","2":"type-post","3":"status-publish","4":"format-standard","5":"has-post-thumbnail","7":"category-toulouse","8":"tag-actu","9":"tag-actualites","10":"tag-airbus","11":"tag-eu","12":"tag-europe","13":"tag-fr","14":"tag-france","15":"tag-news","16":"tag-occitanie","17":"tag-republique-francaise","18":"tag-societe","19":"tag-toulouse"},"share_on_mastodon":{"url":"https:\/\/pubeurope.com\/@fr\/114766762741172614","error":""},"_links":{"self":[{"href":"https:\/\/www.europesays.com\/fr\/wp-json\/wp\/v2\/posts\/213316","targetHints":{"allow":["GET"]}}],"collection":[{"href":"https:\/\/www.europesays.com\/fr\/wp-json\/wp\/v2\/posts"}],"about":[{"href":"https:\/\/www.europesays.com\/fr\/wp-json\/wp\/v2\/types\/post"}],"author":[{"embeddable":true,"href":"https:\/\/www.europesays.com\/fr\/wp-json\/wp\/v2\/users\/2"}],"replies":[{"embeddable":true,"href":"https:\/\/www.europesays.com\/fr\/wp-json\/wp\/v2\/comments?post=213316"}],"version-history":[{"count":0,"href":"https:\/\/www.europesays.com\/fr\/wp-json\/wp\/v2\/posts\/213316\/revisions"}],"wp:featuredmedia":[{"embeddable":true,"href":"https:\/\/www.europesays.com\/fr\/wp-json\/wp\/v2\/media\/213317"}],"wp:attachment":[{"href":"https:\/\/www.europesays.com\/fr\/wp-json\/wp\/v2\/media?parent=213316"}],"wp:term":[{"taxonomy":"category","embeddable":true,"href":"https:\/\/www.europesays.com\/fr\/wp-json\/wp\/v2\/categories?post=213316"},{"taxonomy":"post_tag","embeddable":true,"href":"https:\/\/www.europesays.com\/fr\/wp-json\/wp\/v2\/tags?post=213316"}],"curies":[{"name":"wp","href":"https:\/\/api.w.org\/{rel}","templated":true}]}}