{"id":213334,"date":"2025-06-29T13:05:18","date_gmt":"2025-06-29T13:05:18","guid":{"rendered":"https:\/\/www.europesays.com\/fr\/213334\/"},"modified":"2025-06-29T13:05:18","modified_gmt":"2025-06-29T13:05:18","slug":"la-canicule-sintensifie-la-quasi-totalite-de-la-france-assommee-par-la-chaleur-2","status":"publish","type":"post","link":"https:\/\/www.europesays.com\/fr\/213334\/","title":{"rendered":"La canicule s\u2019intensifie, la quasi-totalit\u00e9 de la France assomm\u00e9e par la chaleur"},"content":{"rendered":"<p class=\"latino-300b text-grey-800\">\n<p>  Par\u00a0<br \/>\nLe Nouvel Obs avec AFP          <\/p>\n<p class=\"latino-300r text-grey-600\">\n      Publi\u00e9 le<\/p>\n<p>    29 juin 2025 \u00e0 8h42<\/p>\n<p>      <img fetchpriority=\"high\" decoding=\"async\" class=\"mx-auto\" src=\"data:image\/svg+xml,%3Csvg%20xmlns%3D%27http%3A%2F%2Fwww.w3.org%2F2000%2Fsvg%27%20fill%3D%22%23e4e4e4%22%20viewBox%3D%270%200%20510%20340%27%20width%3D%22510%22%20height%3D%22340%22%3E%3Cpath%20d%3D%27M0%200h510v340H0z%27%2F%3E%3C%2Fsvg%3E\"  loading=\"eager\" width=\"510\" height=\"340\" data-oncrawl-image-size=\"510x340\" alt=\"A Dijon, le 20\u00a0juin 2025.\"\/>      <\/p>\n<p class=\"latino-100m text-grey-600\">\n            A Dijon, le 20\u00a0juin 2025.\u00a0SABRINA DOLIDZE\/SIPA        <\/p>\n<p>    Lire\u00a0plus\u00a0tard  <\/p>\n<p><a aria-label=\"Nous suivre sur Google News\" href=\"https:\/\/news.google.com\/publications\/CAAqBwgKMJe4nQkw3dFs?hl=fr&amp;gl=FR&amp;ceid=FR%3Afr\" target=\"_blank\" data-piano=\"Page_Article,Sous_date_publi,Nous_suivre_sur_google_news,1er_clic,action\" class=\"btn btn--small btn--tertiary btn--icon-only\" rel=\"nofollow noopener\"><\/p>\n<p>      Google Actualit\u00e9s<br \/>\n  <\/a><\/p>\n<p>  Partager<\/p>\n<p>        Facebook<\/p>\n<p>        Bluesky<\/p>\n<p>        E-mail<\/p>\n<p>        Copier le lien<\/p>\n<p>      Envoyer<\/p>\n<p>  S\u2019abonner<\/p>\n<p>    Temps de lecture\u00a0:\u00a02\u00a0min.<\/p>\n<p class=\"node__paragraphe antonia-750r text-grey-800 pb-24 pb-md-30\">\nL\u2019<a href=\"https:\/\/www.nouvelobs.com\/ecologie\/20250628.OBS105399\/dome-de-chaleur-38-c-attendus-ce-samedi-vigilance-orange-dans-14-departements-la-canicule-s-etend-dans-le-sud-de-la-france-avant-le-reste-du-pays.html\" rel=\"nofollow noopener\" target=\"_blank\">\u00e9pisode de canicule<\/a> va encore gagner en intensit\u00e9 ce dimanche 29\u00a0juin en France, o\u00f9 73 d\u00e9partements ont \u00e9t\u00e9 plac\u00e9s en vigilance orange, plongeant presque tout le pays <a href=\"https:\/\/www.nouvelobs.com\/ecologie\/20230822.OBS77167\/canicule-le-calvaire-de-ceux-qui-vivent-sous-les-toits-on-dort-par-terre-ou-avec-des-pains-de-glace.html\" rel=\"nofollow noopener\" target=\"_blank\">dans une chaleur \u00e9touffante<\/a>, au moins jusqu\u2019en milieu de semaine prochaine, alors que l\u2019\u00e9t\u00e9 d\u00e9bute \u00e0 peine.<\/p>\n<p class=\"latino-500b text-grey-600 pb-16\">A lire aussi<\/p>\n<p><a href=\"https:\/\/www.nouvelobs.com\/billet\/20250627.OBS105367\/canicule-cette-insecurite-qui-menace-les-francais-mais-n-interesse-pas-les-politiques.html\" data-article-key=\"20250627.OBS105367\" class=\"link--box flex-grow-1\" data-piano=\"Page_Article,Lire_aussi,,Lien1,navigation\" rel=\"nofollow noopener\" target=\"_blank\"><\/p>\n<p>                <img decoding=\"async\" src=\"data:image\/svg+xml,%3Csvg%20xmlns%3D%27http%3A%2F%2Fwww.w3.org%2F2000%2Fsvg%27%20fill%3D%22%23e4e4e4%22%20viewBox%3D%270%200%20120%2080%27%20width%3D%22120%22%20height%3D%2280%22%3E%3Cpath%20d%3D%27M0%200h120v80H0z%27%2F%3E%3C%2Fsvg%3E\"  width=\"120\" height=\"80\" loading=\"lazy\" alt=\"Lors d\u2019un \u00e9pisode de canicule pr\u00e9coce sur un chantier \u00e0 Nantes.\"\/><\/p>\n<p class=\"latino-300r latino-lg-600m text-grey-800\">\n                      <strong class=\"latino-300b latino-lg-600m text-grey-500\">Billet\u00a0<\/strong><br \/>\n                    Canicule\u00a0: cette ins\u00e9curit\u00e9 qui menace les Fran\u00e7ais mais n\u2019int\u00e9resse pas les politiques        <\/p>\n<p><\/a><\/p>\n<p class=\"node__paragraphe antonia-750r text-grey-800 pb-24 pb-md-30\">\nLa quasi-totalit\u00e9 de l\u2019Hexagone est concern\u00e9e par un \u00ab\u00a0\u00e9pisode caniculaire intense\u00a0\u00bb qui a d\u00e9but\u00e9 vendredi, \u00e0 l\u2019exception des Hautes-Alpes, de la Corse-du-Sud et d\u2019une bande allant du Finist\u00e8re \u00e0 la Moselle, a indiqu\u00e9 M\u00e9t\u00e9o-France.<\/p>\n<p class=\"node__paragraphe antonia-750r text-grey-800 pb-24 pb-md-30\">\nIl faudra s\u2019attendre ce dimanche \u00e0 des \u00ab\u00a0temp\u00e9ratures maximales affichant souvent entre 35 et 38\u00a0\u00b0C sur le sud du pays\u00a0\u00bb avec des pointes \u00e0 40\u00a0\u00b0C sur le Midi m\u00e9diterran\u00e9en. Trente-deux degr\u00e9s Celsius sont pr\u00e9vus \u00e0 Paris et seuls les bords de Manche compteront des temp\u00e9ratures inf\u00e9rieures \u00e0 30\u00a0\u00b0C, selon les m\u00e9t\u00e9orologues.<\/p>\n<p>Pic caniculaire \u00ab\u00a0autour de mardi ou mercredi\u00a0\u00bb<\/p>\n<p class=\"node__paragraphe antonia-750r text-grey-800 pb-24 pb-md-30\">\n\u00ab\u00a0La canicule se poursuivra en d\u00e9but de semaine de prochaine, avec des temp\u00e9ratures encore en hausse, except\u00e9 sur le pourtour m\u00e9diterran\u00e9en o\u00f9 elles seront stationnaires\u00a0\u00bb, a ajout\u00e9 M\u00e9t\u00e9o-France, qui pr\u00e9voit que le pic de l\u2019\u00e9pisode caniculaire (lors duquel des maximales de 39\u00a0\u00b0C \u00e0 40\u00a0\u00b0C seront \u00ab\u00a0assez fr\u00e9quentes\u00a0\u00bb) survienne \u00ab\u00a0autour de mardi ou mercredi selon les r\u00e9gions\u00a0\u00bb. Les 73 d\u00e9partements en vigilance orange ce dimanche le seront aussi lundi, a annonc\u00e9 M\u00e9t\u00e9o-France dans son bulletin de 6\u00a0heures.<\/p>\n<p class=\"node__paragraphe antonia-750r text-grey-800 pb-24 pb-md-30\">\nA Tours, o\u00f9 des maximales comprises entre 36\u00a0\u00b0C et 38\u00a0\u00b0C sont attendues jusqu\u2019en milieu de semaine, toutes les \u00e9coles fermeront lundi et mardi apr\u00e8s-midi pour \u00ab\u00a0prot\u00e9ger les enfants et les personnels\u00a0\u00bb et la municipalit\u00e9 \u00ab\u00a0recommande fortement aux parents de garder leurs enfants \u00e0 la maison\u00a0\u00bb lors des deux prochains jours. En Vend\u00e9e, o\u00f9 doit se tenir la course en ligne masculine des championnats de France de cyclisme aux Herbiers, les organisateurs ont annonc\u00e9 r\u00e9duire l\u2019\u00e9preuve d\u2019un tour de circuit, soit 16,5\u00a0km.<\/p>\n<p class=\"latino-500b text-grey-600 pb-16\">A lire aussi<\/p>\n<p><a href=\"https:\/\/www.nouvelobs.com\/ecologie\/20230601.OBS73972\/on-a-change-de-referentiel-les-vagues-de-chaleur-plus-precoces-et-plus-intenses-a-cause-du-rechauffement-climatique.html\" data-article-key=\"20230601.OBS73972\" class=\"link--box flex-grow-1\" data-piano=\"Page_Article,Lire_aussi,,Lien2,navigation\" rel=\"nofollow noopener\" target=\"_blank\"><\/p>\n<p>                <img decoding=\"async\" src=\"data:image\/svg+xml,%3Csvg%20xmlns%3D%27http%3A%2F%2Fwww.w3.org%2F2000%2Fsvg%27%20fill%3D%22%23e4e4e4%22%20viewBox%3D%270%200%20120%2080%27%20width%3D%22120%22%20height%3D%2280%22%3E%3Cpath%20d%3D%27M0%200h120v80H0z%27%2F%3E%3C%2Fsvg%3E\"  width=\"120\" height=\"80\" loading=\"lazy\" alt=\"Une femme en train de boire de l\u2019eau, \u00e0 Cours-la-Ville (Rh\u00f4ne), le 16\u00a0juillet 2022.\"\/><\/p>\n<p class=\"latino-300r latino-lg-600m text-grey-800\">\n                      <strong class=\"latino-300b latino-lg-600m text-grey-500\">D\u00e9cryptage\u00a0<\/strong><br \/>\n                    \u00ab\u00a0On a chang\u00e9 de r\u00e9f\u00e9rentiel\u00a0\u00bb\u00a0: les vagues de chaleur plus pr\u00e9coces et plus intenses \u00e0 cause du r\u00e9chauffement climatique        <\/p>\n<p><\/a><\/p>\n<p class=\"node__paragraphe antonia-750r text-grey-800 pb-24 pb-md-30\">\nCette 50e vague de chaleur nationale depuis 1947, la 33e du XXIe\u00a0si\u00e8cle, cons\u00e9quence du r\u00e9chauffement climatique qui augmente <a href=\"https:\/\/www.nouvelobs.com\/ecologie\/20220614.OBS59672\/plus-frequentes-et-plus-intenses-le-nombre-de-canicules-pourrait-etre-multiplie-par-deux-d-ici-2050.html\" rel=\"nofollow noopener\" target=\"_blank\">l\u2019intensit\u00e9 et la fr\u00e9quence des canicules<\/a>, qui frappe la France depuis le 19\u00a0juin, touche aussi durement la biodiversit\u00e9.<\/p>\n<p class=\"node__paragraphe antonia-750r text-grey-800 pb-24 pb-md-30\">\n\u00ab\u00a0Avec cette chaleur suffocante, la temp\u00e9rature peut d\u00e9passer 40 degr\u00e9s dans certains nids\u00a0\u00bb, s\u2019est alarm\u00e9 le pr\u00e9sident de la Ligue pour la protection des oiseaux (LPO) Allain Bougrain-Dubourg aupr\u00e8s de l\u2019AFP. \u00ab\u00a0On r\u00e9cup\u00e8re partout des oiseaux en difficult\u00e9, nos sept centres de soins sont satur\u00e9s.\u00a0\u00bb<\/p>\n<p>D\u00f4me de chaleur<\/p>\n<p class=\"node__paragraphe antonia-750r text-grey-800 pb-24 pb-md-30\">\nCe dimanche vers 5\u00a0heures, les temp\u00e9ratures encore sup\u00e9rieures \u00e0 20\u00a0\u00b0C se r\u00e9v\u00e9laient \u00ab\u00a0fr\u00e9quentes sur la moiti\u00e9 sud du Pays\u00a0\u00bb, avec 25\u00a0\u00b0C entre Mont\u00e9limar et Arles, et jusqu\u2019\u00e0 30\u00a0\u00b0C du c\u00f4t\u00e9 de Leucate dans l\u2019Aude, selon M\u00e9t\u00e9o-France, qui relevait \u00e9galement 20\u00a0\u00b0C \u00e0 Paris.<\/p>\n<p class=\"node__paragraphe antonia-750r text-grey-800 pb-24 pb-md-30\">\nCette vague de chaleur concerne tout le sud de l\u2019Europe, avec 17 villes d\u2019Italie plac\u00e9es en alerte rouge (niveau 3), dont Milan et Turin. Au Portugal, les deux tiers du pays sont en alerte orange dimanche, avec 42\u00a0\u00b0C pr\u00e9vus \u00e0 Lisbonne et un risque maximal d\u2019incendie. En Espagne, les temp\u00e9ratures ont d\u00e9j\u00e0 d\u00e9pass\u00e9 40\u00a0\u00b0C samedi \u00e0 S\u00e9ville et dans une large partie du pays.<\/p>\n<p class=\"latino-500b text-grey-600 pb-16\">A lire aussi<\/p>\n<p><a href=\"https:\/\/www.nouvelobs.com\/ecologie\/20220803.OBS61624\/a-chaque-canicule-on-vit-un-confinement-bis-a-aubervilliers-le-calvaire-de-la-chaleur.html\" data-article-key=\"20220803.OBS61624\" class=\"link--box flex-grow-1\" data-piano=\"Page_Article,Lire_aussi,,Lien3,navigation\" rel=\"nofollow noopener\" target=\"_blank\"><\/p>\n<p>                <img decoding=\"async\" src=\"data:image\/svg+xml,%3Csvg%20xmlns%3D%27http%3A%2F%2Fwww.w3.org%2F2000%2Fsvg%27%20fill%3D%22%23e4e4e4%22%20viewBox%3D%270%200%20120%2080%27%20width%3D%22120%22%20height%3D%2280%22%3E%3Cpath%20d%3D%27M0%200h120v80H0z%27%2F%3E%3C%2Fsvg%3E\"  width=\"120\" height=\"80\" loading=\"lazy\" alt=\"Les habitants des cit\u00e9s d\u2019Aubervilliers, ici la cit\u00e9 L\u00e9opold-R\u00e9chossi\u00e8re, cherchent la fra\u00eecheur. \"\/><\/p>\n<p class=\"latino-300r latino-lg-600m text-grey-800\">\n                      <strong class=\"latino-300b latino-lg-600m text-grey-500\">Reportage\u00a0<\/strong><br \/>\n                    \u00ab\u00a0A chaque canicule, on vit un confinement bis\u00a0\u00bb\u00a0: \u00e0 Aubervilliers, le calvaire de la chaleur        <\/p>\n<p><\/a><\/p>\n<p class=\"node__paragraphe antonia-750r text-grey-800 pb-24 pb-md-30\">\nEn France, le num\u00e9ro vert canicule, qui permet d\u2019obtenir des conseils \u00ab\u00a0pour se prot\u00e9ger et prot\u00e9ger son entourage\u00a0\u00bb, a \u00e9t\u00e9 r\u00e9activ\u00e9 d\u00e8s samedi matin. La cause de <a href=\"https:\/\/www.nouvelobs.com\/sciences\/20250622.OBS105178\/canicule-pourquoi-edf-alerte-sur-de-possibles-baisses-de-production-d-electricite-dans-le-parc-nucleaire.html\" rel=\"nofollow noopener\" target=\"_blank\">ce nouveau pic<\/a> est un d\u00f4me de chaleur\u00a0: un large et puissant anticyclone forme une sorte de couvercle qui vient bloquer l\u2019air en basses couches, emp\u00eachant l\u2019entr\u00e9e de perturbations, tout en le r\u00e9chauffant progressivement.<\/p>\n<p class=\"node__paragraphe antonia-750r text-grey-800 pb-24 pb-md-30\">\nDans tout le pays, mairies et pr\u00e9fectures multiplient les recommandations et mises en garde\u00a0: les personnes les plus vuln\u00e9rables sont appel\u00e9es r\u00e9guli\u00e8rement, des distributions d\u2019eau sont organis\u00e9es\u2026 A Orl\u00e9ans, l\u2019acc\u00e8s \u00e0 certains mus\u00e9es climatis\u00e9s est gratuit, d\u2019apr\u00e8s la municipalit\u00e9, qui a \u00e9galement annonc\u00e9 l\u2019ouverture tardive de ses parcs et jardins.<\/p>\n<p class=\"latino-600m text-grey-800\">\n<p>  Par\u00a0<br \/>\nLe Nouvel Obs avec AFP    <\/p>\n","protected":false},"excerpt":{"rendered":"Par\u00a0 Le Nouvel Obs avec AFP Publi\u00e9 le 29 juin 2025 \u00e0 8h42 A Dijon, le 20\u00a0juin 2025.\u00a0SABRINA&hellip;\n","protected":false},"author":2,"featured_media":213335,"comment_status":"","ping_status":"","sticky":false,"template":"","format":"standard","meta":{"footnotes":""},"categories":[1888],"tags":[17,1111,1928,11,1927,35317,6698,13208,32636,1777,674,1011,27,35316,2487,12,1926,626,1925,35086,25,35087],"class_list":{"0":"post-213334","1":"post","2":"type-post","3":"status-publish","4":"format-standard","5":"has-post-thumbnail","7":"category-paris","8":"tag-17","9":"tag-actu","10":"tag-actu-paris","11":"tag-actualites","12":"tag-actualites-paris","13":"tag-assommee","14":"tag-canicule","15":"tag-chaleur","16":"tag-ecoloobs","17":"tag-eu","18":"tag-europe","19":"tag-fr","20":"tag-france","21":"tag-intensifie","22":"tag-meteo","23":"tag-news","24":"tag-news-paris","25":"tag-paris","26":"tag-paris-news","27":"tag-quasi","28":"tag-republique-francaise","29":"tag-totalite"},"share_on_mastodon":{"url":"https:\/\/pubeurope.com\/@fr\/114766802274392269","error":""},"_links":{"self":[{"href":"https:\/\/www.europesays.com\/fr\/wp-json\/wp\/v2\/posts\/213334","targetHints":{"allow":["GET"]}}],"collection":[{"href":"https:\/\/www.europesays.com\/fr\/wp-json\/wp\/v2\/posts"}],"about":[{"href":"https:\/\/www.europesays.com\/fr\/wp-json\/wp\/v2\/types\/post"}],"author":[{"embeddable":true,"href":"https:\/\/www.europesays.com\/fr\/wp-json\/wp\/v2\/users\/2"}],"replies":[{"embeddable":true,"href":"https:\/\/www.europesays.com\/fr\/wp-json\/wp\/v2\/comments?post=213334"}],"version-history":[{"count":0,"href":"https:\/\/www.europesays.com\/fr\/wp-json\/wp\/v2\/posts\/213334\/revisions"}],"wp:featuredmedia":[{"embeddable":true,"href":"https:\/\/www.europesays.com\/fr\/wp-json\/wp\/v2\/media\/213335"}],"wp:attachment":[{"href":"https:\/\/www.europesays.com\/fr\/wp-json\/wp\/v2\/media?parent=213334"}],"wp:term":[{"taxonomy":"category","embeddable":true,"href":"https:\/\/www.europesays.com\/fr\/wp-json\/wp\/v2\/categories?post=213334"},{"taxonomy":"post_tag","embeddable":true,"href":"https:\/\/www.europesays.com\/fr\/wp-json\/wp\/v2\/tags?post=213334"}],"curies":[{"name":"wp","href":"https:\/\/api.w.org\/{rel}","templated":true}]}}