{"id":213336,"date":"2025-06-29T13:06:18","date_gmt":"2025-06-29T13:06:18","guid":{"rendered":"https:\/\/www.europesays.com\/fr\/213336\/"},"modified":"2025-06-29T13:06:18","modified_gmt":"2025-06-29T13:06:18","slug":"riot-le-fils-de-rihanna-et-asap-rocky-fait-deja-sensation-au-premier-rang-dun-defile-a-la-fashion-week-de-paris-photos","status":"publish","type":"post","link":"https:\/\/www.europesays.com\/fr\/213336\/","title":{"rendered":"Riot, le fils de Rihanna et ASAP Rocky, fait d\u00e9j\u00e0 sensation au premier rang d&rsquo;un d\u00e9fil\u00e9 \u00e0 la Fashion Week de Paris (photos)"},"content":{"rendered":"<p class=\"ap-StoryElement ap-StoryElement--mb js-paywall-target ap-StoryText\">C&rsquo;est avec son fils Riot dans les bras que Rihanna a fait son arriv\u00e9e au Temple de l&rsquo;\u00c9toile, \u00e9glise protestante du 17e arrondissement de Paris, o\u00f9 se tenait le deuxi\u00e8me d\u00e9fil\u00e9 d&rsquo;ASAP Rocky pour AWGE. En chemise ray\u00e9e, minijupe et talons hauts, son sac \u00e0 main \u00ab\u00a0Dracula\u00a0\u00bb \u00e0 la main, la star de 37 ans \u2013 qui attend son troisi\u00e8me enfant \u2013 s&rsquo;est bien s\u00fbr install\u00e9e en \u00ab\u00a0front row\u00a0\u00bb pour d\u00e9couvrir la nouvelle collection imagin\u00e9e par sa moiti\u00e9.<\/p>\n<p><img loading=\"lazy\" decoding=\"async\" class=\"w-full lazyload lazyload--opacity\" style=\"aspect-ratio:66 \/ 100;opacity:1\" alt=\"Rihanna (enceinte) avec son fils Riot au d\u00e9fil\u00e9 AWGE de son partenaire ASAP Rocky, \u00e0 la Fashion Week de Paris, le 27 juin 2025.\" width=\"768\" height=\"1166\" fetchpriority=\"auto\" src=\"https:\/\/www.europesays.com\/fr\/wp-content\/uploads\/2025\/04\/1743933249_335_S5VKD3X55FFF3BW6V4SEHXNP7I.png\"  data- data-optimumx=\"1\"\/>Rihanna (enceinte) avec son fils Riot au d\u00e9fil\u00e9 AWGE de son partenaire ASAP Rocky, \u00e0 la Fashion Week de Paris, le 27 juin 2025. \u00a9Backgrid USA \/ Bestimge<img loading=\"lazy\" decoding=\"async\" class=\"w-full lazyload lazyload--opacity\" style=\"aspect-ratio:66 \/ 100;opacity:1\" alt=\"Rihanna (enceinte) avec son fils Riot au d\u00e9fil\u00e9 AWGE de son partenaire ASAP Rocky, \u00e0 la Fashion Week de Paris, le 27 juin 2025.\" width=\"768\" height=\"1156\" fetchpriority=\"auto\" src=\"https:\/\/www.europesays.com\/fr\/wp-content\/uploads\/2025\/04\/1743933249_335_S5VKD3X55FFF3BW6V4SEHXNP7I.png\"  data- data-optimumx=\"1\"\/>Rihanna (enceinte) avec son fils Riot au d\u00e9fil\u00e9 AWGE de son partenaire ASAP Rocky, \u00e0 la Fashion Week de Paris, le 27 juin 2025. \u00a9BestimgeRiot, 2 ans, parfait h\u00e9ritier mode de ses parents<\/p>\n<p class=\"ap-StoryElement ap-StoryElement--mb ap-StoryText\">De son c\u00f4t\u00e9, le jeune Riot, bient\u00f4t 2 ans, a laiss\u00e9 voir un look d\u00e9j\u00e0 pointu, avec son mini-perfecto Harley Davidson, son pantalon \u00e0 poches violet et ses petites Vans. Alors qu&rsquo;il d\u00e9filait \u00e0 son tour sur le podium pour saluer ses invit\u00e9s, ASAP Rocky s&rsquo;est arr\u00eat\u00e9 au niveau de sa compagne pour saisir son petit gar\u00e7on dans les bras. C&rsquo;est ensemble que p\u00e8re et fils ont cl\u00f4tur\u00e9 le d\u00e9fil\u00e9 dans la joie. La petite famille s&rsquo;est ensuite reform\u00e9e en coulisses, pour quelques photos. Manquait \u00e0 l&rsquo;appel le fils a\u00een\u00e9 du couple, RZA, 3 ans.<\/p>\n<p class=\"ap-StoryElement ap-StoryElement--mb ap-StoryText\">Riot couch\u00e9 \u00e0 l&rsquo;h\u00f4tel, Rihanna et ASAP Rocky ont poursuivi leur journ\u00e9e parisienne bien remplie en passant la soir\u00e9e \u00e0 L&rsquo;Arc, bo\u00eete de nuit chic du 16e arrondissement donnant sur l&rsquo;Arc de Triomphe. Main dans la main avec son compagnon, Riri a laiss\u00e9 voir un troisi\u00e8me look audacieux : une robe longue noire \u00e0 d\u00e9coupes laissant voit son ventre rond.<\/p>\n<p><a href=\"https:\/\/www.parismatch.be\/culture\/cinema\/2025\/06\/28\/la-folie-des-schtroumfs-sest-emparee-de-bruxelles-ce-samedi-avec-une-rihanna-qui-sest-fait-longuement-desirer-3DGPA4GEXZAQFPBQCMLFX273TU\/\" target=\"_blank\" rel=\"noopener noreferrer\" class=\"ap-StoryInterstitialLink ap-StoryElement ap-StoryElement--mb\">La folie des Schtroumfs s&rsquo;est empar\u00e9e de Bruxelles ce samedi avec une Rihanna qui s&rsquo;est fait longuement d\u00e9sirer<\/a><\/p>\n<p class=\"ap-StoryElement ap-StoryElement--mb ap-StoryText\">La chanteuse, styliste et entrepreneure beaut\u00e9 a r\u00e9v\u00e9l\u00e9 sa troisi\u00e8me grossesse d\u00e9but mai \u00e0 New York, lors du prestigieux Met Gala. La fondatrice de Fenty Beauty avait alors laiss\u00e9 voir son \u00ab\u00a0baby bump\u00a0\u00bb dans sa tenue Marc Jacobs, non loin d&rsquo;ASAP Rocky, co-pr\u00e9sident de cette \u00e9dition 2025. Le couple s&rsquo;est ensuite illustr\u00e9 trois semaines plus tard <a href=\"https:\/\/www.parismatch.be\/actualites\/people\/2025\/05\/20\/rihanna-electrise-le-tapis-rouge-du-festival-de-cannes-au-bras-daap-rocky-X3N42UNRL5HLZKNG5IHP2VSH24\/\" target=\"_self\" rel=\"noopener\">lors de la 78e \u00e9dition du Festival de Cannes<\/a>, \u00e0 l&rsquo;occasion de la projection du film de Spike Lee Highest 2 Lowest.<\/p>\n<p><a href=\"https:\/\/www.parismatch.be\/actualites\/people\/2025\/06\/27\/voici-ou-sejournera-rihanna-a-bruxelles-et-elle-a-opte-pour-un-etablissement-de-grand-luxe-4JXLZWGNMZB2FPSDOK7VXCMAIA\/\" target=\"_blank\" rel=\"noopener noreferrer\" class=\"ap-StoryInterstitialLink ap-StoryElement ap-StoryElement--mb\">Voici o\u00f9 s\u00e9journera Rihanna \u00e0 Bruxelles et elle a opt\u00e9 pour un \u00e9tablissement de grand luxe<\/a><\/p>\n","protected":false},"excerpt":{"rendered":"C&rsquo;est avec son fils Riot dans les bras que Rihanna a fait son arriv\u00e9e au Temple de l&rsquo;\u00c9toile,&hellip;\n","protected":false},"author":2,"featured_media":213337,"comment_status":"","ping_status":"","sticky":false,"template":"","format":"standard","meta":{"footnotes":""},"categories":[1888],"tags":[1111,1928,11,1927,23386,16694,847,1777,674,992,1011,27,12,1926,626,1925,25,5418,35318],"class_list":{"0":"post-213336","1":"post","2":"type-post","3":"status-publish","4":"format-standard","5":"has-post-thumbnail","7":"category-paris","8":"tag-actu","9":"tag-actu-paris","10":"tag-actualites","11":"tag-actualites-paris","12":"tag-asap-rocky","13":"tag-defile","14":"tag-enfant","15":"tag-eu","16":"tag-europe","17":"tag-fashion-week","18":"tag-fr","19":"tag-france","20":"tag-news","21":"tag-news-paris","22":"tag-paris","23":"tag-paris-news","24":"tag-republique-francaise","25":"tag-rihanna","26":"tag-riot"},"share_on_mastodon":{"url":"https:\/\/pubeurope.com\/@fr\/114766806237285226","error":""},"_links":{"self":[{"href":"https:\/\/www.europesays.com\/fr\/wp-json\/wp\/v2\/posts\/213336","targetHints":{"allow":["GET"]}}],"collection":[{"href":"https:\/\/www.europesays.com\/fr\/wp-json\/wp\/v2\/posts"}],"about":[{"href":"https:\/\/www.europesays.com\/fr\/wp-json\/wp\/v2\/types\/post"}],"author":[{"embeddable":true,"href":"https:\/\/www.europesays.com\/fr\/wp-json\/wp\/v2\/users\/2"}],"replies":[{"embeddable":true,"href":"https:\/\/www.europesays.com\/fr\/wp-json\/wp\/v2\/comments?post=213336"}],"version-history":[{"count":0,"href":"https:\/\/www.europesays.com\/fr\/wp-json\/wp\/v2\/posts\/213336\/revisions"}],"wp:featuredmedia":[{"embeddable":true,"href":"https:\/\/www.europesays.com\/fr\/wp-json\/wp\/v2\/media\/213337"}],"wp:attachment":[{"href":"https:\/\/www.europesays.com\/fr\/wp-json\/wp\/v2\/media?parent=213336"}],"wp:term":[{"taxonomy":"category","embeddable":true,"href":"https:\/\/www.europesays.com\/fr\/wp-json\/wp\/v2\/categories?post=213336"},{"taxonomy":"post_tag","embeddable":true,"href":"https:\/\/www.europesays.com\/fr\/wp-json\/wp\/v2\/tags?post=213336"}],"curies":[{"name":"wp","href":"https:\/\/api.w.org\/{rel}","templated":true}]}}