{"id":213338,"date":"2025-06-29T13:07:08","date_gmt":"2025-06-29T13:07:08","guid":{"rendered":"https:\/\/www.europesays.com\/fr\/213338\/"},"modified":"2025-06-29T13:07:08","modified_gmt":"2025-06-29T13:07:08","slug":"municipales-a-paris-comment-le-parti-socialiste-sest-pris-au-piege-dune-primaire-a-rallonge","status":"publish","type":"post","link":"https:\/\/www.europesays.com\/fr\/213338\/","title":{"rendered":"Municipales \u00e0 Paris\u00a0: comment le Parti socialiste s\u2019est pris au pi\u00e8ge d\u2019une primaire \u00e0 rallonge"},"content":{"rendered":"<p class=\"paragraph text_align_left lp-f-body-02\">Dans une campagne encore parsem\u00e9e d\u2019incertitudes, c\u2019est une inconnue de taille qui s\u2019appr\u00eate \u00e0 \u00eatre lev\u00e9e ce lundi 30 juin au soir (ou mardi en cas de second tour). Apr\u00e8s une <a href=\"https:\/\/www.leparisien.fr\/paris-75\/municipales-2026-a-paris-une-primaire-unique-pour-la-gauche-gare-au-pari-risque-20-01-2025-7PG6EI2ZHVHYXKCUX75UE276NA.php\" target=\"_blank\" rel=\"noreferrer nofollow noopener\">primaire interne \u00e0 rallonge<\/a>, les socialistes parisiens sauront \u2013 enfin \u2013 quel candidat sera d\u00e9sign\u00e9 pour reprendre le flambeau de la maire (PS) de Paris, <a href=\"https:\/\/www.leparisien.fr\/politique\/anne-hidalgo\/\" target=\"_blank\" rel=\"noreferrer nofollow noopener\">Anne Hidalgo<\/a>, en vue des<a href=\"https:\/\/www.leparisien.fr\/elections\/municipales\/municipales-paris\/\" target=\"_blank\" rel=\"noreferrer nofollow noopener\"> \u00e9lections municipales de 2026<\/a>.<\/p>\n","protected":false},"excerpt":{"rendered":"Dans une campagne encore parsem\u00e9e d\u2019incertitudes, c\u2019est une inconnue de taille qui s\u2019appr\u00eate \u00e0 \u00eatre lev\u00e9e ce lundi&hellip;\n","protected":false},"author":2,"featured_media":213339,"comment_status":"","ping_status":"","sticky":false,"template":"","format":"standard","meta":{"footnotes":""},"categories":[1888],"tags":[11,5949,1777,674,1011,27,3554,12,626,316,25],"class_list":{"0":"post-213338","1":"post","2":"type-post","3":"status-publish","4":"format-standard","5":"has-post-thumbnail","7":"category-paris","8":"tag-actualites","9":"tag-elections","10":"tag-eu","11":"tag-europe","12":"tag-fr","13":"tag-france","14":"tag-municipales","15":"tag-news","16":"tag-paris","17":"tag-politique","18":"tag-republique-francaise"},"share_on_mastodon":{"url":"https:\/\/pubeurope.com\/@fr\/114766809978352676","error":""},"_links":{"self":[{"href":"https:\/\/www.europesays.com\/fr\/wp-json\/wp\/v2\/posts\/213338","targetHints":{"allow":["GET"]}}],"collection":[{"href":"https:\/\/www.europesays.com\/fr\/wp-json\/wp\/v2\/posts"}],"about":[{"href":"https:\/\/www.europesays.com\/fr\/wp-json\/wp\/v2\/types\/post"}],"author":[{"embeddable":true,"href":"https:\/\/www.europesays.com\/fr\/wp-json\/wp\/v2\/users\/2"}],"replies":[{"embeddable":true,"href":"https:\/\/www.europesays.com\/fr\/wp-json\/wp\/v2\/comments?post=213338"}],"version-history":[{"count":0,"href":"https:\/\/www.europesays.com\/fr\/wp-json\/wp\/v2\/posts\/213338\/revisions"}],"wp:featuredmedia":[{"embeddable":true,"href":"https:\/\/www.europesays.com\/fr\/wp-json\/wp\/v2\/media\/213339"}],"wp:attachment":[{"href":"https:\/\/www.europesays.com\/fr\/wp-json\/wp\/v2\/media?parent=213338"}],"wp:term":[{"taxonomy":"category","embeddable":true,"href":"https:\/\/www.europesays.com\/fr\/wp-json\/wp\/v2\/categories?post=213338"},{"taxonomy":"post_tag","embeddable":true,"href":"https:\/\/www.europesays.com\/fr\/wp-json\/wp\/v2\/tags?post=213338"}],"curies":[{"name":"wp","href":"https:\/\/api.w.org\/{rel}","templated":true}]}}