{"id":213351,"date":"2025-06-29T13:14:11","date_gmt":"2025-06-29T13:14:11","guid":{"rendered":"https:\/\/www.europesays.com\/fr\/213351\/"},"modified":"2025-06-29T13:14:11","modified_gmt":"2025-06-29T13:14:11","slug":"la-canicule-sintensifie-dans-le-sud-de-leurope","status":"publish","type":"post","link":"https:\/\/www.europesays.com\/fr\/213351\/","title":{"rendered":"La canicule s&rsquo;intensifie dans le sud de l&rsquo;Europe"},"content":{"rendered":"<p>Des pics de 43 degr\u00e9s sont attendus dans certaines zones du sud de l&rsquo;Espagne et du Portugal, et presque toute la France souffre d&rsquo;une chaleur \u00e9touffante pr\u00e9vue pour durer encore plusieurs jours.<\/p>\n<p>Samedi d\u00e9j\u00e0, l&rsquo;Espagne avait enregistr\u00e9 un record, restant \u00e0 confirmer, depuis le d\u00e9but des relev\u00e9s, avec 46\u00b0C \u00e0 Granado, en Andalousie (sud-ouest). Le pr\u00e9c\u00e9dent sommet \u00e9tait de 45,2\u00b0C \u00e0 S\u00e9ville en juin 1965. <\/p>\n<p>Record dans l&rsquo;eau aussi: la M\u00e9diterrann\u00e9e d\u00e9passe les 26\u00b0C dans les Bal\u00e9ares, un seuil \u00ab\u00a0typique de la mi-ao\u00fbt\u00a0\u00bb, selon l&rsquo;agence nationale de m\u00e9t\u00e9orologie Aemet.<\/p>\n<p>En Italie, 21 villes \u00e9taient en alerte maximale dimanche pour chaleur extr\u00eame, notamment Milan, Naples, Venise, Florence et Rome, o\u00f9 des ambulances stationnent pr\u00e8s des sites touristiques. Visite annul\u00e9e du Colis\u00e9e, donc, pour la touriste britannique Anna Becker et sa m\u00e8re&#8230;<\/p>\n<p><img alt=\"A B\u00e9ziers, le 28 juin 2025\" loading=\"lazy\" decoding=\"async\" data-nimg=\"fill\" class=\" TwicCore_img__i9TC1 undefined  undefined\" style=\"position:absolute;height:100%;width:100%;left:0;top:0;right:0;bottom:0;color:transparent;background-size:cover;background-position:50% 50%;background-repeat:no-repeat;background-image:url(&quot;data:image\/svg+xml;charset=utf-8,%3Csvg xmlns='http:\/\/www.w3.org\/2000\/svg' %3E%3Cfilter id='b' color-interpolation-filters='sRGB'%3E%3CfeGaussianBlur stdDeviation='20'\/%3E%3CfeColorMatrix values='1 0 0 0 0 0 1 0 0 0 0 0 1 0 0 0 0 0 100 -1' result='s'\/%3E%3CfeFlood x='0' y='0' width='100%25' height='100%25'\/%3E%3CfeComposite operator='out' in='s'\/%3E%3CfeComposite in2='SourceGraphic'\/%3E%3CfeGaussianBlur stdDeviation='20'\/%3E%3C\/filter%3E%3Cimage width='100%25' height='100%25' x='0' y='0' preserveAspectRatio='none' style='filter: url(%23b);' href='https:\/\/pictures.laprovence.com\/cdn-cgi\/image\/blur=250\/media\/afp\/b3e2c25fd67813ba06926d1f66a60c411daea5d0.jpg'\/%3E%3C\/svg%3E&quot;)\"   src=\"https:\/\/www.europesays.com\/fr\/wp-content\/uploads\/2025\/06\/b3e2c25fd67813ba06926d1f66a60c411daea5d0.jpg\"\/>A B\u00e9ziers, le 28 juin 2025 PHOTO AFP \/ GABRIEL BOUYS<\/p>\n<p>Les services d&rsquo;urgence des h\u00f4pitaux italiens ont fait \u00e9tat d&rsquo;une hausse de 10% des cas de coups de chaleur, selon Mario Guarino, vice-pr\u00e9sident de la Soci\u00e9t\u00e9 italienne de m\u00e9decine d&rsquo;urgence, \u00ab\u00a0principalement dans les villes qui, non seulement enregistrent des temp\u00e9ratures tr\u00e8s \u00e9lev\u00e9es, mais aussi un taux d&rsquo;humidit\u00e9 plus important\u00a0\u00bb. <\/p>\n<p>Principales victimes: \u00ab\u00a0les personnes \u00e2g\u00e9es, les patients atteints de cancer ou les sans-abri souffrant de d\u00e9shydratation, de coups de chaleur, de fatigue,\u00a0\u00bb a-t-il d\u00e9clar\u00e9 \u00e0 l&rsquo;AFP.<\/p>\n<p>Certains h\u00f4pitaux, comme l&rsquo;Ospedale dei Colli \u00e0 Naples, ont m\u00eame mis en place des parcours d\u00e9di\u00e9s aux coups de chaleur pour acc\u00e9l\u00e9rer l&rsquo;acc\u00e8s aux traitements essentiels comme l&rsquo;immersion en eau froide, a-t-il ajout\u00e9.<\/p>\n<p>A Venise, visites guid\u00e9es gratuites pour les plus de 75 ans dans les mus\u00e9es climatis\u00e9s et les b\u00e2timents publics et \u00e0 Rome gratuit\u00e9 des piscines pour les plus de 70 ans.<\/p>\n<p>En Italie encore, des \u00ab\u00a0refuges climatiques\u00a0\u00bb ont \u00e9t\u00e9 install\u00e9s \u00e0 Bologne et des d\u00e9shumidificateurs distribu\u00e9s aux n\u00e9cessiteux \u00e0 Anc\u00f4ne. <\/p>\n<p>\u00ab\u00a0Les vagues de chaleur dans la r\u00e9gion m\u00e9diterran\u00e9enne sont devenues plus fr\u00e9quentes et plus intenses ces derni\u00e8res ann\u00e9es, avec des pics atteignant 37 degr\u00e9s ou m\u00eame plus dans les villes, o\u00f9 l&rsquo;effet d&rsquo;\u00eelot de chaleur urbain augmente encore les temp\u00e9ratures,\u00a0\u00bb rel\u00e8ve Emanuel Piervitali, chercheur \u00e0 l&rsquo;Institut italien pour la protection et la recherche environnementales (ISPRA).<\/p>\n<p>Selon les scientifiques, les canicules \u00e0 r\u00e9p\u00e9tition sont un marqueur sans \u00e9quivoque du r\u00e9chauffement de la plan\u00e8te et ces vagues de chaleur sont appel\u00e9es \u00e0 encore se multiplier, s&rsquo;allonger et s&rsquo;intensifier.<\/p>\n<p>Selon le Giec, le groupe d&rsquo;experts mandat\u00e9 par l&rsquo;ONU sur le climat, il est \u00ab\u00a0quasi certain\u00a0\u00bb que la fr\u00e9quence et l&rsquo;intensit\u00e9 des chaleurs extr\u00eames et la dur\u00e9e des canicules ont augment\u00e9 depuis 1950 et vont continuer \u00e0 augmenter avec le r\u00e9chauffement.<\/p>\n<p>Pic \u00ab\u00a0autour de mardi ou mercredi\u00a0\u00bb en France<\/p>\n<p>Au Portugal, plusieurs zones de la moiti\u00e9 sud du pays, y compris la capitale Lisbonne, sont en  alerte rouge jusqu&rsquo;\u00e0 lundi soir en raison de \u00ab\u00a0valeurs de temp\u00e9rature maximale extr\u00eamement \u00e9lev\u00e9es persistantes\u00a0\u00bb, selon l&rsquo;Institut portugais de la mer et de l&rsquo;atmosph\u00e8re (IPMA). Le risque d&rsquo;incendie est \u00e9galement maximal, comme en Sicile o\u00f9 les pompiers en ont combattu 15 samedi.<\/p>\n<p>La France n&rsquo;est pas \u00e9pargn\u00e9e par l&rsquo;\u00e9pisode caniculaire qui a d\u00e9but\u00e9 vendredi. Sur les 95 d\u00e9partements que compte le pays, 73 d\u00e9partements ont \u00e9t\u00e9 plac\u00e9s en vigilance orange et des pointes \u00e0 40\u00b0C sont attendues dans le sud m\u00e9diterran\u00e9en. <\/p>\n<p>Seuls les bords de la Manche (nord) enregisteront des marques inf\u00e9rieures \u00e0 30\u00b0C, selon les m\u00e9t\u00e9orologues.<\/p>\n<p>Mais M\u00e9t\u00e9o-France a d\u00e9j\u00e0 pr\u00e9venu que les temp\u00e9ratures seront encore en hausse lundi, except\u00e9 sur le pourtour m\u00e9diterran\u00e9en o\u00f9 elles seront stationnaires. Le pic, lors duquel des maximales de 39\u00b0C \u00e0 40\u00b0C seront \u00ab\u00a0assez fr\u00e9quentes\u00a0\u00bb, serait atteint \u00ab\u00a0autour de mardi ou mercredi selon les r\u00e9gions\u00a0\u00bb.<\/p>\n<p>Entre autres cons\u00e9quences, certaines \u00e9coles pourront \u00eatre ferm\u00e9es temporairement lundi et une plage de Bretagne est interdite en raison du d\u00e9passement de seuil du gaz toxique d\u00fb aux algues vertes \u00e9chou\u00e9es en putr\u00e9faction. <\/p>\n<p>Quant \u00e0 la bio-diversit\u00e9, \u00ab\u00a0avec cette chaleur \u00e9touffante, la temp\u00e9rature peut d\u00e9passer 40 degr\u00e9s dans certains nids. Nous recueillons des oiseaux en difficult\u00e9 partout. Nos sept centres de soin sont satur\u00e9s\u00a0\u00bb, s&rsquo;alarme aupr\u00e8s de l&rsquo;AFP Allain Bougrain-Dubourg, pr\u00e9sident de la Ligue pour la protection des oiseaux (LPO).<\/p>\n","protected":false},"excerpt":{"rendered":"Des pics de 43 degr\u00e9s sont attendus dans certaines zones du sud de l&rsquo;Espagne et du Portugal, et&hellip;\n","protected":false},"author":2,"featured_media":213352,"comment_status":"","ping_status":"","sticky":false,"template":"","format":"standard","meta":{"footnotes":""},"categories":[1586],"tags":[17,11,6698,1446,1777,674,1011,27,329,1808,12,25,35320,7053],"class_list":{"0":"post-213351","1":"post","2":"type-post","3":"status-publish","4":"format-standard","5":"has-post-thumbnail","7":"category-europe","8":"tag-17","9":"tag-actualites","10":"tag-canicule","11":"tag-dans","12":"tag-eu","13":"tag-europe","14":"tag-fr","15":"tag-france","16":"tag-france-monde","17":"tag-leurope","18":"tag-news","19":"tag-republique-francaise","20":"tag-sintensifie","21":"tag-sud"},"share_on_mastodon":{"url":"https:\/\/pubeurope.com\/@fr\/114766837565929532","error":""},"_links":{"self":[{"href":"https:\/\/www.europesays.com\/fr\/wp-json\/wp\/v2\/posts\/213351","targetHints":{"allow":["GET"]}}],"collection":[{"href":"https:\/\/www.europesays.com\/fr\/wp-json\/wp\/v2\/posts"}],"about":[{"href":"https:\/\/www.europesays.com\/fr\/wp-json\/wp\/v2\/types\/post"}],"author":[{"embeddable":true,"href":"https:\/\/www.europesays.com\/fr\/wp-json\/wp\/v2\/users\/2"}],"replies":[{"embeddable":true,"href":"https:\/\/www.europesays.com\/fr\/wp-json\/wp\/v2\/comments?post=213351"}],"version-history":[{"count":0,"href":"https:\/\/www.europesays.com\/fr\/wp-json\/wp\/v2\/posts\/213351\/revisions"}],"wp:featuredmedia":[{"embeddable":true,"href":"https:\/\/www.europesays.com\/fr\/wp-json\/wp\/v2\/media\/213352"}],"wp:attachment":[{"href":"https:\/\/www.europesays.com\/fr\/wp-json\/wp\/v2\/media?parent=213351"}],"wp:term":[{"taxonomy":"category","embeddable":true,"href":"https:\/\/www.europesays.com\/fr\/wp-json\/wp\/v2\/categories?post=213351"},{"taxonomy":"post_tag","embeddable":true,"href":"https:\/\/www.europesays.com\/fr\/wp-json\/wp\/v2\/tags?post=213351"}],"curies":[{"name":"wp","href":"https:\/\/api.w.org\/{rel}","templated":true}]}}