{"id":213355,"date":"2025-06-29T13:16:12","date_gmt":"2025-06-29T13:16:12","guid":{"rendered":"https:\/\/www.europesays.com\/fr\/213355\/"},"modified":"2025-06-29T13:16:12","modified_gmt":"2025-06-29T13:16:12","slug":"inter-miami-face-a-lehpad-miami-de-messi-suarez-et-busquets-un-match-special-mais-peinard-pour-paris","status":"publish","type":"post","link":"https:\/\/www.europesays.com\/fr\/213355\/","title":{"rendered":"Inter Miami\u00a0: Face \u00e0 l\u2019Ehpad Miami de Messi, Suarez et Busquets, un match \u00ab\u00a0sp\u00e9cial\u00a0\u00bb mais peinard pour Paris\u00a0?"},"content":{"rendered":"<p>A une autre \u00e9poque, on en aurait fait des caisses sur les vieux d\u00e9mons, la symbolique pour le <a href=\"https:\/\/www.20minutes.fr\/sport\/psg\/\" target=\"_blank\" class=\"color-ultramarine c-link\" rel=\"nofollow noopener\">PSG <\/a>de retrouver quatre des bourreaux de la <a href=\"https:\/\/www.20minutes.fr\/sport\/football\/2027387-20170308-direct-barcelone-psg-compos-tombees-alors-remontada\" target=\"_blank\" class=\"color-ultramarine c-link\" rel=\"nofollow noopener\">plus grande humiliation de son histoire<\/a>, tout \u00e7a. Mais \u00e7a, c\u2019\u00e9tait avant. Le club parisien est aujourd\u2019hui champion d\u2019Europe en titre, alors c\u2019est \u00e0 peine s\u2019il pr\u00eate attention au camp d\u2019en face avant son 8e de finale de la Coupe du monde des clubs ce dimanche face \u00e0 l\u2019Inter Miami de Lionel Messi, Luis Suarez, Sergio Busquets et Jordi Alba.<\/p>\n<p>La colonie de vieilles gloires du <a href=\"https:\/\/www.20minutes.fr\/sport\/fc_barcelone\/\" target=\"_blank\" class=\"color-ultramarine c-link\" rel=\"nofollow noopener\">FC Barcelone<\/a> venue en pr\u00e9-retraite sous le soleil floridien a quelques beaux restes, bien s\u00fbr, mais n\u2019est pas en mesure de faire peur \u00e0 ce PSG version Luis Enrique, qui f\u00fbt leur entra\u00eeneur en Catalogne.<\/p>\n<p>Suarez sur une jambe, Messi d\u00e9sinhib\u00e9<\/p>\n<p>\u00ab\u00a0Ce sera un match diff\u00e9rent, sp\u00e9cial, c\u2019est beau de revoir ces joueurs, ce sont des amis, a comment\u00e9 <a href=\"https:\/\/www.20minutes.fr\/dossier\/luis_enrique\" target=\"_blank\" class=\"color-ultramarine c-link\" rel=\"nofollow noopener\">Lucho <\/a>en conf\u00e9rence de presse, samedi. Ce sera sp\u00e9cial avant et apr\u00e8s le match, mais on est professionnels, on sait qu\u2019on doit rester concentr\u00e9s et bien se pr\u00e9parer.\u00a0\u00bb<\/p>\n<p>Sur le papier, on ne voit pas bien comment les joueurs de la franchise MLS pourraient r\u00e9sister longtemps aux circuits de passes, au volume de courses et \u00e0 l\u2019intensit\u00e9 de chaque instant des Parisiens. Busquets (36 ans) par exemple, s\u2019il n\u2019a pas perdu sa technique et sa vista devant la d\u00e9fense, \u00e9volue le plus souvent en marchant et n\u2019a plus du tout la m\u00eame influence sur la construction du jeu.<\/p>\n<p><a href=\"https:\/\/www.20minutes.fr\/sport\/luis_suarez\/\" target=\"_blank\" class=\"color-ultramarine c-link\" rel=\"nofollow noopener\">Suarez <\/a>(38 ans), physique bedonnant et jambes lourdes, fait toujours parler sa science du but en MLS (34 r\u00e9alisations depuis d\u00e9cembre\u00a02023) mais trouve ses limites dans cette comp\u00e9tition internationale, m\u00eame s\u2019il a r\u00e9ussi \u00e0 trouver le chemin des filets contre Palmeiras (2-2).<\/p>\n<p class=\"mb-xxl@xs color-ultramarine font-weight-semi-bold@xs font-source-serif-pro heading-s@xs\">L\u2019acc\u00e8s \u00e0 ce contenu a \u00e9t\u00e9 bloqu\u00e9 afin de respecter votre choix de consentement<\/p>\n<p class=\"mb-m@xs text-l@xs\">En cliquant sur\u00ab J\u2019accepte \u00bb, vous acceptez le d\u00e9p\u00f4t de cookies par des services externes et aurez ainsi acc\u00e8s aux contenus de nos partenaires.<\/p>\n<p class=\"mb-xl@xs text-s@xs\">Plus d\u2019informations sur la page<a href=\"https:\/\/www.20minutes.fr\/gestion-cookies\" class=\"mx-xxs@xs color-ultramarine\" rel=\"nofollow noopener\" target=\"_blank\">Politique de gestion des cookies<\/a><\/p>\n<p>J\u2019accepte<\/p>\n<p>Engag\u00e9 jusqu\u2019\u00e0 la fin de la saison avec Miami, l\u2019Uruguayen avait ainsi confi\u00e9 en\u00a02023 \u00eatre sujet \u00e0 de violentes douleurs au genou. \u00ab\u00a0La veille de chaque match, je prends trois comprim\u00e9s et quelques heures avant, les m\u00e9decins me font des injections, sinon je ne peux pas jouer. C\u2019est pour \u00e7a que je boite\u00a0\u00bb, avait-il d\u00e9clar\u00e9 \u00e0 une radio de son pays.<\/p>\n<p>Reste le cas <a href=\"https:\/\/www.20minutes.fr\/sport\/lionel_messi\/\" target=\"_blank\" class=\"color-ultramarine c-link\" rel=\"nofollow noopener\">Leo Messi<\/a>. L\u2019Argentin, d\u2019un coup franc soyeux d\u00e9pos\u00e9 en pleine lucarne contre Porto (2-1) au premier tour, a inscrit son 50e but sous ses couleurs actuelles. Son pied gauche reste un r\u00e9gal, son volume de jeu un peu moins. Surtout, avec l\u2019\u00e2ge, Messi semble avoir pris go\u00fbt aux embrouilles, avec l\u2019arbitre ou ses adversaires.<\/p>\n<p><a href=\"https:\/\/www.20minutes.fr\/sport\/football\/coupe-monde-clubs\/\" target=\"_blank\" class=\"c-link c-btn c-btn--primary\" rel=\"nofollow noopener\">Notre dossier sur la Coupe du monde des clubs<\/a><\/p>\n<p>Ce Messi d\u00e9sinhib\u00e9 n\u2019a \u00e9galement pas manqu\u00e9 une occasion depuis son d\u00e9part de Paris de dire <a href=\"https:\/\/www.20minutes.fr\/sport\/football\/4049345-20230818-football-venir-psg-si-souhaite-ni-prevu-messi-eclate-miami-contrairement-paris\" target=\"_blank\" class=\"color-ultramarine c-link\" rel=\"nofollow noopener\">\u00e0 quel point il avait \u00e9t\u00e9 malheureux<\/a> pendant ses deux saisons en France. A tel point que son entra\u00eeneur Javier Mascherano (autre ancien du Bar\u00e7a) n\u2019a pas h\u00e9sit\u00e9 \u00e0 parler dans la semaine de \u00ab\u00a0col\u00e8re\u00a0\u00bb et de ranc\u0153ur de la part de l\u2019Argentin, qui vont lui servir de motivation pour taper son ancienne \u00e9quipe. On ne peut qu\u2019admirer le talent de la Pulga, mais l\u00e0 franchement on est bien curieux de voir \u00e7a.<\/p>\n","protected":false},"excerpt":{"rendered":"A une autre \u00e9poque, on en aurait fait des caisses sur les vieux d\u00e9mons, la symbolique pour le&hellip;\n","protected":false},"author":2,"featured_media":213356,"comment_status":"","ping_status":"","sticky":false,"template":"","format":"standard","meta":{"footnotes":""},"categories":[2],"tags":[11,31402,63,1011,27,16747,921,33946,12,2332,25,517],"class_list":{"0":"post-213355","1":"post","2":"type-post","3":"status-publish","4":"format-standard","5":"has-post-thumbnail","7":"category-actualites","8":"tag-actualites","9":"tag-coupe-du-monde-des-clubs-2025","10":"tag-football","11":"tag-fr","12":"tag-france","13":"tag-lionel-messi","14":"tag-luis-enrique","15":"tag-luis-suarez","16":"tag-news","17":"tag-paris-saint-germain-psg","18":"tag-republique-francaise","19":"tag-sport"},"share_on_mastodon":{"url":"https:\/\/pubeurope.com\/@fr\/114766845341209638","error":""},"_links":{"self":[{"href":"https:\/\/www.europesays.com\/fr\/wp-json\/wp\/v2\/posts\/213355","targetHints":{"allow":["GET"]}}],"collection":[{"href":"https:\/\/www.europesays.com\/fr\/wp-json\/wp\/v2\/posts"}],"about":[{"href":"https:\/\/www.europesays.com\/fr\/wp-json\/wp\/v2\/types\/post"}],"author":[{"embeddable":true,"href":"https:\/\/www.europesays.com\/fr\/wp-json\/wp\/v2\/users\/2"}],"replies":[{"embeddable":true,"href":"https:\/\/www.europesays.com\/fr\/wp-json\/wp\/v2\/comments?post=213355"}],"version-history":[{"count":0,"href":"https:\/\/www.europesays.com\/fr\/wp-json\/wp\/v2\/posts\/213355\/revisions"}],"wp:featuredmedia":[{"embeddable":true,"href":"https:\/\/www.europesays.com\/fr\/wp-json\/wp\/v2\/media\/213356"}],"wp:attachment":[{"href":"https:\/\/www.europesays.com\/fr\/wp-json\/wp\/v2\/media?parent=213355"}],"wp:term":[{"taxonomy":"category","embeddable":true,"href":"https:\/\/www.europesays.com\/fr\/wp-json\/wp\/v2\/categories?post=213355"},{"taxonomy":"post_tag","embeddable":true,"href":"https:\/\/www.europesays.com\/fr\/wp-json\/wp\/v2\/tags?post=213355"}],"curies":[{"name":"wp","href":"https:\/\/api.w.org\/{rel}","templated":true}]}}